{"id":1177362,"date":"2026-07-19T06:15:36","date_gmt":"2026-07-19T06:15:36","guid":{"rendered":"https:\/\/www.europesays.com\/de\/1177362\/"},"modified":"2026-07-19T06:15:36","modified_gmt":"2026-07-19T06:15:36","slug":"foerderung-der-mint-bildung","status":"publish","type":"post","link":"https:\/\/www.europesays.com\/de\/1177362\/","title":{"rendered":"F\u00f6rderung der MINT-Bildung"},"content":{"rendered":"<p>Stadt Frankenthal und KSB Stiftung schlie\u00dfen eine Kooperation <\/p>\n<p class=\"text-justify\"><strong>Frankenthal. <\/strong>Die Stadt Frankenthal und die KSB Stiftung haben eine Kooperationsvereinbarung zur langfristigen St\u00e4rkung der MINT-Bildung (Mathematik, Informatik, Naturwissenschaften und Technik) in Frankenthal unterzeichnet, die \u00fcber mehrere Jahre F\u00f6rderungen durch die KSB Stiftung sicherstellt.<\/p>\n<p class=\"text-justify\">Ziel der Vereinbarung ist es, die gesamte Bildungskette \u2013 von der Kindertagesst\u00e4tte \u00fcber die Schulen bis hin zum \u00dcbergang in Ausbildung oder Studium \u2013 systematisch zu st\u00e4rken und junge Menschen fr\u00fchzeitig f\u00fcr MINT-Themen zu begeistern. Die Kooperation b\u00fcndelt Ma\u00dfnahmen in den Bereichen MINT-Fr\u00fchf\u00f6rderung in Kitas, schulische MINT-F\u00f6rderung, au\u00dferschulische Lernorte sowie Netzwerk- und \u00d6ffentlichkeitsarbeit.<\/p>\n<p class=\"text-justify\">Die Umsetzung erfolgt \u00fcber konkrete Projektvereinbarungen. Eine gemeinsame Steuerungsrunde koordiniert Schwerpunkte, Inhalte und Ressourcen. Die Kooperationsvereinbarung selbst schafft dabei den strategischen Rahmen und begr\u00fcndet keine unmittelbaren Zahlungs- oder Leistungsanspr\u00fcche.<\/p>\n<p class=\"text-justify\">Vor dem Hintergrund des wachsenden Fachkr\u00e4ftebedarfs in MINT-Berufen leistet die Partnerschaft einen wichtigen Beitrag zur Zukunftssicherung des Bildungs- und Wirtschaftsstandorts Frankenthal. Durch die Verbindung kommunaler Bildungsstrukturen mit der fachlichen und f\u00f6rdernden Expertise der KSB Stiftung sollen zus\u00e4tzliche und qualitativ hochwertige Bildungsangebote entstehen, die allein aus kommunalen Mitteln in dieser Breite kaum realisierbar w\u00e4ren.<\/p>\n<p class=\"text-justify\">\u201eMit dieser Kooperation investieren wir gezielt in die Zukunft unserer Kinder und Jugendlichen. MINT-Bildung ist ein entscheidender Schl\u00fcssel f\u00fcr Bildungschancen, Innovationsf\u00e4higkeit und die langfristige Entwicklung unseres Wirtschaftsstandorts\u201c, so Oberb\u00fcrgermeister Dr. Nicolas Meyer.<\/p>\n<p class=\"text-justify\">\u00a0\u201eDie F\u00f6rderung von MINT-Bildung ist ein zentraler Bestandteil unseres gesellschaftlichen Engagements. Gemeinsam mit der Stadt Frankenthal m\u00f6chten wir junge Menschen fr\u00fchzeitig f\u00fcr Technik und Naturwissenschaften begeistern und nachhaltige Bildungsimpulse setzen\u201c, freut sich Gerhard Bugla, Vorsitzender des Vorstands der KSB Stiftung.<\/p>\n<p class=\"text-justify\">Die Partnerschaft st\u00e4rkt zugleich die Vernetzung von Bildung, Wirtschaft und Zivilgesellschaft und positioniert Frankenthal als attraktiven Standort f\u00fcr Bildung und Fachkr\u00e4fteentwicklung.<\/p>\n<p class=\"text-justify\">Text und Foto: Stadt Frankenthal<\/p>\n","protected":false},"excerpt":{"rendered":"Stadt Frankenthal und KSB Stiftung schlie\u00dfen eine Kooperation Frankenthal. Die Stadt Frankenthal und die KSB Stiftung haben eine&hellip;\n","protected":false},"author":2,"featured_media":1177363,"comment_status":"","ping_status":"","sticky":false,"template":"","format":"standard","meta":{"footnotes":"","_share_on_mastodon":"0"},"categories":[1845],"tags":[16222,17310,1634,17312,17302,17311,3364,29,17317,17309,548,663,3934,17313,30,13,17306,14835,7011,17304,2096,14,15,16935,17314,17316,17305,12,17315,17308,17303,17300,17301,17307,571,1986],"class_list":["post-1177362","post","type-post","status-publish","format-standard","has-post-thumbnail","category-mannheim","tag-dom","tag-altpoertel","tag-baden-wuerttemberg","tag-bistum-speyer","tag-brezelfest","tag-brezelkracher","tag-de","tag-deutschland","tag-dudenhofen","tag-eger","tag-eu","tag-europa","tag-europe","tag-evangelische-kirche-der-pfalz","tag-germany","tag-headlines","tag-historisches-museum","tag-hockenheim","tag-kirchen","tag-kurpfalz","tag-mannheim","tag-nachrichten","tag-news","tag-pfalz","tag-protestantische-landeskirche","tag-roemerberg","tag-salier","tag-schlagzeilen","tag-schwetzingen","tag-sealife","tag-speyer","tag-speyer-kurier","tag-tageszeitung","tag-technik-museum","tag-wochenzeitung","tag-zeitung"],"share_on_mastodon":{"url":"https:\/\/pubeurope.com\/@de\/116945179589564035","error":""},"_links":{"self":[{"href":"https:\/\/www.europesays.com\/de\/wp-json\/wp\/v2\/posts\/1177362","targetHints":{"allow":["GET"]}}],"collection":[{"href":"https:\/\/www.europesays.com\/de\/wp-json\/wp\/v2\/posts"}],"about":[{"href":"https:\/\/www.europesays.com\/de\/wp-json\/wp\/v2\/types\/post"}],"author":[{"embeddable":true,"href":"https:\/\/www.europesays.com\/de\/wp-json\/wp\/v2\/users\/2"}],"replies":[{"embeddable":true,"href":"https:\/\/www.europesays.com\/de\/wp-json\/wp\/v2\/comments?post=1177362"}],"version-history":[{"count":0,"href":"https:\/\/www.europesays.com\/de\/wp-json\/wp\/v2\/posts\/1177362\/revisions"}],"wp:featuredmedia":[{"embeddable":true,"href":"https:\/\/www.europesays.com\/de\/wp-json\/wp\/v2\/media\/1177363"}],"wp:attachment":[{"href":"https:\/\/www.europesays.com\/de\/wp-json\/wp\/v2\/media?parent=1177362"}],"wp:term":[{"taxonomy":"category","embeddable":true,"href":"https:\/\/www.europesays.com\/de\/wp-json\/wp\/v2\/categories?post=1177362"},{"taxonomy":"post_tag","embeddable":true,"href":"https:\/\/www.europesays.com\/de\/wp-json\/wp\/v2\/tags?post=1177362"}],"curies":[{"name":"wp","href":"https:\/\/api.w.org\/{rel}","templated":true}]}}