{"id":1177367,"date":"2026-07-19T06:19:16","date_gmt":"2026-07-19T06:19:16","guid":{"rendered":"https:\/\/www.europesays.com\/de\/1177367\/"},"modified":"2026-07-19T06:19:16","modified_gmt":"2026-07-19T06:19:16","slug":"zusammenstoss-auf-l793-bei-everswinkel-zwei-verletzte","status":"publish","type":"post","link":"https:\/\/www.europesays.com\/de\/1177367\/","title":{"rendered":"Zusammensto\u00df auf L793 bei Everswinkel: Zwei Verletzte"},"content":{"rendered":"<p>Zwei Menschen sind am Samstagmorgen bei einem Zusammensto\u00df von zwei Autos an der Einm\u00fcndung K3\/L793 bei Everswinkel schwer verletzt worden.<\/p>\n<p>Everswinkel (gl) &#8211; Am Samstag ist es in Everswinkel um 10.55 Uhr auf der Landesstra\u00dfe 793 zu einem Verkehrsunfall gekommen, bei dem zwei Personen schwer verletzt wurden.\u00a0<\/p>\n<p class=\"contextmenu caption\">Kollision beim Linksabbiegen<\/p>\n<p>Eine 71-j\u00e4hrige Frau aus Everswinkel fuhr mit ihrem Pkw auf der L793 in Richtung Freckenhorst und beabsichtigte, an der Zufahrt zur Kreisstra\u00dfe 3 nach links abzubiegen. Dabei missachtete sie den Vorrang eines 43-j\u00e4hrigen Warendorfers, der mit seinem Pkw auf der Landstra\u00dfe in Richtung M\u00fcnster unterwegs war.\u00a0<\/p>\n<p class=\"contextmenu caption\">Tr\u00fcmmerteile fliegen umher<\/p>\n<p>Bei dem Zusammensto\u00df der beiden Fahrzeuge wurden die Fahrzeugf\u00fchrer schwer verletzt. Sie wurden von Rettungskr\u00e4ften in Krankenh\u00e4user nach M\u00fcnster gebracht. Durch umherfliegende Fahrzeugteile wurde ein weiterer Pkw besch\u00e4digt. F\u00fcr die Dauer der Unfallaufnahme und die anschlie\u00dfende Fahrbahnreinigung war die Landstra\u00dfe 793 gesperrt. <\/p>\n<p>Im Einsatz waren laut Feuerwehr Everswinkel sechs Fahrzeuge der L\u00f6schz\u00fcge Everswinkel und Alverskirchen, Polizei, Rettungsdienst und die\u00a0\u201eFirst Responder\u201c.<\/p>\n<p>Texte und Fotos von die-glocke.de sind urheberrechtlich gesch\u00fctzt.<br \/>\n            Weiterverwendung nur mit Genehmigung der Chefredaktion.<\/p>\n","protected":false},"excerpt":{"rendered":"Zwei Menschen sind am Samstagmorgen bei einem Zusammensto\u00df von zwei Autos an der Einm\u00fcndung K3\/L793 bei Everswinkel schwer&hellip;\n","protected":false},"author":2,"featured_media":1177368,"comment_status":"","ping_status":"","sticky":false,"template":"","format":"standard","meta":{"footnotes":"","_share_on_mastodon":"0"},"categories":[1843],"tags":[3364,29,985,30,182944,246347,8970,1209,121,1284,48531,9426],"class_list":["post-1177367","post","type-post","status-publish","format-standard","has-post-thumbnail","category-muenster","tag-de","tag-deutschland","tag-feuerwehr","tag-germany","tag-k3","tag-l793","tag-muenster","tag-nordrhein-westfalen","tag-polizei","tag-unfall","tag-vorfahrt","tag-zusammenstoss"],"share_on_mastodon":{"url":"","error":""},"_links":{"self":[{"href":"https:\/\/www.europesays.com\/de\/wp-json\/wp\/v2\/posts\/1177367","targetHints":{"allow":["GET"]}}],"collection":[{"href":"https:\/\/www.europesays.com\/de\/wp-json\/wp\/v2\/posts"}],"about":[{"href":"https:\/\/www.europesays.com\/de\/wp-json\/wp\/v2\/types\/post"}],"author":[{"embeddable":true,"href":"https:\/\/www.europesays.com\/de\/wp-json\/wp\/v2\/users\/2"}],"replies":[{"embeddable":true,"href":"https:\/\/www.europesays.com\/de\/wp-json\/wp\/v2\/comments?post=1177367"}],"version-history":[{"count":0,"href":"https:\/\/www.europesays.com\/de\/wp-json\/wp\/v2\/posts\/1177367\/revisions"}],"wp:featuredmedia":[{"embeddable":true,"href":"https:\/\/www.europesays.com\/de\/wp-json\/wp\/v2\/media\/1177368"}],"wp:attachment":[{"href":"https:\/\/www.europesays.com\/de\/wp-json\/wp\/v2\/media?parent=1177367"}],"wp:term":[{"taxonomy":"category","embeddable":true,"href":"https:\/\/www.europesays.com\/de\/wp-json\/wp\/v2\/categories?post=1177367"},{"taxonomy":"post_tag","embeddable":true,"href":"https:\/\/www.europesays.com\/de\/wp-json\/wp\/v2\/tags?post=1177367"}],"curies":[{"name":"wp","href":"https:\/\/api.w.org\/{rel}","templated":true}]}}