{"id":1177373,"date":"2026-07-19T06:23:24","date_gmt":"2026-07-19T06:23:24","guid":{"rendered":"https:\/\/www.europesays.com\/de\/1177373\/"},"modified":"2026-07-19T06:23:24","modified_gmt":"2026-07-19T06:23:24","slug":"taeter-setzt-hoechstgeschwindigkeit-rauf-nw-de","status":"publish","type":"post","link":"https:\/\/www.europesays.com\/de\/1177373\/","title":{"rendered":"T\u00e4ter setzt H\u00f6chstgeschwindigkeit rauf | nw.de"},"content":{"rendered":"<p id=\"absatz1\" class=\"em_text\">Bielefeld (ots) &#8211; <br \/>FR \/ Bielefeld \/ Sieker &#8211; Ein unbekannter T\u00e4ter hat an der Detmolder Stra\u00dfe ein Stra\u00dfenschild mit einer falschen zul\u00e4ssigen H\u00f6chstgeschwindigkeit von 70 km\/h montiert. Kurz danach stand ein mobiler Blitzer der Stadt Bielefeld. Die Polizei sucht Zeugen.<\/p>\n<p id=\"absatz2\" class=\"em_text\">Gegen 05:55 Uhr meldete ein Verkehrsteilnehmer der Leitstelle der Polizei ein verd\u00e4chtiges 70er-Schild an der Detmolder Stra\u00dfe, in Fahrtrichtung Autobahn, im Bereich zwischen K\u00f6nigsbreede und Am Siebrassenhof. Dieses war kurz vor einem mobilen Blitzer der Stadt montiert worden, der auf die tats\u00e4chlich erlaubte H\u00f6chstgeschwindigkeit von 50 km\/h eingestellt war.<\/p>\n<p id=\"absatz4\" class=\"em_text\">Der Tatzeitraum kann aktuell zwischen 15:30 Uhr am Donnerstag, 16.07.2026, und 05:55 Uhr, am Freitag 17.07.2026, eingegrenzt werden.<\/p>\n<p id=\"absatz5\" class=\"em_text\">Die alarmierten Beamten entfernten das falsche Schild und stellten es sicher. Sie informierten die Stadt \u00fcber die Straftat, sodass entsprechende Geschwindigkeitsverst\u00f6\u00dfe im Kontext des falschen Schildes bewertet werden k\u00f6nnen. Sie schrieben Anzeigen wegen eines gef\u00e4hrlichen Eingriffs in den Stra\u00dfenverkehr und wegen Amtsanma\u00dfung gegen den unbekannten T\u00e4ter.<\/p>\n<p id=\"absatz6\" class=\"em_text\">Zeugen melden sich bitte mit Hinweisen zur Tat oder zu tatverd\u00e4chtigen Personen beim Verkehrskommissariat 2 unter der 0521\/545-0.<\/p>\n<p id=\"absatz7\" class=\"em_text\">Quelle: <a href=\"https:\/\/www.presseportal.de\/blaulicht\/pm\/12522\/6316659\" rel=\"nofollow noopener\" target=\"_blank\">https:\/\/www.presseportal.de\/blaulicht\/pm\/12522\/6316659<\/a> <\/p>\n","protected":false},"excerpt":{"rendered":"Bielefeld (ots) &#8211; FR \/ Bielefeld \/ Sieker &#8211; Ein unbekannter T\u00e4ter hat an der Detmolder Stra\u00dfe ein&hellip;\n","protected":false},"author":2,"featured_media":215667,"comment_status":"","ping_status":"","sticky":false,"template":"","format":"standard","meta":{"footnotes":"","_share_on_mastodon":"0"},"categories":[1841],"tags":[9147,1605,3364,209654,29,30,86778,1584,1209,176,121,20035,36153],"class_list":["post-1177373","post","type-post","status-publish","format-standard","has-post-thumbnail","category-bielefeld","tag-blitzer","tag-bielefeld","tag-de","tag-detmolder-strasse","tag-deutschland","tag-germany","tag-hoechstgeschwindigkeit","tag-kriminalitaet","tag-nordrhein-westfalen","tag-nrw","tag-polizei","tag-serie_polizeibericht","tag-strassenschild"],"share_on_mastodon":{"url":"https:\/\/pubeurope.com\/@de\/116945210896722063","error":""},"_links":{"self":[{"href":"https:\/\/www.europesays.com\/de\/wp-json\/wp\/v2\/posts\/1177373","targetHints":{"allow":["GET"]}}],"collection":[{"href":"https:\/\/www.europesays.com\/de\/wp-json\/wp\/v2\/posts"}],"about":[{"href":"https:\/\/www.europesays.com\/de\/wp-json\/wp\/v2\/types\/post"}],"author":[{"embeddable":true,"href":"https:\/\/www.europesays.com\/de\/wp-json\/wp\/v2\/users\/2"}],"replies":[{"embeddable":true,"href":"https:\/\/www.europesays.com\/de\/wp-json\/wp\/v2\/comments?post=1177373"}],"version-history":[{"count":0,"href":"https:\/\/www.europesays.com\/de\/wp-json\/wp\/v2\/posts\/1177373\/revisions"}],"wp:featuredmedia":[{"embeddable":true,"href":"https:\/\/www.europesays.com\/de\/wp-json\/wp\/v2\/media\/215667"}],"wp:attachment":[{"href":"https:\/\/www.europesays.com\/de\/wp-json\/wp\/v2\/media?parent=1177373"}],"wp:term":[{"taxonomy":"category","embeddable":true,"href":"https:\/\/www.europesays.com\/de\/wp-json\/wp\/v2\/categories?post=1177373"},{"taxonomy":"post_tag","embeddable":true,"href":"https:\/\/www.europesays.com\/de\/wp-json\/wp\/v2\/tags?post=1177373"}],"curies":[{"name":"wp","href":"https:\/\/api.w.org\/{rel}","templated":true}]}}