{"id":1177461,"date":"2026-07-19T07:23:18","date_gmt":"2026-07-19T07:23:18","guid":{"rendered":"https:\/\/www.europesays.com\/de\/1177461\/"},"modified":"2026-07-19T07:23:18","modified_gmt":"2026-07-19T07:23:18","slug":"stefanie-hertel-kritisiert-immer-wieder-sonntags-aus-was-stefan-mross-nicht-mehr-bieten-kann","status":"publish","type":"post","link":"https:\/\/www.europesays.com\/de\/1177461\/","title":{"rendered":"Stefanie Hertel kritisiert &#8222;Immer wieder sonntags&#8220;-Aus: Was Stefan Mross nicht mehr bieten kann"},"content":{"rendered":"<p>Die Tage sind gez\u00e4hlt \u2013 in nur wenigen Wochen verabschiedet sich &#8222;Immer wieder sonntags&#8220; f\u00fcr immer. <a href=\"https:\/\/www.abendzeitung-muenchen.de\/promis\/aus-fuer-immer-wieder-sonntags-sendung-mit-stefan-mross-wird-abgesetzt-art-1120087\" target=\"_blank\" rel=\"noopener nofollow\" title=\"Aus f\u00fcr &quot;Immer wieder sonntags&quot;: Sendung mit Stefan Mross wird abgesetzt\">Das beliebte ARD-Schlagerformat wird im September abgesetzt.<\/a> Moderator Stefan Mross war vom bevorstehenden Show-Aus zun\u00e4chst geschockt. <a href=\"https:\/\/www.abendzeitung-muenchen.de\/promis\/grosse-plaene-nach-immer-wieder-sonntags-aus-das-hat-stefan-mross-jetzt-vor-art-1143374\" target=\"_blank\" rel=\"noopener nofollow\" title=\"Gro\u00dfe Pl\u00e4ne nach &quot;Immer wieder sonntags&quot;-Aus: Was Stefan Mross jetzt vorhat\">Jetzt blickt er nach vorne und verr\u00e4t seine Pl\u00e4ne f\u00fcr die Zeit danach.<\/a> Auch Stefanie Hertel ist wenig begeistert von der Absetzung. Im Interview mit der AZ zeigt sich die Ex-Frau von Mross getroffen.<\/p>\n<p>Ex von Stefan Mross bedauert &#8222;Immer wieder sonntags&#8220;-Aus: &#8222;Wirklich schade&#8220;<\/p>\n<p>Seit vielen Jahren gilt Stefanie Hertel bei &#8222;Immer wieder sonntags&#8220; als gerngesehener Dauergast. Im vergangenen August \u00fcbernahm die 46-J\u00e4hrige sogar f\u00fcr eine Ausgabe die Moderation, <a href=\"https:\/\/www.abendzeitung-muenchen.de\/promis\/stefan-mross-und-stefanie-hertel-trauern-moderator-verliert-emotionale-worte-art-1079002\" target=\"_blank\" rel=\"noopener nofollow\" title=\"Stefan Mross und Stefanie Hertel trauern: Moderator verliert emotionale Worte\">nachdem Stefan Mross einen famili\u00e4ren Schicksalsschlag zu verkraften hatte<\/a>. Die im Chiemgau lebende S\u00e4ngerin und ihr Ex-Mann pflegen seit der Trennung im September 2011 und der darauffolgenden Scheidung ein freundschaftliches Verh\u00e4ltnis. &#8222;Es ist wirklich schade&#8220;, meint Hertel nun in Bezug auf das &#8222;Immer wieder sonntags&#8220;-Aus. &#8222;Denn die Sendung hinterl\u00e4sst eine gro\u00dfe L\u00fccke in der Fernsehlandschaft&#8220;, so die S\u00e4ngerin.<\/p>\n<p>Stefanie Hertel kritisiert Absetzung: &#8222;B\u00fchne f\u00fcr nachwachsende Talente verschwindet&#8220;<\/p>\n<p>Hertel sieht die Absetzung kritisch: &#8222;\u00dcber viele Jahre geh\u00f6rte &#8218;Immer wieder sonntags&#8216; f\u00fcr unz\u00e4hlige Familien einfach zum Sommer und zum Sonntagvormittag dazu.&#8220; Doch auch f\u00fcr die K\u00fcnstler, die im Rahmen der Sendung auftreten, erf\u00fcllt das Format offenbar einen bedeutenden Zweck. Die Show habe stets eine Plattform geboten \u2013 nicht nur f\u00fcr etablierte Musiker. &#8222;Besonders traurig finde ich, dass damit eine wichtige B\u00fchne f\u00fcr nachwachsende Talente verschwindet, die dort bisher die Chance auf erste Fernsehauftritte hatten&#8220;, meint Stefanie Hertel entt\u00e4uscht in der AZ. Diese TV-B\u00fchne kann Stefan Mross ab Herbst nicht mehr bieten. Die Volksmusik- und Schlager-S\u00e4ngerin betont: &#8222;Letztlich verlieren wir alle eine vertraute Musiksendung, die K\u00fcnstler und Publikum \u00fcber drei Jahrzehnte miteinander verbunden hat.&#8220;\u00a0<\/p>\n<p>     <img decoding=\"async\" loading=\"lazy\" src=\"https:\/\/www.europesays.com\/de\/wp-content\/uploads\/2026\/07\/1715221_stefan-mross-und-stefanie-hertel-immer-wieder-sonntags-2024-folge-07-stefan_artikelbild-75pr.jpeg\" alt=\"Stefanie Hertel war oft bei &quot;Immer wieder sonntags&quot; und ihrem Ex Stefan Mross zu Gast.\" title=\"Stefanie Hertel war oft bei &quot;Immer wieder sonntags&quot; und ihrem Ex Stefan Mross zu Gast.\" width=\"609\" height=\"406\"\/><\/p>\n<p>      Stefanie Hertel war oft bei &#8222;Immer wieder sonntags&#8220; und ihrem Ex Stefan Mross zu Gast.<br \/>\n      \u00a9 imago\/Bildagentur Monn<\/p>\n<p>    Stefanie Hertel war oft bei &#8222;Immer wieder sonntags&#8220; und ihrem Ex Stefan Mross zu Gast.<\/p>\n<p>von imago\/Bildagentur Monn <\/p>\n<p>&#8222;}&#8220;&gt; <\/p>\n<p>Vor &#8222;Immer wieder sonntags&#8220;-Aus: Stefanie Hertel gleich zweimal zu Gast<\/p>\n<p>Bevor &#8222;Immer wieder sonntags&#8220; vom Bildschirm verschwindet, wird Stefanie Hertel nochmals Gast sein. Gleich zweimal gibt die geb\u00fcrtige S\u00e4chsin ihrem Ex die Ehre. Sowohl am 2. August als auch am 6. September \u2013 in der finalen Live-Ausgabe \u2013 d\u00fcrfen sich die Fans auf einen Auftritt von Hertel freuen.<\/p>\n<p>Nat\u00fcrlich hat die beliebte S\u00e4ngerin im Sommer noch weitaus mehr auf dem Programm. Ende Juli steht Hertel in der WDR-Talkshow &#8222;K\u00f6lner Treff&#8220; Rede und Antwort. In den Wochen darauf wird sie bei mehreren Schlagerfesten auftreten.<\/p>\n<p>Wie ihr Ex-Mann arbeitet auch die 46-J\u00e4hrige als Moderatorin. Regelm\u00e4\u00dfig f\u00fchrt die Blondine f\u00fcr Sendungen wie &#8222;Wenn die Musi spielt&#8220; durch den Abend. Stefanie Hertel verr\u00e4t der AZ nun, dass sie sich vorstellen k\u00f6nnte, auch ein w\u00f6chentliches Format wie &#8222;Immer wieder sonntags&#8220; zu moderieren. &#8222;Wer w\u00fcrde so eine Chance nicht zumindest mit gro\u00dfer Freude pr\u00fcfen?&#8220;, so die Musikerin. &#8222;Ich genie\u00dfe den direkten Austausch mit den G\u00e4sten und dem Publikum. Wer mich kennt, wei\u00df, dass ich offen f\u00fcr Ideen bin, die ich spannend finde.&#8220;<\/p>\n<p>     <img decoding=\"async\" loading=\"lazy\" src=\"https:\/\/www.europesays.com\/de\/wp-content\/uploads\/2026\/07\/1715222_entertainment-themen-der-woche-kw34-entertainment-bilder-des-tages-immer-wi_artikelbild-75pr.jpeg\" alt=\"Auf der B\u00fchne ist Stefanie Hertel in ihrem Element.\" title=\"Auf der B\u00fchne ist Stefanie Hertel in ihrem Element.\" width=\"609\" height=\"406\"\/><\/p>\n<p>      Auf der B\u00fchne ist Stefanie Hertel in ihrem Element.<br \/>\n      \u00a9 imago\/Bildagentur Monn<\/p>\n<p>    Auf der B\u00fchne ist Stefanie Hertel in ihrem Element.<\/p>\n<p>von imago\/Bildagentur Monn <\/p>\n<p>&#8222;}&#8220;&gt; <\/p>\n<p>Vorerst wird es zu einem solchen TV-Engagement jedoch nicht kommen. Hertel meint: &#8222;Im Moment bin ich mit so vielen verschiedenen Projekten besch\u00e4ftigt, sodass ein w\u00f6chentliches Format in meinem Leben eher langfristig ein Thema sein k\u00f6nnte.&#8220; Man darf gespannt sein, welche M\u00f6glichkeiten sich f\u00fcr die 46-J\u00e4hrige k\u00fcnftig noch ergeben.<\/p>\n","protected":false},"excerpt":{"rendered":"Die Tage sind gez\u00e4hlt \u2013 in nur wenigen Wochen verabschiedet sich &#8222;Immer wieder sonntags&#8220; f\u00fcr immer. Das beliebte&hellip;\n","protected":false},"author":2,"featured_media":1177462,"comment_status":"","ping_status":"","sticky":false,"template":"","format":"standard","meta":{"footnotes":"","_share_on_mastodon":"0"},"categories":[1776],"tags":[23947,1801,29,214,62912,30,63942,2134,1802,2045,63941,69328,215],"class_list":["post-1177461","post","type-post","status-publish","format-standard","has-post-thumbnail","category-prominente","tag-abendzeitung","tag-celebrities","tag-deutschland","tag-entertainment","tag-ex-frau","tag-germany","tag-immer-wieder-sonntags","tag-interview","tag-prominente","tag-promis","tag-stefan-mross","tag-stefanie-hertel","tag-unterhaltung"],"share_on_mastodon":{"url":"https:\/\/pubeurope.com\/@de\/116945448335755910","error":""},"_links":{"self":[{"href":"https:\/\/www.europesays.com\/de\/wp-json\/wp\/v2\/posts\/1177461","targetHints":{"allow":["GET"]}}],"collection":[{"href":"https:\/\/www.europesays.com\/de\/wp-json\/wp\/v2\/posts"}],"about":[{"href":"https:\/\/www.europesays.com\/de\/wp-json\/wp\/v2\/types\/post"}],"author":[{"embeddable":true,"href":"https:\/\/www.europesays.com\/de\/wp-json\/wp\/v2\/users\/2"}],"replies":[{"embeddable":true,"href":"https:\/\/www.europesays.com\/de\/wp-json\/wp\/v2\/comments?post=1177461"}],"version-history":[{"count":0,"href":"https:\/\/www.europesays.com\/de\/wp-json\/wp\/v2\/posts\/1177461\/revisions"}],"wp:featuredmedia":[{"embeddable":true,"href":"https:\/\/www.europesays.com\/de\/wp-json\/wp\/v2\/media\/1177462"}],"wp:attachment":[{"href":"https:\/\/www.europesays.com\/de\/wp-json\/wp\/v2\/media?parent=1177461"}],"wp:term":[{"taxonomy":"category","embeddable":true,"href":"https:\/\/www.europesays.com\/de\/wp-json\/wp\/v2\/categories?post=1177461"},{"taxonomy":"post_tag","embeddable":true,"href":"https:\/\/www.europesays.com\/de\/wp-json\/wp\/v2\/tags?post=1177461"}],"curies":[{"name":"wp","href":"https:\/\/api.w.org\/{rel}","templated":true}]}}