{"id":1177524,"date":"2026-07-19T08:04:14","date_gmt":"2026-07-19T08:04:14","guid":{"rendered":"https:\/\/www.europesays.com\/de\/1177524\/"},"modified":"2026-07-19T08:04:14","modified_gmt":"2026-07-19T08:04:14","slug":"ukraine-groesster-russischer-angriff-mit-ballistischen-raketen-seit-kriegsbeginn","status":"publish","type":"post","link":"https:\/\/www.europesays.com\/de\/1177524\/","title":{"rendered":"Ukraine: Gr\u00f6\u00dfter russischer Angriff mit ballistischen Raketen seit Kriegsbeginn"},"content":{"rendered":"<p>Kiews Drohnentruppen: Moskau verlegt Einheiten von der Front<\/p>\n<p>Die ukrainischen Drohnentruppen haben nach eigenen Angaben 13 weitere russische Schiffe getroffen. Damit steige die Gesamtzahl der im Schwarzen Meer und dem benachbarten Asowschen Meer beschossenen Schiffe auf 172, teilte der Chef der Drohnentruppen, Robert Browdi, in sozialen Netzwerken mit. In der Nacht zum Samstag seien acht Frachter, ein Tanker, ein Gastransportschiff, ein Schlepper und zwei Schwimmkr\u00e4ne getroffen worden. Von unabh\u00e4ngiger Seite waren die Angaben nicht \u00fcberpr\u00fcfbar.<\/p>\n<p>Die Ukraine will mit den Gegenangriffen im russischen Angriffskrieg Moskaus milit\u00e4rische Logistik st\u00f6ren. Nach Darstellung Browdis f\u00fchrt die seit Wochen andauernde \u201eFlottenjagd\u201c auf russische Schiffe inzwischen dazu, dass Moskau seine Drohneneinheiten der sogenannten Rubikon-Truppen teils von der Front abziehe und verlagere, um so besser den Schiffsverkehr zu sch\u00fctzen. Das schw\u00e4che den Gegner an der Front, betonte er.\u00a0Er k\u00fcndigte an, die Operation gegen russische Schiffe an den verbleibenden Juli-Tagen und in der ersten Augusth\u00e4lfte fortzusetzen.<\/p>\n","protected":false},"excerpt":{"rendered":"Kiews Drohnentruppen: Moskau verlegt Einheiten von der Front Die ukrainischen Drohnentruppen haben nach eigenen Angaben 13 weitere russische&hellip;\n","protected":false},"author":2,"featured_media":1177525,"comment_status":"","ping_status":"","sticky":false,"template":"","format":"standard","meta":{"footnotes":"","_share_on_mastodon":"0"},"categories":[4012],"tags":[331,332,13,10977,14,15,12,317],"class_list":["post-1177524","post","type-post","status-publish","format-standard","has-post-thumbnail","category-ukraine","tag-aktuelle-nachrichten","tag-aktuelle-news","tag-headlines","tag-msc","tag-nachrichten","tag-news","tag-schlagzeilen","tag-ukraine"],"share_on_mastodon":{"url":"https:\/\/pubeurope.com\/@de\/116945608201038792","error":""},"_links":{"self":[{"href":"https:\/\/www.europesays.com\/de\/wp-json\/wp\/v2\/posts\/1177524","targetHints":{"allow":["GET"]}}],"collection":[{"href":"https:\/\/www.europesays.com\/de\/wp-json\/wp\/v2\/posts"}],"about":[{"href":"https:\/\/www.europesays.com\/de\/wp-json\/wp\/v2\/types\/post"}],"author":[{"embeddable":true,"href":"https:\/\/www.europesays.com\/de\/wp-json\/wp\/v2\/users\/2"}],"replies":[{"embeddable":true,"href":"https:\/\/www.europesays.com\/de\/wp-json\/wp\/v2\/comments?post=1177524"}],"version-history":[{"count":0,"href":"https:\/\/www.europesays.com\/de\/wp-json\/wp\/v2\/posts\/1177524\/revisions"}],"wp:featuredmedia":[{"embeddable":true,"href":"https:\/\/www.europesays.com\/de\/wp-json\/wp\/v2\/media\/1177525"}],"wp:attachment":[{"href":"https:\/\/www.europesays.com\/de\/wp-json\/wp\/v2\/media?parent=1177524"}],"wp:term":[{"taxonomy":"category","embeddable":true,"href":"https:\/\/www.europesays.com\/de\/wp-json\/wp\/v2\/categories?post=1177524"},{"taxonomy":"post_tag","embeddable":true,"href":"https:\/\/www.europesays.com\/de\/wp-json\/wp\/v2\/tags?post=1177524"}],"curies":[{"name":"wp","href":"https:\/\/api.w.org\/{rel}","templated":true}]}}