{"id":1177554,"date":"2026-07-19T08:28:18","date_gmt":"2026-07-19T08:28:18","guid":{"rendered":"https:\/\/www.europesays.com\/de\/1177554\/"},"modified":"2026-07-19T08:28:18","modified_gmt":"2026-07-19T08:28:18","slug":"dynamo-dresden-torwart-schreiber-durchlebt-horror-naechte-sport","status":"publish","type":"post","link":"https:\/\/www.europesays.com\/de\/1177554\/","title":{"rendered":"Dynamo Dresden: Torwart Schreiber durchlebt Horror-N\u00e4chte | Sport"},"content":{"rendered":"<p><a class=\"skip-content skip-content--link\" href=\"#in-content-skip-link-target-v-0-0\">TTS-Player \u00fcberspringen\u21b5<\/a><a id=\"in-content-skip-link-target-v-0-0\" class=\"skip-content--target-link-hidden skip-content skip-content--target-link\" href=\"#in-content-skip-link-target-v-0-0\">Artikel weiterlesen<\/a><\/p>\n<p data-21134c99=\"0-2872\"><b>Die Bedingungen im Trainingscamp in Ober\u00f6sterreich sind f\u00fcr Dynamo Dresden nahezu perfekt, daf\u00fcr gibt\u00b4s Lob von allen Seiten. Torwart Tim Schreiber (24) allerdings durchlebt sehr unruhige N\u00e4chte mit unsanften Konsequenzen. <\/b><\/p>\n<p data-21134c99=\"0-2872\">Kein Witz: Die Nummer eins der Vorsaison ist im noblen Vier-Sterne-Hotel \u201eNationalpark Resort Dilly\u201c in Windischgarsten schon f\u00fcnf Mal aus dem Bett gefallen! \u201eDas ist hier halt nur 1,40 Meter breit. Zuhause habe ich eins mit zwei mal zwei Metern, da ist man anderes gewohnt.\u201c <\/p>\n<p data-21134c99=\"0-2872\">Wenn Schreiber auf dem harten Boden der Tatsachen landet, ist auch sein neuer Zimmerkollege Jonas Oehmichen (22) der Leidtragende. \u201eEr muss das leider aushalten, auch mein Schnarchen. Und hat sich auch schon beschwert, weil er halt immer mit wach wird\u201c, erz\u00e4hlt Schreiber. \u201eJetzt haben wir das mit Nasen-Stripes gel\u00f6st und Oehmi hat schon gesagt, dass es die letzte Nacht besser war.\u201c<\/p>\n<p>Mehr zum Thema<\/p>\n<p data-21134c99=\"0-2872\">Deutlich entspannter als die N\u00e4chte ist f\u00fcr Schreiber der Kampf um den Platz zwischen den Pfosten. Zumindest nimmt er ihn so auf und an. \u201eKonkurrenzkampf ist nicht nur in der Vorbereitung, sondern in der ganzen Saison. Ich sehe das sportlich. Er macht mich besser und die anderen auch. Wir pushen uns gegenseitig\u201c, meinte er <a href=\"https:\/\/www.bild.de\/sport\/fussball\/dynamo-dresden-5-0-gegen-graz-sterners-urlaubs-kick-zahlt-sich-aus-6a5ba5ff6d64d237c3774d2a\" class=\"text-link\" rel=\"nofollow noopener\" target=\"_blank\">nach dem \u00fcberzeugenden 5:0-Sieg im Test gegen den Grazer AK.<\/a> Bei dem stand er die erste Stunde im Tor, hielt seinen Kasten wie danach auch Elias Bethke (23) sauber.<\/p>\n<p>Zweikampf zwischen Schreiber und Bethke<\/p>\n<p data-21134c99=\"0-2872\">Aktuell l\u00e4uft es auch auf ein Duell zwischen ihm und Bethke hinaus, der vergangenen Winter aus Cottbus kam. Weil Lennart Grill (27) nach seiner schweren Knieverletzung aus dem vergangenen Herbst zwar wieder trainieren, aber noch nicht spielen kann bzw. darf. Und Daniel Mesenh\u00f6ler (30) als Nummer drei mehr oder weniger gesetzt ist.<\/p>\n<p><img decoding=\"async\" width=\"992\" height=\"558\" alt=\"Elias Bethke (r.) faustet den Ball gegen Graz aus der Gefahrenzone\" loading=\"lazy\" src=\"https:\/\/www.europesays.com\/de\/wp-content\/uploads\/2026\/07\/84cd77b22daf84caf14bae394fb8695b,650bb86c.jpeg\"   class=\"landscape\"\/><\/p>\n<p class=\"fig__caption__text\">Elias Bethke (r.) faustet den Ball gegen Graz aus der Gefahrenzone<\/p>\n<p>Foto: Olaf Rentsch<\/p>\n<p data-21134c99=\"0-2872\">\u201eIch konnte in der vergangenen R\u00fcckrunde schon mein Potential zeigen. Das verstehe ich nicht als Ruhekissen, will daran ankn\u00fcpfen und nochmal besser werden\u201c, stellt Schreiber klar. Und erg\u00e4nzt: \u201eAm Ende liegt der Druck jetzt ein bisschen bei Eli. Er muss jetzt ein St\u00fcck weit beweisen, dass er das Niveau hat. Alles andere entscheidet dann der Trainer.\u201c<\/p>\n<p>Schreiber: \u201eW\u00fcrde gern l\u00e4nger bei Dynamo bleiben\u201c<\/p>\n<p data-21134c99=\"0-2872\">Auch was seine Zukunft angeht, hat der geb\u00fcrtige Freitaler eine klare Meinung: \u201eIch habe Vertrag bis 2027. Bis dahin bin ich zu hundert Prozent <a href=\"https:\/\/www.bild.de\/sport\/fussball\/dynamo-dresden\/startseite-dynamo-46789412.bild.html\" class=\"text-link\" rel=\"nofollow noopener\" target=\"_blank\">Dynamo Dresden<\/a>. Wenn\u00b4s nach mir geht, w\u00fcrde ich gern l\u00e4nger hierbleiben. Aber da sind nat\u00fcrlich auch andere Faktoren entscheidend.\u201c Was \u00fcbersetzt bedeutet: Der Verein hat das Gespr\u00e4ch mit Schreiber noch nicht gesucht und will scheinbar abwarten, wie sich die Torwart-Situation entwickelt.<\/p>\n<p data-21134c99=\"0-2872\">So viel steht fest: Die letzten zwei Tests der Vorbereitung kommenden Samstag gegen Ligakonkurrent Cottbus und eine Woche darauf gegen Bundesligist Union Berlin d\u00fcrften einen wichtigen Fingerzeig geben, in welche Richtung die Reise zwischen den Dynamo-Pfosten geht&#8230;<\/p>\n","protected":false},"excerpt":{"rendered":"TTS-Player \u00fcberspringen\u21b5Artikel weiterlesen Die Bedingungen im Trainingscamp in Ober\u00f6sterreich sind f\u00fcr Dynamo Dresden nahezu perfekt, daf\u00fcr gibt\u00b4s Lob&hellip;\n","protected":false},"author":2,"featured_media":1177555,"comment_status":"","ping_status":"","sticky":false,"template":"","format":"standard","meta":{"footnotes":"","_share_on_mastodon":"0"},"categories":[1835],"tags":[621,3364,29,2386,3766,94150,347,30,6306,90041,246360,1433,859,66064,3460,7936,3171],"class_list":["post-1177554","post","type-post","status-publish","format-standard","has-post-thumbnail","category-dresden","tag-2-bundesliga","tag-de","tag-deutschland","tag-dresden","tag-dynamo-dresden","tag-einzelbett","tag-fussball","tag-germany","tag-hotel","tag-nase","tag-nasenfluegel","tag-oesterreich","tag-sachsen","tag-schnarchen","tag-sport-leuchtturm-leipzig","tag-torwart","tag-trainingslager"],"share_on_mastodon":{"url":"https:\/\/pubeurope.com\/@de\/116945702524869640","error":""},"_links":{"self":[{"href":"https:\/\/www.europesays.com\/de\/wp-json\/wp\/v2\/posts\/1177554","targetHints":{"allow":["GET"]}}],"collection":[{"href":"https:\/\/www.europesays.com\/de\/wp-json\/wp\/v2\/posts"}],"about":[{"href":"https:\/\/www.europesays.com\/de\/wp-json\/wp\/v2\/types\/post"}],"author":[{"embeddable":true,"href":"https:\/\/www.europesays.com\/de\/wp-json\/wp\/v2\/users\/2"}],"replies":[{"embeddable":true,"href":"https:\/\/www.europesays.com\/de\/wp-json\/wp\/v2\/comments?post=1177554"}],"version-history":[{"count":0,"href":"https:\/\/www.europesays.com\/de\/wp-json\/wp\/v2\/posts\/1177554\/revisions"}],"wp:featuredmedia":[{"embeddable":true,"href":"https:\/\/www.europesays.com\/de\/wp-json\/wp\/v2\/media\/1177555"}],"wp:attachment":[{"href":"https:\/\/www.europesays.com\/de\/wp-json\/wp\/v2\/media?parent=1177554"}],"wp:term":[{"taxonomy":"category","embeddable":true,"href":"https:\/\/www.europesays.com\/de\/wp-json\/wp\/v2\/categories?post=1177554"},{"taxonomy":"post_tag","embeddable":true,"href":"https:\/\/www.europesays.com\/de\/wp-json\/wp\/v2\/tags?post=1177554"}],"curies":[{"name":"wp","href":"https:\/\/api.w.org\/{rel}","templated":true}]}}