{"id":1177621,"date":"2026-07-19T09:10:16","date_gmt":"2026-07-19T09:10:16","guid":{"rendered":"https:\/\/www.europesays.com\/de\/1177621\/"},"modified":"2026-07-19T09:10:16","modified_gmt":"2026-07-19T09:10:16","slug":"jetzt-zeigt-sich-wer-die-bundesrepublik-wirklich-verlaesst-welt","status":"publish","type":"post","link":"https:\/\/www.europesays.com\/de\/1177621\/","title":{"rendered":"Jetzt zeigt sich, wer die Bundesrepublik wirklich verl\u00e4sst &#8211; WELT"},"content":{"rendered":"<ol>\n<li><a href=\"https:\/\/news.google.com\/rss\/articles\/CBMiwAFBVV95cUxQYjNhdWJ2U2QzZnY2dHJ4UkRrcVdsdzRqTnFLZmFqNkZ0MFdNVDlQay1TQzBGTmtYUUJNa256emdLQjZWdk52V0hETGUzYl94WE5XaXdFTTRYYUpCalJROE5VbGdqYVdRcWw1a09GZkRxZ01TODZJaVk0cHAyc09EWXVkZjJHR3ViZGlXSUxhc1EwS3EzYkpjaXFuR2lVckd1a0t4WXdVSnpGalZ4ckNQX25pMUw0UXhZNmdyUldNa2I?oc=5\" target=\"_blank\" rel=\"nofollow noopener\">Jetzt zeigt sich, wer die Bundesrepublik wirklich verl\u00e4sst<\/a>&nbsp;&nbsp;WELT<\/li>\n<li><a href=\"https:\/\/news.google.com\/rss\/articles\/CBMinAJBVV95cUxQMEhhdTRYRHJhNWJabTRfZ1ZzMHpKSEdvcHJUOGVoOVlCUWlWRHg1aWxjbWhMdDRoR0hVX3BoSnNOTFlyUFhLV2JKb0pHTUE4VmlFNHROaFZXMjJjdERJanJETFFOOFBzWXVuY2Rqcmg4TDFsTEhVOVBpa3F3bFplRS01X0d4SXA3cGZZa0E4RDZuYWNXSkV0c0wtUzRZd09ZdGR2YTJ4enFxOFo1TDhwaHpISkhKRTVMdnRuM0NoWkRlT25DcVVfTS1LTXRHVWIzMXZCMUVBQnIzNGdmVmNxU3hpSy03RlczaXJKU3pTai16UTBuMzd6R1g5YnNmeUEzU0FxRktnUjdkanRpN1ZFWVBRYmx0Z2NzQUROOQ?oc=5\" target=\"_blank\" rel=\"nofollow noopener\">Portugal, Italien, Spanien, T\u00fcrkei, Schweiz, \u00d6sterreich und Golfstaaten: Immer mehr deutsche Gutverdiener wollen ins Ausland<\/a>&nbsp;&nbsp;FOCUS online<\/li>\n<li><a href=\"https:\/\/news.google.com\/rss\/articles\/CBMizwFBVV95cUxPTHhKRXZpSUkxTkZpbk5FQTZ0YUZIN3VlSVdMcEZmTVdRcE94dHBrM0VGMmd0LWNONnBIX2NiemZVVFFXRFpSSFVfZmp2UWJaYUozREowY0pHOHQ2QXc4TjlkMHN0Nzk0eGY2M0dqNWFzZnBjb3lDWFZrLTNudkJBTnlXa2p3TVR3MGlMTk92dTRRU3gxNUdQdmtUMFBwa0NuNHRVT25NSHVTeHB4b1ZnYnpSNmd0SnlPTkl4ZG51TnQxd3k1cVk0dlVreGt3bzQ?oc=5\" target=\"_blank\" rel=\"nofollow noopener\">Jeder F\u00fcnfte in Deutschland denkt \u00fcbers Auswandern nach \u2013 was sind die Gr\u00fcnde?<\/a>&nbsp;&nbsp;Augsburger Allgemeine<\/li>\n<li><a href=\"https:\/\/news.google.com\/rss\/articles\/CBMizAFBVV95cUxPT3JPSkxVODlHQ0YxajhaaFJwWC1CQ2Q1U1hlWTJrcDNyb25vODd5SmJ0ZjZ3Q0dhUGQ4UkRoTERjbkt4eTNYUXFzYVVEVERISS1EMUZKWURwWGJWT3A3UjJrVW1NcXhzV09MUjl2bHJMRGxvcjA5cWx4NWhmSm45SjlFNTZ0NUQ2Wjh0RWJKdFo4SkI2ZVlqakRUNTNUdWdDZ194bTBJdTRWN2hBdmxKc3BnUmFZMU1mdHhQalUwWTFkbVcyY1FxWWZqa3M?oc=5\" target=\"_blank\" rel=\"nofollow noopener\">\u201eWir sind am Punkt, an dem Deutschland wachger\u00fcttelt werden muss\u201c<\/a>&nbsp;&nbsp;WirtschaftsWoche<\/li>\n<li><a href=\"https:\/\/news.google.com\/rss\/articles\/CBMihgJBVV95cUxOcEdCWVFaNHUyd3Fycmd4UU91WnZKSW5TMG9VUE85ZUEwTC1LanBMNGxRMU9lbzV1MWtQMEYzRDZEUmk3ZXA0U3JzZm40QnZ3U29rVlRYbHc0QUVaeXduQXJBakVoQVk4c29uaDJHMFJKdllzbEJpX0FESGlKSlU1SHVvUlpucVpyOVFtU0c3N2o1UWt3WkppZ2R3QW4yU1lWRzREcFlvRkhnaEZ2MkVOMHBmRTBxNzBZSG5sajlEQk1ucWlMcThSQWJHcmdJUVd2bHRNSG9Sckp0bzE0ZGVpWGZlRURfekYzRlBwdGtWdllLLVI1VEZVWWsycmxZbVZVeHNOanFR?oc=5\" target=\"_blank\" rel=\"nofollow noopener\">Die H\u00e4lfte der Gutverdiener denkt ans Auswandern \u2013 welche L\u00e4nder hoch im Kurs stehen<\/a>&nbsp;&nbsp;MSN<\/li>\n<\/ol>\n","protected":false},"excerpt":{"rendered":"Jetzt zeigt sich, wer die Bundesrepublik wirklich verl\u00e4sst&nbsp;&nbsp;WELT Portugal, Italien, Spanien, T\u00fcrkei, Schweiz, \u00d6sterreich und Golfstaaten: Immer mehr&hellip;\n","protected":false},"author":2,"featured_media":1177622,"comment_status":"","ping_status":"","sticky":false,"template":"","format":"standard","meta":{"footnotes":"","_share_on_mastodon":"0"},"categories":[3],"tags":[35124,246368,3079,666,551,13,10274,14,15,12,293,72691,2149,45,10,8,9,11,64,103,104],"class_list":["post-1177621","post","type-post","status-publish","format-standard","has-post-thumbnail","category-welt","tag-auswandern","tag-expatriates-ks","tag-gehalt","tag-geld","tag-grossbritannien","tag-headlines","tag-marketing","tag-nachrichten","tag-news","tag-schlagzeilen","tag-schweiz","tag-standort-deutschland-ks","tag-steuern","tag-texttospeech","tag-top-news","tag-top-meldungen","tag-topmeldungen","tag-topnews","tag-usa","tag-welt","tag-world"],"share_on_mastodon":{"url":"https:\/\/pubeurope.com\/@de\/116945868021642796","error":""},"_links":{"self":[{"href":"https:\/\/www.europesays.com\/de\/wp-json\/wp\/v2\/posts\/1177621","targetHints":{"allow":["GET"]}}],"collection":[{"href":"https:\/\/www.europesays.com\/de\/wp-json\/wp\/v2\/posts"}],"about":[{"href":"https:\/\/www.europesays.com\/de\/wp-json\/wp\/v2\/types\/post"}],"author":[{"embeddable":true,"href":"https:\/\/www.europesays.com\/de\/wp-json\/wp\/v2\/users\/2"}],"replies":[{"embeddable":true,"href":"https:\/\/www.europesays.com\/de\/wp-json\/wp\/v2\/comments?post=1177621"}],"version-history":[{"count":0,"href":"https:\/\/www.europesays.com\/de\/wp-json\/wp\/v2\/posts\/1177621\/revisions"}],"wp:featuredmedia":[{"embeddable":true,"href":"https:\/\/www.europesays.com\/de\/wp-json\/wp\/v2\/media\/1177622"}],"wp:attachment":[{"href":"https:\/\/www.europesays.com\/de\/wp-json\/wp\/v2\/media?parent=1177621"}],"wp:term":[{"taxonomy":"category","embeddable":true,"href":"https:\/\/www.europesays.com\/de\/wp-json\/wp\/v2\/categories?post=1177621"},{"taxonomy":"post_tag","embeddable":true,"href":"https:\/\/www.europesays.com\/de\/wp-json\/wp\/v2\/tags?post=1177621"}],"curies":[{"name":"wp","href":"https:\/\/api.w.org\/{rel}","templated":true}]}}