{"id":1177640,"date":"2026-07-19T09:23:14","date_gmt":"2026-07-19T09:23:14","guid":{"rendered":"https:\/\/www.europesays.com\/de\/1177640\/"},"modified":"2026-07-19T09:23:14","modified_gmt":"2026-07-19T09:23:14","slug":"radlnacht-fast-5000-menschen-radeln-ueber-die-b-17","status":"publish","type":"post","link":"https:\/\/www.europesays.com\/de\/1177640\/","title":{"rendered":"Radlnacht: Fast 5000 Menschen radeln \u00fcber die B 17"},"content":{"rendered":"<p class=\"mb-6 text-xs-varying md:text-m lg:text-l font-serif group-[.font-sans]:font-sans \">\n    Schon am Sammelpunkt am Augsburger Prinzregentenplatz wurde am Samstagabend deutlich, dass die 3. Augsburger Radlnacht einen enormen Zuspruch haben w\u00fcrde. Bereits eine Stunde vor Abfahrt war der Platz gesteckt voll mit Menschen und ihren Fahrr\u00e4dern. Gut gelaunte Radler nutzten die Zeit, um noch einmal ihre Wasservorr\u00e4te aufzufrischen, sich an den Infost\u00e4nden der Veranstalter \u00fcber die Fahrradstadt zu informieren oder um miteinander ins Gespr\u00e4ch zu kommen. Kinder konnten auf der Wiese vor dem Landratsamt spielen und sich mit Riesenseifenblasen vergn\u00fcgen. Die Teilnehmerzahl \u00fcbertraf am Ende alle Erwartungen: Die Veranstalter waren von mindestens 2000 Teilnehmern an der Radldemo ausgegangen. Am Ende waren es fast 5000 Radfahrer, die durch die Stadt auf die <a href=\"https:\/\/www.augsburger-allgemeine.de\/schlagworte\/aa-b17\" target=\"_self\" class=\"underline \" rel=\"nofollow noopener\">B17<\/a> und dort bis zur WWK-Arena radelten, melden die Veranstalter.\n  <\/p>\n","protected":false},"excerpt":{"rendered":"Schon am Sammelpunkt am Augsburger Prinzregentenplatz wurde am Samstagabend deutlich, dass die 3. Augsburger Radlnacht einen enormen Zuspruch&hellip;\n","protected":false},"author":2,"featured_media":1177641,"comment_status":"","ping_status":"","sticky":false,"template":"","format":"standard","meta":{"footnotes":"","_share_on_mastodon":"0"},"categories":[1846],"tags":[7380,7384,680,138065,772,3364,29,548,663,3934,1234,48749,30,13,14,15,246369,192347,12,200476,150784],"class_list":["post-1177640","post","type-post","status-publish","format-standard","has-post-thumbnail","category-augsburg","tag-adfc","tag-fahrraddemo","tag-augsburg","tag-b17","tag-bayern","tag-de","tag-deutschland","tag-eu","tag-europa","tag-europe","tag-fahrrad","tag-fahrradstadt","tag-germany","tag-headlines","tag-nachrichten","tag-news","tag-prinzregentenplatz","tag-radlnacht","tag-schlagzeilen","tag-stefan-sohnle","tag-ulmer-strasse"],"share_on_mastodon":{"url":"https:\/\/pubeurope.com\/@de\/116945918727017692","error":""},"_links":{"self":[{"href":"https:\/\/www.europesays.com\/de\/wp-json\/wp\/v2\/posts\/1177640","targetHints":{"allow":["GET"]}}],"collection":[{"href":"https:\/\/www.europesays.com\/de\/wp-json\/wp\/v2\/posts"}],"about":[{"href":"https:\/\/www.europesays.com\/de\/wp-json\/wp\/v2\/types\/post"}],"author":[{"embeddable":true,"href":"https:\/\/www.europesays.com\/de\/wp-json\/wp\/v2\/users\/2"}],"replies":[{"embeddable":true,"href":"https:\/\/www.europesays.com\/de\/wp-json\/wp\/v2\/comments?post=1177640"}],"version-history":[{"count":0,"href":"https:\/\/www.europesays.com\/de\/wp-json\/wp\/v2\/posts\/1177640\/revisions"}],"wp:featuredmedia":[{"embeddable":true,"href":"https:\/\/www.europesays.com\/de\/wp-json\/wp\/v2\/media\/1177641"}],"wp:attachment":[{"href":"https:\/\/www.europesays.com\/de\/wp-json\/wp\/v2\/media?parent=1177640"}],"wp:term":[{"taxonomy":"category","embeddable":true,"href":"https:\/\/www.europesays.com\/de\/wp-json\/wp\/v2\/categories?post=1177640"},{"taxonomy":"post_tag","embeddable":true,"href":"https:\/\/www.europesays.com\/de\/wp-json\/wp\/v2\/tags?post=1177640"}],"curies":[{"name":"wp","href":"https:\/\/api.w.org\/{rel}","templated":true}]}}