{"id":11777,"date":"2025-04-07T00:48:14","date_gmt":"2025-04-07T00:48:14","guid":{"rendered":"https:\/\/www.europesays.com\/de\/11777\/"},"modified":"2025-04-07T00:48:14","modified_gmt":"2025-04-07T00:48:14","slug":"ex-aussenminister-gabriel-bringt-eu-beitritt-kanadas-ins-gespraech","status":"publish","type":"post","link":"https:\/\/www.europesays.com\/de\/11777\/","title":{"rendered":"Ex-Au\u00dfenminister Gabriel bringt EU-Beitritt Kanadas ins Gespr\u00e4ch"},"content":{"rendered":"<p class=\"tspCAmw tspCAmx\">Der fr\u00fchere Bundesau\u00dfenminister und jetzige Vorsitzende der Atlantik-Br\u00fccke, Sigmar Gabriel (SPD), hat <strong>einen EU-Beitritt Kanadas ins Gespr\u00e4ch gebracht<\/strong>. \u201eIch w\u00fcrde den Kanadiern anbieten, Mitglied der Europ\u00e4ischen Union zu werden\u201c, sagte Gabriel dem Bremer \u201eWeser-Kurier\u201c (Samstagsausgabe). Eventuell sei auch eine Teilintegration des Landes in die EU denkbar.<\/p>\n<p class=\"tspCAmw\">Hintergrund sind Forderungen von US-Pr\u00e4sident Donald Trump, Kanada den USA einzugliedern. Zudem will Trump Gr\u00f6nland annektieren. \u201e<strong>Das geht nat\u00fcrlich gar nicht zusammen, sondern da muss man als Europa dagegenhalten<\/strong>\u201c, sagte Gabriel. Der SPD-Politiker war bis 2018 Bundesau\u00dfenminister und Vizekanzler. (AFP)<\/p>\n","protected":false},"excerpt":{"rendered":"Der fr\u00fchere Bundesau\u00dfenminister und jetzige Vorsitzende der Atlantik-Br\u00fccke, Sigmar Gabriel (SPD), hat einen EU-Beitritt Kanadas ins Gespr\u00e4ch gebracht.&hellip;\n","protected":false},"author":2,"featured_media":11778,"comment_status":"","ping_status":"","sticky":false,"template":"","format":"standard","meta":{"footnotes":""},"categories":[3933],"tags":[331,332,106,548,663,158,3934,3935,13,53,14,15,12,6970,64],"class_list":{"0":"post-11777","1":"post","2":"type-post","3":"status-publish","4":"format-standard","5":"has-post-thumbnail","7":"category-eu","8":"tag-aktuelle-nachrichten","9":"tag-aktuelle-news","10":"tag-donald-trump","11":"tag-eu","12":"tag-europa","13":"tag-europaeische-union","14":"tag-europe","15":"tag-european-union","16":"tag-headlines","17":"tag-kanada","18":"tag-nachrichten","19":"tag-news","20":"tag-schlagzeilen","21":"tag-sigmar-gabriel","22":"tag-usa"},"share_on_mastodon":{"url":"https:\/\/pubeurope.com\/@de\/114293932252576898","error":""},"_links":{"self":[{"href":"https:\/\/www.europesays.com\/de\/wp-json\/wp\/v2\/posts\/11777","targetHints":{"allow":["GET"]}}],"collection":[{"href":"https:\/\/www.europesays.com\/de\/wp-json\/wp\/v2\/posts"}],"about":[{"href":"https:\/\/www.europesays.com\/de\/wp-json\/wp\/v2\/types\/post"}],"author":[{"embeddable":true,"href":"https:\/\/www.europesays.com\/de\/wp-json\/wp\/v2\/users\/2"}],"replies":[{"embeddable":true,"href":"https:\/\/www.europesays.com\/de\/wp-json\/wp\/v2\/comments?post=11777"}],"version-history":[{"count":0,"href":"https:\/\/www.europesays.com\/de\/wp-json\/wp\/v2\/posts\/11777\/revisions"}],"wp:featuredmedia":[{"embeddable":true,"href":"https:\/\/www.europesays.com\/de\/wp-json\/wp\/v2\/media\/11778"}],"wp:attachment":[{"href":"https:\/\/www.europesays.com\/de\/wp-json\/wp\/v2\/media?parent=11777"}],"wp:term":[{"taxonomy":"category","embeddable":true,"href":"https:\/\/www.europesays.com\/de\/wp-json\/wp\/v2\/categories?post=11777"},{"taxonomy":"post_tag","embeddable":true,"href":"https:\/\/www.europesays.com\/de\/wp-json\/wp\/v2\/tags?post=11777"}],"curies":[{"name":"wp","href":"https:\/\/api.w.org\/{rel}","templated":true}]}}