{"id":1177741,"date":"2026-07-19T10:24:17","date_gmt":"2026-07-19T10:24:17","guid":{"rendered":"https:\/\/www.europesays.com\/de\/1177741\/"},"modified":"2026-07-19T10:24:17","modified_gmt":"2026-07-19T10:24:17","slug":"babylon-in-berlin-anime-berlin-the-dangers-in-my-heart","status":"publish","type":"post","link":"https:\/\/www.europesays.com\/de\/1177741\/","title":{"rendered":"BABYLON in Berlin &#8211; Anime Berlin: The Dangers in My Heart"},"content":{"rendered":"<p>\t\t\t\t\t\t\t <img decoding=\"async\" src=\"https:\/\/www.europesays.com\/de\/wp-content\/uploads\/2026\/07\/The_Dangers_in_My_heart_the_movie.jpg\" alt=\"\" itemprop=\"image\"\/> <\/p>\n<p>Anime Berlin #9: The Dangers in My Heart &#8211; The Movie [Boku no Kokoro no Yabai Yatsu] [OmU] JP, 2025, R: Hiroaki Akagi mit Shun Horie, Hina Yomiya, ca. 90 Min<\/p>\n<p>EN<\/p>\n<p>Kyotaro, a socially withdrawn boy with dark fantasies, gradually opens up through his unexpected connection with the cheerful and popular Anna. The film expands on their relationship, exploring the awkward, tender moments of first love and self-acceptance.<\/p>\n<p>DE<\/p>\n<p>Der introvertierte Kyotaro, geplagt von d\u00fcsteren Gedanken, findet durch die Begegnung mit der fr\u00f6hlichen Anna langsam einen Zugang zur Welt. Der Film erz\u00e4hlt ihre zarte, oft unbeholfene Liebesgeschichte weiter und thematisiert Selbstakzeptanz und Erwachsenwerden.<\/p>\n<p>Trailer:\u00a0<\/p><\/p>\n","protected":false},"excerpt":{"rendered":"Anime Berlin #9: The Dangers in My Heart &#8211; The Movie [Boku no Kokoro no Yabai Yatsu] [OmU]&hellip;\n","protected":false},"author":2,"featured_media":1177742,"comment_status":"","ping_status":"","sticky":false,"template":"","format":"standard","meta":{"footnotes":"","_share_on_mastodon":"0"},"categories":[1825],"tags":[27921,27669,296,27919,29,5561,30,27920,95,27924,27922,27925,27923,27926,3699],"class_list":["post-1177741","post","type-post","status-publish","format-standard","has-post-thumbnail","category-berlin","tag-anime","tag-babylon","tag-berlin","tag-cinemaperitivo","tag-deutschland","tag-festival","tag-germany","tag-indogerman","tag-kino","tag-kino-babylon","tag-kinoorgel","tag-rosa-luxemburg-strasse-30","tag-stummfilm","tag-timothy-grossman","tag-veranstaltung"],"share_on_mastodon":{"url":"https:\/\/pubeurope.com\/@de\/116946160014491458","error":""},"_links":{"self":[{"href":"https:\/\/www.europesays.com\/de\/wp-json\/wp\/v2\/posts\/1177741","targetHints":{"allow":["GET"]}}],"collection":[{"href":"https:\/\/www.europesays.com\/de\/wp-json\/wp\/v2\/posts"}],"about":[{"href":"https:\/\/www.europesays.com\/de\/wp-json\/wp\/v2\/types\/post"}],"author":[{"embeddable":true,"href":"https:\/\/www.europesays.com\/de\/wp-json\/wp\/v2\/users\/2"}],"replies":[{"embeddable":true,"href":"https:\/\/www.europesays.com\/de\/wp-json\/wp\/v2\/comments?post=1177741"}],"version-history":[{"count":0,"href":"https:\/\/www.europesays.com\/de\/wp-json\/wp\/v2\/posts\/1177741\/revisions"}],"wp:featuredmedia":[{"embeddable":true,"href":"https:\/\/www.europesays.com\/de\/wp-json\/wp\/v2\/media\/1177742"}],"wp:attachment":[{"href":"https:\/\/www.europesays.com\/de\/wp-json\/wp\/v2\/media?parent=1177741"}],"wp:term":[{"taxonomy":"category","embeddable":true,"href":"https:\/\/www.europesays.com\/de\/wp-json\/wp\/v2\/categories?post=1177741"},{"taxonomy":"post_tag","embeddable":true,"href":"https:\/\/www.europesays.com\/de\/wp-json\/wp\/v2\/tags?post=1177741"}],"curies":[{"name":"wp","href":"https:\/\/api.w.org\/{rel}","templated":true}]}}