{"id":1177743,"date":"2026-07-19T10:25:16","date_gmt":"2026-07-19T10:25:16","guid":{"rendered":"https:\/\/www.europesays.com\/de\/1177743\/"},"modified":"2026-07-19T10:25:16","modified_gmt":"2026-07-19T10:25:16","slug":"babylon-in-berlin-anime-berlin-summer-wars","status":"publish","type":"post","link":"https:\/\/www.europesays.com\/de\/1177743\/","title":{"rendered":"BABYLON in Berlin &#8211; Anime Berlin: Summer Wars"},"content":{"rendered":"<p>\t\t\t\t\t\t\t <img decoding=\"async\" src=\"https:\/\/www.europesays.com\/de\/wp-content\/uploads\/2026\/07\/summer_wars-2.jpg\" alt=\"\" itemprop=\"image\"\/> <\/p>\n<p>Anime Berlin #9: Summer Wars [Sama Wozu] [OmeU] JP, 2009, R: Mamoru Hosoda mit Ryunosuke Kamiki, Nanami Sakuraba, Mitsuki Tanimura, 114 Min<\/p>\n<p>EN<\/p>\n<p>Kenji, a shy math prodigy, is invited by his crush Natsuki to spend the summer with her eccentric extended family. What begins as an awkward holiday turns into a global crisis when a rogue AI infiltrates OZ, a vast virtual world that governs real-life infrastructure. As chaos spreads, Kenji must use his mathematical geniusand the strength of family bondsto stop the digital catastrophe.<\/p>\n<p>DE<\/p>\n<p>Der sch\u00fcchterne Mathegenie Kenji wird von seiner Schw\u00e4rmerei Natsuki eingeladen, den Sommer bei ihrer exzentrischen Gro\u00dffamilie zu verbringen. Aus dem Familienbesuch wird jedoch ein weltweiter Notfall, als eine k\u00fcnstliche Intelligenz die virtuelle Welt OZ \u00fcbernimmt. Mit Mut, Verstand und famili\u00e4rem Zusammenhalt stellt sich Kenji der digitalen Bedrohung.<\/p>\n<p>Trailer:\u00a0<\/p><\/p>\n","protected":false},"excerpt":{"rendered":"Anime Berlin #9: Summer Wars [Sama Wozu] [OmeU] JP, 2009, R: Mamoru Hosoda mit Ryunosuke Kamiki, Nanami Sakuraba,&hellip;\n","protected":false},"author":2,"featured_media":1177744,"comment_status":"","ping_status":"","sticky":false,"template":"","format":"standard","meta":{"footnotes":"","_share_on_mastodon":"0"},"categories":[1825],"tags":[27921,27669,296,27919,29,5561,30,27920,95,27924,27922,27925,27923,27926,3699],"class_list":["post-1177743","post","type-post","status-publish","format-standard","has-post-thumbnail","category-berlin","tag-anime","tag-babylon","tag-berlin","tag-cinemaperitivo","tag-deutschland","tag-festival","tag-germany","tag-indogerman","tag-kino","tag-kino-babylon","tag-kinoorgel","tag-rosa-luxemburg-strasse-30","tag-stummfilm","tag-timothy-grossman","tag-veranstaltung"],"share_on_mastodon":{"url":"https:\/\/pubeurope.com\/@de\/116946164058957123","error":""},"_links":{"self":[{"href":"https:\/\/www.europesays.com\/de\/wp-json\/wp\/v2\/posts\/1177743","targetHints":{"allow":["GET"]}}],"collection":[{"href":"https:\/\/www.europesays.com\/de\/wp-json\/wp\/v2\/posts"}],"about":[{"href":"https:\/\/www.europesays.com\/de\/wp-json\/wp\/v2\/types\/post"}],"author":[{"embeddable":true,"href":"https:\/\/www.europesays.com\/de\/wp-json\/wp\/v2\/users\/2"}],"replies":[{"embeddable":true,"href":"https:\/\/www.europesays.com\/de\/wp-json\/wp\/v2\/comments?post=1177743"}],"version-history":[{"count":0,"href":"https:\/\/www.europesays.com\/de\/wp-json\/wp\/v2\/posts\/1177743\/revisions"}],"wp:featuredmedia":[{"embeddable":true,"href":"https:\/\/www.europesays.com\/de\/wp-json\/wp\/v2\/media\/1177744"}],"wp:attachment":[{"href":"https:\/\/www.europesays.com\/de\/wp-json\/wp\/v2\/media?parent=1177743"}],"wp:term":[{"taxonomy":"category","embeddable":true,"href":"https:\/\/www.europesays.com\/de\/wp-json\/wp\/v2\/categories?post=1177743"},{"taxonomy":"post_tag","embeddable":true,"href":"https:\/\/www.europesays.com\/de\/wp-json\/wp\/v2\/tags?post=1177743"}],"curies":[{"name":"wp","href":"https:\/\/api.w.org\/{rel}","templated":true}]}}