{"id":1177749,"date":"2026-07-19T10:28:15","date_gmt":"2026-07-19T10:28:15","guid":{"rendered":"https:\/\/www.europesays.com\/de\/1177749\/"},"modified":"2026-07-19T10:28:15","modified_gmt":"2026-07-19T10:28:15","slug":"vier-gewinnerfotos-auf-waldpirsch-mit-der-kamera-meiningen","status":"publish","type":"post","link":"https:\/\/www.europesays.com\/de\/1177749\/","title":{"rendered":"Vier Gewinnerfotos: Auf Waldpirsch mit der Kamera &#8211; Meiningen"},"content":{"rendered":"<p>Vier Bilder, vier Perspektiven auf den Meininger <a href=\"https:\/\/www.insuedthueringen.de\/thema\/Wald\" title=\"Wald\" class=\"art_thema\" rel=\"nofollow noopener\" target=\"_blank\">Wald<\/a>: Der von der Stadt <a href=\"https:\/\/www.insuedthueringen.de\/thema\/Meiningen\" title=\"Meiningen\" class=\"art_thema\" rel=\"nofollow noopener\" target=\"_blank\">Meiningen<\/a> ausgelobte <a href=\"https:\/\/www.insuedthueringen.de\/thema\/Fotowettbewerb\" title=\"Fotowettbewerb\" class=\"art_thema\" rel=\"nofollow noopener\" target=\"_blank\">Fotowettbewerb<\/a> hat eindrucksvoll gezeigt, wie vielf\u00e4ltig die heimische Waldlandschaft wahrgenommen wird. Anlass f\u00fcr den Wettbewerb war die erste Tagung der Wald-Allianz, die Ende April im Meininger Volkshaus stattfand. Mehr als 150 Fachleute aus Forstwirtschaft, Wissenschaft, Politik und Zivilgesellschaft diskutierten dabei \u00fcber Wege zu einer klimaangepassten und zukunftsf\u00e4higen Waldentwicklung. Exkursionen f\u00fchrten die Teilnehmer unter anderem in den Meininger Stadtwald, der dabei als Beispiel f\u00fcr die Bedeutung regionaler W\u00e4lder f\u00fcr Erholung, Natur- und Klimaschutz im Mittelpunkt stand.<\/p>\n","protected":false},"excerpt":{"rendered":"Vier Bilder, vier Perspektiven auf den Meininger Wald: Der von der Stadt Meiningen ausgelobte Fotowettbewerb hat eindrucksvoll gezeigt,&hellip;\n","protected":false},"author":2,"featured_media":1177750,"comment_status":"","ping_status":"","sticky":false,"template":"","format":"standard","meta":{"footnotes":"","_share_on_mastodon":"0"},"categories":[1775],"tags":[4652,1793,29,214,6540,30,17857,6597,1794,4529,246381,215,246380],"class_list":["post-1177749","post","type-post","status-publish","format-standard","has-post-thumbnail","category-kunst-und-design","tag-wald","tag-art-and-design","tag-deutschland","tag-entertainment","tag-fotowettbewerb","tag-germany","tag-gewinner","tag-infografik","tag-kunst-und-design","tag-meiningen","tag-meiningen-gmbh","tag-unterhaltung","tag-wald-allianz"],"share_on_mastodon":{"url":"","error":""},"_links":{"self":[{"href":"https:\/\/www.europesays.com\/de\/wp-json\/wp\/v2\/posts\/1177749","targetHints":{"allow":["GET"]}}],"collection":[{"href":"https:\/\/www.europesays.com\/de\/wp-json\/wp\/v2\/posts"}],"about":[{"href":"https:\/\/www.europesays.com\/de\/wp-json\/wp\/v2\/types\/post"}],"author":[{"embeddable":true,"href":"https:\/\/www.europesays.com\/de\/wp-json\/wp\/v2\/users\/2"}],"replies":[{"embeddable":true,"href":"https:\/\/www.europesays.com\/de\/wp-json\/wp\/v2\/comments?post=1177749"}],"version-history":[{"count":0,"href":"https:\/\/www.europesays.com\/de\/wp-json\/wp\/v2\/posts\/1177749\/revisions"}],"wp:featuredmedia":[{"embeddable":true,"href":"https:\/\/www.europesays.com\/de\/wp-json\/wp\/v2\/media\/1177750"}],"wp:attachment":[{"href":"https:\/\/www.europesays.com\/de\/wp-json\/wp\/v2\/media?parent=1177749"}],"wp:term":[{"taxonomy":"category","embeddable":true,"href":"https:\/\/www.europesays.com\/de\/wp-json\/wp\/v2\/categories?post=1177749"},{"taxonomy":"post_tag","embeddable":true,"href":"https:\/\/www.europesays.com\/de\/wp-json\/wp\/v2\/tags?post=1177749"}],"curies":[{"name":"wp","href":"https:\/\/api.w.org\/{rel}","templated":true}]}}