{"id":1177770,"date":"2026-07-19T10:40:15","date_gmt":"2026-07-19T10:40:15","guid":{"rendered":"https:\/\/www.europesays.com\/de\/1177770\/"},"modified":"2026-07-19T10:40:15","modified_gmt":"2026-07-19T10:40:15","slug":"eu-verbietet-vernichtung-unverkaufter-kleidung-wie-wirksam-ist-das","status":"publish","type":"post","link":"https:\/\/www.europesays.com\/de\/1177770\/","title":{"rendered":"EU verbietet Vernichtung unverkaufter Kleidung &#8211; wie wirksam ist das?"},"content":{"rendered":"<p>            <img loading=\"lazy\" decoding=\"async\" class=\"ts-image\" src=\"https:\/\/www.europesays.com\/de\/wp-content\/uploads\/2026\/07\/kleidung-retourenschein-100.jpg\" alt=\"Kleidung liegt neben einem Liefer- und Retourenschein.\" title=\"Kleidung liegt neben einem Liefer- und Retourenschein. | picture alliance\/dpa\"\/><\/p>\n<p class=\"metatextline\">Stand: 19.07.2026 \u2022 10:20 Uhr<\/p>\n<p class=\"article-head__shorttext\">\n        <strong>Ab heute d\u00fcrfen gro\u00dfe Unternehmen unverkaufte Kleidung und Schuhe nicht mehr einfach so vernichten. Die EU will dadurch Ressourcen schonen und Textilm\u00fcll reduzieren. Doch es gibt Zweifel, ob das gelingt.<\/strong>\n    <\/p>\n<p class=\"textabsatz m-ten m-offset-one l-eight l-offset-two columns twelve\">Online bestellen, zu Hause anprobieren, zur\u00fcckschicken &#8211; f\u00fcr viele Menschen ist das Alltag. Was danach mit den Kleidungsst\u00fccken passiert, bleibt dabei jedoch oft unsichtbar: Ein Teil der unverkauften Waren wird nicht weiterverkauft, sondern vernichtet. Die <a href=\"https:\/\/www.eea.europa.eu\/en\/analysis\/publications\/the-destruction-of-returned-and-unsold-textiles-in-europes-circular-economy\" title=\"EEA\" class=\"textlink--extern js-link-dialog\" rel=\"noopener noreferrer nofollow\" target=\"_blank\" data-type=\"external\">Europ\u00e4ische Umweltagentur (EEA) sch\u00e4tzt<\/a>, dass in Europa vier bis neun Prozent aller Textilprodukte, die auf den Markt kommen, zerst\u00f6rt werden, ohne jemals getragen worden zu sein.<\/p>\n<p class=\"textabsatz m-ten m-offset-one l-eight l-offset-two columns twelve\">Jetzt zieht die EU die Rei\u00dfleine. Mit der <a href=\"https:\/\/www.eea.europa.eu\/en\/analysis\/publications\/the-destruction-of-returned-and-unsold-textiles-in-europes-circular-economy\" title=\"\u00d6kodesignverordnung\" class=\"textlink--extern js-link-dialog\" rel=\"noopener noreferrer nofollow\" target=\"_blank\" data-type=\"external\">\u00d6kodesignverordnung (ESPR)<\/a> d\u00fcrfen gro\u00dfe Unternehmen ab dem 19. Juli 2026 unverkaufte oder retournierte Kleidung und Schuhe nicht mehr vernichten. Stattdessen sollen die Produkte wiederverwendet, gespendet oder recycelt werden. Ziel ist, dass Waren l\u00e4nger im Kreislauf bleiben und nicht vorschnell im M\u00fcll landen.<\/p>\n<p>    Gro\u00dfe Belastung durch Textilm\u00fcll<\/p>\n<p class=\"textabsatz m-ten m-offset-one l-eight l-offset-two columns twelve\">Allein in Deutschland wurden zum Beispiel im Jahr 2021 rund <a href=\"https:\/\/www.eionet.europa.eu\/etcs\/etc-ce\/products\/etc-ce-report-2024-4-volumes-and-destruction-of-returned-and-unsold-textiles-in-europes-circular-economy\" title=\"ETC CE Report 2024\/4\" class=\"textlink--extern js-link-dialog\" rel=\"noopener noreferrer nofollow\" target=\"_blank\" data-type=\"external\">17 Millionen retournierte Kleidungsst\u00fccke entsorgt<\/a>. Laut EEA landen in Europa pro Jahr bis zu 600.000 Tonnen ungetragener Textilien auf dem M\u00fcll. Das verschwendet Ressourcen und belastet Umwelt und Klima.<\/p>\n<p class=\"textabsatz m-ten m-offset-one l-eight l-offset-two columns twelve\">Die jetzt in Kraft tretenden Regeln sind Teil einer breiteren Strategie, um viele Produkte in der EU langlebiger, reparierbarer und wiederverwendbarer zu machen und damit den CO2- und Umweltfu\u00dfabdruck \u00fcber den gesamten Lebenszyklus zu senken. Die EU-\u00d6kodesignverordnung ist bereits seit Sommer 2024 in Kraft, jetzt greift das Textil-Vernichtungsverbot f\u00fcr gro\u00dfe Firmen. F\u00fcr mittelgro\u00dfe Unternehmen gelten l\u00e4ngere \u00dcbergangsfristen bis 2030.<\/p>\n<p>    Kritik an Ausnahmen<\/p>\n<p class=\"textabsatz m-ten m-offset-one l-eight l-offset-two columns twelve\">Ganz eindeutig ist das Verbot allerdings nicht. Die Verordnung sieht Ausnahmen vor, etwa wenn Produkte aus Sicherheitsgr\u00fcnden nicht weiterverwendet werden k\u00f6nnen oder wenn eine Wiederverwendung technisch nicht sinnvoll ist. Dies wird von Umweltverb\u00e4nden kritisiert.<\/p>\n<p class=\"textabsatz m-ten m-offset-one l-eight l-offset-two columns twelve\">Michael Cieslik von Zero Waste Germany sieht das Verbot zum einen skeptisch, weil es in der Praxis an Aufwand und Kosten scheitern k\u00f6nne. Seiner Einsch\u00e4tzung nach koste es viel Arbeitszeit, retournierte Kleidung zu pr\u00fcfen, zu sortieren, neu zu verpacken und wieder verkaufsf\u00e4hig zu machen, deshalb werde wohl ein Teil der Ware auch k\u00fcnftig eher aussortiert anstatt weiterverwendet.<\/p>\n<p class=\"textabsatz m-ten m-offset-one l-eight l-offset-two columns twelve\">Es sei auch fraglich, ob unverkaufte Kleidung sinnvoll gespendet werden kann, denn hier sei oft keine Mode gefragt, sondern eher Gebrauchskleidung wie Unterw\u00e4sche: &#8222;Es ist nicht unbedingt so, dass jedes Kleidungsst\u00fcck einen Abnehmer findet, und dann h\u00e4ngen die karitativen Vereine an den Alttextilien, die sie zu Entsorgungsgeb\u00fchren loswerden m\u00fcssen&#8220;, sagt er. &#8222;Ich hoffe also, dass die gro\u00dfen Unternehmen jetzt nicht einfach die Last auf andere verschieben.&#8220;<\/p>\n<p>    Neue Regelung beinhalte Unklarheiten<\/p>\n<p class=\"textabsatz m-ten m-offset-one l-eight l-offset-two columns twelve\">Viola Wohlgemuth von der Deutschen Umwelthilfe warnt, dass zu viele Ausnahmen die Verordnung aush\u00f6hlen k\u00f6nnten. Hinzu kommt ein weiteres Problem: Es sei unklar, wie das Verbot kontrolliert werden soll. &#8222;Wenn ich herausfinde, dass Textilien weiter vernichtet werden, wei\u00df ich erstens noch gar nicht, wer die zust\u00e4ndige Beh\u00f6rde ist, bei der ich diese Informationen droppen kann. Und zweitens haben wir keinen Bu\u00dfgeldkatalog. Das hei\u00dft, selbst wenn wir diese Beh\u00f6rde h\u00e4tten, wei\u00df sie nicht, mit welcher Strafe sie dieses Vergehen ahnden kann.&#8220;<\/p>\n<p class=\"textabsatz m-ten m-offset-one l-eight l-offset-two columns twelve\">Der Verband S\u00fcdwesttextil e.V. und der Bundesverband der Deutschen Sportartikel-Industrie e.V. kritisieren au\u00dferdem, dass belastbare Daten und realistische Kosten-Nutzen-Analysen fehlten. Sie fordern, die Industrie bei der Gestaltung der Verordnung eng einzubeziehen.<\/p>\n","protected":false},"excerpt":{"rendered":"Stand: 19.07.2026 \u2022 10:20 Uhr Ab heute d\u00fcrfen gro\u00dfe Unternehmen unverkaufte Kleidung und Schuhe nicht mehr einfach so&hellip;\n","protected":false},"author":2,"featured_media":1177771,"comment_status":"","ping_status":"","sticky":false,"template":"","format":"standard","meta":{"footnotes":"","_share_on_mastodon":"0"},"categories":[5],"tags":[548,74959,13,13895,4103,14,15,1279,12,10,8,9,11,383],"class_list":["post-1177770","post","type-post","status-publish","format-standard","has-post-thumbnail","category-nachrichten","tag-eu","tag-fast-fashion","tag-headlines","tag-kleidung","tag-muell","tag-nachrichten","tag-news","tag-recycling","tag-schlagzeilen","tag-top-news","tag-top-meldungen","tag-topmeldungen","tag-topnews","tag-umwelt"],"share_on_mastodon":{"url":"https:\/\/pubeurope.com\/@de\/116946221785483961","error":""},"_links":{"self":[{"href":"https:\/\/www.europesays.com\/de\/wp-json\/wp\/v2\/posts\/1177770","targetHints":{"allow":["GET"]}}],"collection":[{"href":"https:\/\/www.europesays.com\/de\/wp-json\/wp\/v2\/posts"}],"about":[{"href":"https:\/\/www.europesays.com\/de\/wp-json\/wp\/v2\/types\/post"}],"author":[{"embeddable":true,"href":"https:\/\/www.europesays.com\/de\/wp-json\/wp\/v2\/users\/2"}],"replies":[{"embeddable":true,"href":"https:\/\/www.europesays.com\/de\/wp-json\/wp\/v2\/comments?post=1177770"}],"version-history":[{"count":0,"href":"https:\/\/www.europesays.com\/de\/wp-json\/wp\/v2\/posts\/1177770\/revisions"}],"wp:featuredmedia":[{"embeddable":true,"href":"https:\/\/www.europesays.com\/de\/wp-json\/wp\/v2\/media\/1177771"}],"wp:attachment":[{"href":"https:\/\/www.europesays.com\/de\/wp-json\/wp\/v2\/media?parent=1177770"}],"wp:term":[{"taxonomy":"category","embeddable":true,"href":"https:\/\/www.europesays.com\/de\/wp-json\/wp\/v2\/categories?post=1177770"},{"taxonomy":"post_tag","embeddable":true,"href":"https:\/\/www.europesays.com\/de\/wp-json\/wp\/v2\/tags?post=1177770"}],"curies":[{"name":"wp","href":"https:\/\/api.w.org\/{rel}","templated":true}]}}