{"id":1177818,"date":"2026-07-19T11:12:17","date_gmt":"2026-07-19T11:12:17","guid":{"rendered":"https:\/\/www.europesays.com\/de\/1177818\/"},"modified":"2026-07-19T11:12:17","modified_gmt":"2026-07-19T11:12:17","slug":"francis-keres-europa-debuet-der-kinderknast-von-muenchen","status":"publish","type":"post","link":"https:\/\/www.europesays.com\/de\/1177818\/","title":{"rendered":"Francis K\u00e9r\u00e9s Europa-Deb\u00fct: Der Kinderknast von M\u00fcnchen"},"content":{"rendered":"<p>F\u00fcr die TU M\u00fcnchen hat der Pritzker-Preistr\u00e4ger Francis K\u00e9r\u00e9 eine Kita entworfen, die vermeidet, nach p\u00e4dagogischer Niedlichkeit auszusehen. Das dennoch sinnliche Ergebnis soll bei Kindern vor allem eines herausfordern.<\/p>\n<p class=\"is-first-paragraph\" data-external=\"Article.FirstParagraph\">In dieser Umgebung, zwischen den schmucklosen Lochfassaden der Gabelsbergerstra\u00dfe in der M\u00fcnchener Maxvorstadt, wo seit dem Ende des Zweiten Weltkriegs eine Baul\u00fccke klaffte und zuletzt Autos parkten, w\u00e4re es ein Leichtes gewesen, einfach nur angenehm aufzufallen. Doch dieses Geb\u00e4ude will mehr. Es irritiert. <\/p>\n<p>Mit seinem Lamellenschleier aus edel verrostetem Cortenstahl wirkt das Haus abwehrbereit und hermetisch. Es leuchtet ein wenig angeberisch von innen aus dem Rundum-Gitter heraus, ohne gleich alles von sich preiszugeben. Und das soll eine \u201eKinderoase\u201c sein? Manche werden eher an einen Kinderknast denken.<\/p>\n<p>Aber hier, an der Technischen Universit\u00e4t M\u00fcnchen, wird niemand inhaftiert. Wahrscheinlicher ist, dass die 60 Pl\u00e4tze in der <a class=\"is-link c-block-items__link c-link--rich-text-renderer\" href=\"https:\/\/www.welt.de\/regionales\/bayern\/article6a4cffbe486ea1079bcfe788\/architekten-kita-fuer-tum-spielen-auf-fuenf-etagen-aus-holz.html\" data-internal-tracking-enabled=\"true\" data-internal-tracking=\"{&quot;action&quot;:&quot;click&quot;,&quot;label&quot;:&quot;link&quot;,&quot;name&quot;:&quot;Inline Element&quot;,&quot;data&quot;:{&quot;source&quot;:&quot;&quot;,&quot;target&quot;:&quot;https:\/\/www.welt.de\/regionales\/bayern\/article6a4cffbe486ea1079bcfe788\/architekten-kita-fuer-tum-spielen-auf-fuenf-etagen-aus-holz.html&quot;,&quot;trackingName&quot;:&quot;&quot;,&quot;trackingLabel&quot;:&quot;&quot;}}\" rel=\"nofollow noopener\" target=\"_blank\">neuen Kindertagesst\u00e4tte<\/a> begehrter sein werden, als es die Demografie einer zunehmend geburtenschwachen Gesellschaft erwarten l\u00e4sst. Der burkinisch-deutsche Architekt Francis K\u00e9r\u00e9 hat die Kita als Ort des Spiels entworfen, der den Kindern keine starren Vorschriften auferlegt und ihre Phantasie freimacht; dessen Architektur ihre Kreativit\u00e4t bei der Aneignung des Hauses f\u00f6rdern soll. Ein solcher Raum, wenn er denn in seinem hohen Anspruch gelingt, darf mindestens durch Gitter gesch\u00fctzt werden.<\/p>\n<p>Francis K\u00e9r\u00e9, geboren 1965 in Gando, im damaligen Obervolta, wurde in Deutschland bekannt als Architekt des Operndorfs Afrika in Burkina Faso, das auf eine Idee Christoph Schlingensiefs zur\u00fcckgeht. <a class=\"is-link c-block-items__link c-link--rich-text-renderer\" href=\"https:\/\/www.welt.de\/kultur\/architektur\/article237564047\/Francis-Kere-Ein-Architekt-zeigt-wozu-Afrika-faehig-ist.html\" data-internal-tracking-enabled=\"true\" data-internal-tracking=\"{&quot;action&quot;:&quot;click&quot;,&quot;label&quot;:&quot;link&quot;,&quot;name&quot;:&quot;Inline Element&quot;,&quot;data&quot;:{&quot;source&quot;:&quot;&quot;,&quot;target&quot;:&quot;https:\/\/www.welt.de\/kultur\/architektur\/article237564047\/Francis-Kere-Ein-Architekt-zeigt-wozu-Afrika-faehig-ist.html&quot;,&quot;trackingName&quot;:&quot;&quot;,&quot;trackingLabel&quot;:&quot;&quot;}}\" rel=\"nofollow noopener\" target=\"_blank\">Im Jahr 2022 erhielt er den Pritzker-Preis<\/a>, der als Nobelpreis der Architektur gilt. Die Kinderoase der TUM ist sein Deb\u00fct f\u00fcr ein dauerhaftes Bauwerk in Europa. Zuvor baute er etwa einen tempor\u00e4ren Pavillon f\u00fcr die Serpentine Gallery in London.<\/p>\n<p>\u201eDieses Projekt sollte mein erstes Geb\u00e4ude in Deutschland werden\u201c, erkl\u00e4rt K\u00e9r\u00e9 in seinem Buch <a class=\"is-link c-block-items__link is-external c-link--rich-text-renderer\" href=\"https:\/\/www.taschen.com\/de\/books\/architecture-design\/08099\/francis-kere-building-stories\/\" target=\"_blank\" title=\"Link wird in einem neuen Tab ge\u00f6ffnet\" rel=\"nofollow noopener\" data-internal-tracking-enabled=\"true\" data-internal-tracking=\"{&quot;action&quot;:&quot;click&quot;,&quot;label&quot;:&quot;link&quot;,&quot;name&quot;:&quot;Inline Element&quot;,&quot;data&quot;:{&quot;source&quot;:&quot;&quot;,&quot;target&quot;:&quot;https:\/\/www.taschen.com\/de\/books\/architecture-design\/08099\/francis-kere-building-stories\/&quot;,&quot;trackingName&quot;:&quot;&quot;,&quot;trackingLabel&quot;:&quot;&quot;}}\">\u201eBuilding Stories\u201c<\/a>, das sein gesamtes Werk \u2013 darunter Schulen, Gemeinschaftszentren, aber auch Parlamentsgeb\u00e4ude f\u00fcr Benin und Burkina Faso sowie ein Kunstmuseum in Las Vegas \u2013 und seine Entwurfsphilosophie als reich bebilderte Ich-Erz\u00e4hlung vorstellt (Taschen Verlag, 444 Seiten, auf Englisch). \u201eIch wollte keine Kompromisse bei den Werten eingehen, die meine Arbeit seit jeher geleitet haben: Nachhaltigkeit, Standortbezogenheit und Menschlichkeit.\u201c<\/p>\n<p>Hinter der zun\u00e4chst abweisend erscheinenden Stahlh\u00fclle verbirgt sich \u00fcbrigens eine <a class=\"is-link c-block-items__link c-link--rich-text-renderer\" href=\"https:\/\/www.welt.de\/wirtschaft\/plus256029416\/Holzhaus-CO2-Killer-oder-Klimaretter-Die-ueberraschende-Wahrheit-ueber-den-Holzbau.html\" data-internal-tracking-enabled=\"true\" data-internal-tracking=\"{&quot;action&quot;:&quot;click&quot;,&quot;label&quot;:&quot;link&quot;,&quot;name&quot;:&quot;Inline Element&quot;,&quot;data&quot;:{&quot;source&quot;:&quot;&quot;,&quot;target&quot;:&quot;https:\/\/www.welt.de\/wirtschaft\/plus256029416\/Holzhaus-CO2-Killer-oder-Klimaretter-Die-ueberraschende-Wahrheit-ueber-den-Holzbau.html&quot;,&quot;trackingName&quot;:&quot;&quot;,&quot;trackingLabel&quot;:&quot;&quot;}}\" rel=\"nofollow noopener\" target=\"_blank\">Holzkonstruktion<\/a>, die mit Ausnahme der Fundamente und des Fluchttreppenhauses ohne Beton auskommt und auf regionale H\u00f6lzer zur\u00fcckgreift. Das Bauen mit Holz erfordere \u201ejedoch die Einhaltung strenger deutscher Normen in Bezug auf Energieeffizienz, thermischen Komfort, Brandschutz und Akustik\u201c, so K\u00e9r\u00e9, weshalb das Geb\u00e4ude in enger Zusammenarbeit mit Hermann Kaufmann entstand, dem langj\u00e4hrigen Professor f\u00fcr Holzbau an der TUM. <\/p>\n<p>Holz habe aber auch einen sinnlichen Charakter, wie er K\u00e9r\u00e9s Entw\u00fcrfe zumeist auszeichnet. F\u00fcr eine Kindertagesst\u00e4tte habe sich das Naturmaterial f\u00f6rmlich aufgedr\u00e4ngt: \u201eSeine W\u00e4rme, seine Stille, sein Duft und seine Weichheit machen es zu einem idealen Material f\u00fcr kleine Menschen, die die Welt entdecken.\u201c Und so sind sogar die Tunnelrutschen, die f\u00fcnf Etagen zum \u201evertikalen Spielplatz\u201c \u00e0 la Francis K\u00e9r\u00e9 verbinden, aus Holz gefertigt. Trotzdem: Selten wirkte eine Neubaukita so wenig niedlich. <\/p>\n","protected":false},"excerpt":{"rendered":"F\u00fcr die TU M\u00fcnchen hat der Pritzker-Preistr\u00e4ger Francis K\u00e9r\u00e9 eine Kita entworfen, die vermeidet, nach p\u00e4dagogischer Niedlichkeit auszusehen.&hellip;\n","protected":false},"author":2,"featured_media":1177819,"comment_status":"","ping_status":"","sticky":false,"template":"","format":"standard","meta":{"footnotes":"","_share_on_mastodon":"0"},"categories":[3933],"tags":[331,332,2251,2250,548,663,158,3934,3935,246399,13,246398,107194,14,15,12,45],"class_list":["post-1177818","post","type-post","status-publish","format-standard","has-post-thumbnail","category-eu","tag-aktuelle-nachrichten","tag-aktuelle-news","tag-architekten","tag-architektur","tag-eu","tag-europa","tag-europaeische-union","tag-europe","tag-european-union","tag-francis","tag-headlines","tag-kere","tag-kindertagesstaetten-kitas-ks","tag-nachrichten","tag-news","tag-schlagzeilen","tag-texttospeech"],"share_on_mastodon":{"url":"https:\/\/pubeurope.com\/@de\/116946347642752392","error":""},"_links":{"self":[{"href":"https:\/\/www.europesays.com\/de\/wp-json\/wp\/v2\/posts\/1177818","targetHints":{"allow":["GET"]}}],"collection":[{"href":"https:\/\/www.europesays.com\/de\/wp-json\/wp\/v2\/posts"}],"about":[{"href":"https:\/\/www.europesays.com\/de\/wp-json\/wp\/v2\/types\/post"}],"author":[{"embeddable":true,"href":"https:\/\/www.europesays.com\/de\/wp-json\/wp\/v2\/users\/2"}],"replies":[{"embeddable":true,"href":"https:\/\/www.europesays.com\/de\/wp-json\/wp\/v2\/comments?post=1177818"}],"version-history":[{"count":0,"href":"https:\/\/www.europesays.com\/de\/wp-json\/wp\/v2\/posts\/1177818\/revisions"}],"wp:featuredmedia":[{"embeddable":true,"href":"https:\/\/www.europesays.com\/de\/wp-json\/wp\/v2\/media\/1177819"}],"wp:attachment":[{"href":"https:\/\/www.europesays.com\/de\/wp-json\/wp\/v2\/media?parent=1177818"}],"wp:term":[{"taxonomy":"category","embeddable":true,"href":"https:\/\/www.europesays.com\/de\/wp-json\/wp\/v2\/categories?post=1177818"},{"taxonomy":"post_tag","embeddable":true,"href":"https:\/\/www.europesays.com\/de\/wp-json\/wp\/v2\/tags?post=1177818"}],"curies":[{"name":"wp","href":"https:\/\/api.w.org\/{rel}","templated":true}]}}