{"id":1177856,"date":"2026-07-19T11:40:16","date_gmt":"2026-07-19T11:40:16","guid":{"rendered":"https:\/\/www.europesays.com\/de\/1177856\/"},"modified":"2026-07-19T11:40:16","modified_gmt":"2026-07-19T11:40:16","slug":"duesseldorf-bier-deckel-treff-eroeffnet-werstener-heimatsommer","status":"publish","type":"post","link":"https:\/\/www.europesays.com\/de\/1177856\/","title":{"rendered":"D\u00fcsseldorf: Bier-Deckel-Treff er\u00f6ffnet Werstener Heimatsommer"},"content":{"rendered":"<p class=\"text_ohne_einzug richtext text-em-55 !leading-serif mx-6 desktop:mx-0\"> Es ist wohl eine der l\u00e4ssigsten Arten in die Ferien zu gleiten: sich mit einem k\u00fchlen Getr\u00e4nk auf den Werstener Deckel zu setzen und mit Bekannten und Freunden ein wenig zu plauschen. Die Werbegemeinschaft \u201eWir in Wersten\u201c hatte am Wochenende zum 4. Bier-Deckel-Treffen geladen.<\/p>\n<p class=\"richtext text-em-55 !leading-serif mx-6 desktop:mx-0\">Und ab dem sp\u00e4teren Freitagnachmittag kamen Werstenerinnen und Werstener zu einem kleinen Umtrunk zusammen, eben auf dem Deckel, wie eigentlich alle im Stadtteil den Tunnel \u00fcber der A46 nennen. Auf der Rasenfl\u00e4che zwischen Nixenstra\u00dfe und Werstener Dorfstra\u00dfe ist ein Bierstand aufgebaut, es laden Liegest\u00fchle und Stehtische zum Verweilen ein und ein DJ sorgt f\u00fcr rhythmische Untermalung.<\/p>\n<p class=\"richtext text-em-55 !leading-serif mx-6 desktop:mx-0\">Der Bierdeckel-Treff bildet den Auftakt zum Werstener Heimatsommer. Entstanden sei die Idee und das Wortspiel mit dem Namen an einem Gl\u00fchweinstand, so erz\u00e4hlt man es sich. Beim Bierdeckel-Treff im Hochsommer gibt es aber selbstredend nicht das Warmgetr\u00e4nk, sondern ein k\u00fchles Hopfengebr\u00e4u.<\/p>\n<p class=\"richtext text-em-55 !leading-serif mx-6 desktop:mx-0\">Wie jedes Jahr ist die Werbegemeinschaft vorab auf die Suche gegangen nach einem Bier, das man hier noch nicht kennt. F\u00fcndig geworden ist man dieses Mal in einer Brauerei in Kamp-Lintfort, die unter anderem sowohl ein Helles als auch ein Alt anbietet. Das Unternehmen ist noch recht jung und braut erst seit 2012.<\/p>\n<p class=\"richtext text-em-55 !leading-serif mx-6 desktop:mx-0\">Beim Namen verbietet sich aber jedes weitere Wortspiel: Das Bier hei\u00dft Geilings Br\u00e4u und die Altbier-Variante schmeckt durchaus gut. Es ist nicht zu herb, erinnert ein bisschen an die s\u00fc\u00dferen D\u00fcsseldorfer Alt-Biere. Dirk Rauchmann von der \u201eW\u00e4schte 161 Kultur Bud\u201c befindet: \u201eDas kann man trinken.\u201c Und \u00fcber Geschmack l\u00e4sst sich sowieso schlecht streiten. Die einen nennen es \u201ehopfig\u201c mit angenehmer Bitter-Note, andere wollen einen leichten Maracuja-Abgang herausgeschmeckt haben. Verkauft wird es f\u00fcr vier Euro die 0,5-Liter-Flasche. Viele kommen vorbei und greifen zu. Sp\u00e4testens geleert musste alles um 22 Uhr sein. Mit R\u00fccksicht auf das Ruhebed\u00fcrfnis der Nachbarn war dann p\u00fcnktlich Schluss und die Musik aus. Am Samstag ging es dann weiter.<\/p>\n<p class=\"richtext text-em-55 !leading-serif mx-6 desktop:mx-0\">Neben den Getr\u00e4nken gab es auch kulinarische K\u00f6stlichkeiten wie die \u201eDicke Fritte\u201c und hei\u00dfe W\u00fcrstchen im Br\u00f6tchen, also Hot Dogs. Denn Grillen durfte die Werbegemeinschaft nicht. Das war von Amts wegen untersagt worden. Nat\u00fcrlich wohl zu Recht, meinte auch Rauchmann mit Blick auf den Rasen, der braun verbrannt und vermutlich leicht entflammbar ist.<\/p>\n<p class=\"richtext text-em-55 !leading-serif mx-6 desktop:mx-0\">Der zweite Tag ist beim Bierdeckel stets der Familiennachmittag. Daf\u00fcr hatte die Gemeinschaft f\u00fcr die kleineren Deckelbesucherinnen und -besucher den Mitmachzirkus D\u00fcsseldorf gewinnen k\u00f6nnen. Dessen Angebot wurde viel genutzt. Bier gab es auch noch, aber von den bevorrateten rund 600 Flaschen Geilings Br\u00e4u waren zu dem Zeitpunkt die meisten schon vergriffen.<\/p>\n<p class=\"richtext text-em-55 !leading-serif mx-6 desktop:mx-0\">Der zweite Teil des Werstener Heimatsommers erfolgt am 22. August. Dann l\u00e4dt die Gemeinschaft ein zu \u201eKlassik am See\u201c. Am Angler-See kann man eine Bierbank-Garnitur buchen oder sich einen Platz f\u00fcr die eigene Picknick-Decke reservieren. Dann werden klassische Kl\u00e4nge direkt von einer Plattform auf dem See ans Ufer \u00fcbertragen. Los geht es um 18.30 Uhr. Tickets und Infos unter: www.wersten.de.<\/p>\n","protected":false},"excerpt":{"rendered":"Es ist wohl eine der l\u00e4ssigsten Arten in die Ferien zu gleiten: sich mit einem k\u00fchlen Getr\u00e4nk auf&hellip;\n","protected":false},"author":2,"featured_media":1177857,"comment_status":"","ping_status":"","sticky":false,"template":"","format":"standard","meta":{"footnotes":"","_share_on_mastodon":"0"},"categories":[1831],"tags":[18131,6151,2326,246406,165552,185602,35891,69982,3364,10298,25000,246404,29,3405,246402,25727,30,246405,35208,1209,69699,11730,9625,17549,35209,246403],"class_list":["post-1177856","post","type-post","status-publish","format-standard","has-post-thumbnail","category-duesseldorf","tag-altbier","tag-besucher","tag-bier","tag-bierbank","tag-bierdeckel","tag-bierstand","tag-brau","tag-braun","tag-de","tag-decke","tag-deckel","tag-deckelbesucherinnen","tag-deutschland","tag-duesseldorf","tag-geilings","tag-gemeinschaft","tag-germany","tag-hopfengebraeu","tag-kohkemper","tag-nordrhein-westfalen","tag-rauchmann","tag-suche","tag-werbegemeinschaft","tag-wersten","tag-werstener","tag-werstenerinnen"],"share_on_mastodon":{"url":"","error":""},"_links":{"self":[{"href":"https:\/\/www.europesays.com\/de\/wp-json\/wp\/v2\/posts\/1177856","targetHints":{"allow":["GET"]}}],"collection":[{"href":"https:\/\/www.europesays.com\/de\/wp-json\/wp\/v2\/posts"}],"about":[{"href":"https:\/\/www.europesays.com\/de\/wp-json\/wp\/v2\/types\/post"}],"author":[{"embeddable":true,"href":"https:\/\/www.europesays.com\/de\/wp-json\/wp\/v2\/users\/2"}],"replies":[{"embeddable":true,"href":"https:\/\/www.europesays.com\/de\/wp-json\/wp\/v2\/comments?post=1177856"}],"version-history":[{"count":0,"href":"https:\/\/www.europesays.com\/de\/wp-json\/wp\/v2\/posts\/1177856\/revisions"}],"wp:featuredmedia":[{"embeddable":true,"href":"https:\/\/www.europesays.com\/de\/wp-json\/wp\/v2\/media\/1177857"}],"wp:attachment":[{"href":"https:\/\/www.europesays.com\/de\/wp-json\/wp\/v2\/media?parent=1177856"}],"wp:term":[{"taxonomy":"category","embeddable":true,"href":"https:\/\/www.europesays.com\/de\/wp-json\/wp\/v2\/categories?post=1177856"},{"taxonomy":"post_tag","embeddable":true,"href":"https:\/\/www.europesays.com\/de\/wp-json\/wp\/v2\/tags?post=1177856"}],"curies":[{"name":"wp","href":"https:\/\/api.w.org\/{rel}","templated":true}]}}