{"id":1177947,"date":"2026-07-19T12:36:25","date_gmt":"2026-07-19T12:36:25","guid":{"rendered":"https:\/\/www.europesays.com\/de\/1177947\/"},"modified":"2026-07-19T12:36:25","modified_gmt":"2026-07-19T12:36:25","slug":"bochum-vier-schwerverletzte-nach-unfall-auf-der-a43","status":"publish","type":"post","link":"https:\/\/www.europesays.com\/de\/1177947\/","title":{"rendered":"Bochum: Vier Schwerverletzte nach Unfall auf der A43"},"content":{"rendered":"<p>\t\tCastrop-Rauxelerin f\u00e4hrt auf Stauende auf<br \/>\n\t\t\t\t\tVier Menschen auf der A43 schwer verletzt<\/p>\n<p>    <a href=\"https:\/\/www.ruhrnachrichten.de\/wp-content\/uploads\/2026\/07\/19\/11\/630_0900_6547938_-1648x824.jpg\" rel=\"nofollow noopener\" target=\"_blank\"><\/p>\n<p>            <img loading=\"lazy\" decoding=\"async\" src=\"https:\/\/www.europesays.com\/de\/wp-content\/uploads\/2026\/07\/630_0900_6547935_-640x428.jpg\" width=\"640\" height=\"428\"  alt=\"Blaulicht mit LED-Anzeige &quot;Unfall&quot; auf dem Dach eines Polizeiwagens.\"\/><\/p>\n<p>    <\/a><br \/>\n    Nach einem schweren Unfall auf der A43 war die Autobahn mehrere Stunden gesperrt. \u00a9 Stefan Puchner\/dpa (Symbolbild)<\/p>\n<p class=\"article__teaser-text\">Eine Autofahrerin aus Castrop-Rauxel f\u00e4hrt auf der A43 bei Bochum auf ein Stauende auf. Vier Menschen, darunter zwei Kleinkinder, werden schwer verletzt.<\/p>\n<p>1 Min Lesezeit<\/p>\n<p>Bei einem Auffahrunfall auf der A43 in Fahrtrichtung M\u00fcnster sind am Samstag (18.7.) kurz vor dem Autobahnkreuz Bochum vier Menschen schwer verletzt worden, darunter zwei Kleinkinder. Ein weiterer Mann erlitt leichte Verletzungen. Das geht aus einer Pressemitteilung der Polizei Dortmund hervor.<\/p>\n<p>Nach bisherigen Erkenntnissen fuhr eine 31-j\u00e4hrige Frau aus Castrop-Rauxel auf dem rechten Fahrstreifen, als sie aus bislang ungekl\u00e4rter Ursache ein Stauende zu sp\u00e4t erkannte.<\/p>\n<p>Sie konnte ihren Wagen nicht mehr rechtzeitig abbremsen und prallte zun\u00e4chst auf das Auto eines 36-j\u00e4hrigen Mannes aus Hattingen, der am Stauende wartete. Dessen Fahrzeug wurde durch die Wucht des Aufpralls gegen die rechte Schutzplanke geschoben.<\/p>\n<p>Autobahn drei Stunden gesperrt<\/p>\n<p>Anschlie\u00dfend stie\u00df der Wagen der 31-J\u00e4hrigen mit dem ebenfalls wartenden Auto einer 53-j\u00e4hrigen Frau aus Witten zusammen. Das Fahrzeug der Unfallverursacherin kam schlie\u00dflich auf dem linken Fahrstreifen zum Stehen.<\/p>\n<p>Schwere Verletzungen erlitten die 31-j\u00e4hrige Fahrerin, ihre beiden Kinder im Alter von acht Monaten und zweieinhalb Jahren sowie ihre 57-j\u00e4hrige Beifahrerin aus Bochum. Sie wurden nach der Erstversorgung in umliegende Krankenh\u00e4user gebracht. Der 36-J\u00e4hrige wurde leicht verletzt, die 53-J\u00e4hrige blieb unverletzt.<\/p>\n<p>F\u00fcr die Unfallaufnahme blieb die Richtungsfahrbahn M\u00fcnster bis 16.30 Uhr vollst\u00e4ndig gesperrt. Alle beteiligten Fahrzeuge wurden abgeschleppt. Den Sachschaden sch\u00e4tzt die Polizei auf rund 75.000 Euro.<\/p>\n","protected":false},"excerpt":{"rendered":"Castrop-Rauxelerin f\u00e4hrt auf Stauende auf Vier Menschen auf der A43 schwer verletzt Nach einem schweren Unfall auf der&hellip;\n","protected":false},"author":2,"featured_media":1177948,"comment_status":"","ping_status":"","sticky":false,"template":"","format":"standard","meta":{"footnotes":"","_share_on_mastodon":"0"},"categories":[1839],"tags":[1950,7507,3364,29,30,1209,2331],"class_list":["post-1177947","post","type-post","status-publish","format-standard","has-post-thumbnail","category-bochum","tag-blaulicht","tag-bochum","tag-de","tag-deutschland","tag-germany","tag-nordrhein-westfalen","tag-polizeimeldung"],"share_on_mastodon":{"url":"https:\/\/pubeurope.com\/@de\/116946679199130547","error":""},"_links":{"self":[{"href":"https:\/\/www.europesays.com\/de\/wp-json\/wp\/v2\/posts\/1177947","targetHints":{"allow":["GET"]}}],"collection":[{"href":"https:\/\/www.europesays.com\/de\/wp-json\/wp\/v2\/posts"}],"about":[{"href":"https:\/\/www.europesays.com\/de\/wp-json\/wp\/v2\/types\/post"}],"author":[{"embeddable":true,"href":"https:\/\/www.europesays.com\/de\/wp-json\/wp\/v2\/users\/2"}],"replies":[{"embeddable":true,"href":"https:\/\/www.europesays.com\/de\/wp-json\/wp\/v2\/comments?post=1177947"}],"version-history":[{"count":0,"href":"https:\/\/www.europesays.com\/de\/wp-json\/wp\/v2\/posts\/1177947\/revisions"}],"wp:featuredmedia":[{"embeddable":true,"href":"https:\/\/www.europesays.com\/de\/wp-json\/wp\/v2\/media\/1177948"}],"wp:attachment":[{"href":"https:\/\/www.europesays.com\/de\/wp-json\/wp\/v2\/media?parent=1177947"}],"wp:term":[{"taxonomy":"category","embeddable":true,"href":"https:\/\/www.europesays.com\/de\/wp-json\/wp\/v2\/categories?post=1177947"},{"taxonomy":"post_tag","embeddable":true,"href":"https:\/\/www.europesays.com\/de\/wp-json\/wp\/v2\/tags?post=1177947"}],"curies":[{"name":"wp","href":"https:\/\/api.w.org\/{rel}","templated":true}]}}