{"id":1177990,"date":"2026-07-19T13:08:25","date_gmt":"2026-07-19T13:08:25","guid":{"rendered":"https:\/\/www.europesays.com\/de\/1177990\/"},"modified":"2026-07-19T13:08:25","modified_gmt":"2026-07-19T13:08:25","slug":"kinderferienparty-dortmund-spiel-sport-spass-ab-20-juli","status":"publish","type":"post","link":"https:\/\/www.europesays.com\/de\/1177990\/","title":{"rendered":"Kinderferienparty Dortmund: Spiel, Sport &#038; Spa\u00df ab 20. Juli"},"content":{"rendered":"<p>    <a href=\"https:\/\/www.ruhrnachrichten.de\/wp-content\/uploads\/2026\/07\/17\/12\/630_0900_6541194_-1648x824.jpg\" rel=\"nofollow noopener\" target=\"_blank\"><\/p>\n<p>            <img decoding=\"async\" fetchpriority=\"high\" src=\"https:\/\/www.europesays.com\/de\/wp-content\/uploads\/2026\/07\/630_0900_6541188_-640x426.jpg\" width=\"640\" height=\"426\"  alt=\"Dokom-Gesch\u00e4ftsf\u00fchrer Marko Iaconisi, Ferienparty-Gesch\u00e4ftsf\u00fchrer Friedrich Dieck sowie Sabine Poschmann und Olaf Schlienkamp vom Tr\u00e4gerverein freuen sich auf den Start der Kinderferienparty 2026.\"\/><\/p>\n<p>    <\/a><br \/>\n    Viel Platz gibt es f\u00fcr Kinder &#8211; in den Tagen werden bis zu 40.000 kleine Besucherinnen und Besucher erwartet. \u00a9 Archiv<\/p>\n<p class=\"article__teaser-text\">Zum 54. Mal findet ab dem 20. Juli in der Helmut-K\u00f6rnig-Halle die Kinderferienparty statt. Zwei Wochen lang gibt es kostenlos Sport und Spiel f\u00fcr Ferienkinder.<\/p>\n<p>2 Min Lesezeit<\/p>\n<p>Sommerferien, aber (noch) keine Urlaubsreise in Sicht? F\u00fcr Dortmunder Kinder gibt es eine gute Alternative: Zwei Wochen lang bietet die Kinderferienparty wieder kostenlos Spiel, Sport und Spa\u00df in der Helmut-K\u00f6rnig-Halle an der Strobelallee. Viele Eltern und sogar Gro\u00dfeltern kennen das Angebot noch aus der eigenen Kindheit. 1973 fand die erste Kinderferienparty, damals noch in der Westfalenhalle 4, statt. \u201eUnd das Angebot ist immer noch sehr nachgefragt\u201c, freut sich die Vorsitzende des Tr\u00e4gervereins, Sabine Poschmann.<\/p>\n<p>\t\t<a href=\"https:\/\/www.ruhrnachrichten.de\/dortmund\/sommerferien-dortmund-tipps-stau-events-freibaeder-ausflugsziele-urlaub-w1222439-2002149464\/\" rel=\"nofollow noopener\" aria-hidden=\"true\" tabindex=\"-1\" title=\"Vom Freibad bis zum Strand So werden die Sommerferien in Dortmund leichter\" aria-label=\"Vom Freibad bis zum Strand So werden die Sommerferien in Dortmund leichter\" target=\"_blank\"><\/p>\n<p>                <img decoding=\"async\" src=\"https:\/\/www.europesays.com\/de\/wp-content\/uploads\/2026\/07\/630_0900_6540806_-160x160.jpg\"  width=\"160\" height=\"160\" alt=\"Drei Kinder rutschen eine Wasserbahn hinunter\" loading=\"lazy\"\/><\/p>\n<p>\t\t<\/a><\/p>\n<p>Zumal sich sowohl Ort als auch Angebot \u00fcber die Jahre immer wieder ver\u00e4ndert haben. \u00dcber die Eissporthalle ist man nun in der Helmut-K\u00f6rnig-Halle gelandet, wo vor allem den sportlichen Aktivit\u00e4ten kaum Grenzen gesetzt sind. \u00dcber 40 verschiedene Angebote warten in der Leichtathletik-Arena auf die Ferienkinder \u2013 von Fu\u00dfball und Volleyball \u00fcber Hockey und Minigolf bis zu Skaten und Trampolinspringen.<\/p>\n<p><img decoding=\"async\" loading=\"lazy\" src=\"https:\/\/www.europesays.com\/de\/wp-content\/uploads\/2026\/07\/630_0863_1222429_Akue_Kinderferienparty630_0900_6541197_.jpg\" alt=\"Dokom-Gesch\u00e4ftsf\u00fchrer Marko Iaconisi (l.), Ferienparty-Gesch\u00e4ftsf\u00fchrer Friedrich Dieck (2.v.r.) sowie Sabine Poschmann und Olaf Schlienkamp vom Tr\u00e4gerverein freuen sich auf den Start der Kinderferienparty 2026.\"\/>Dokom-Gesch\u00e4ftsf\u00fchrer Marko Iaconisi (l.), Ferienparty-Gesch\u00e4ftsf\u00fchrer Friedrich Dieck (2.v.r.) sowie Sabine Poschmann und Olaf Schlienkamp vom Tr\u00e4gerverein freuen sich auf den Start der Kinderferienparty 2026.\u00a9 Oliver Volmerich<\/p>\n<p><img decoding=\"async\" loading=\"lazy\" src=\"https:\/\/www.europesays.com\/de\/wp-content\/uploads\/2026\/07\/630_0863_1222429_Akue_Kinderferienparty630_0900_6540494_.jpg\" alt=\"Das Schwarzwei\u00df-Foto zeigt spielende Kinder auf der Kinderferienparty in den 1970er-Jahren.\"\/>So sah es in den Anfangsjahren bei der Kinderferienparty aus.\u00a9 RN-Archiv<\/p>\n<p>Eher ruhiger geht es auf der oberen Ebene zu, wo es verschiedene Kreativangebote etwa mit Malen und Basteln gibt. Hier finden auch Kurse zu gesundem Kochen statt, k\u00fcndigt Friedrich Dieck als Gesch\u00e4ftsf\u00fchrer der Kinderferienparty an. Zu den besonderen Aktionen geh\u00f6ren Besuche der Feuerwehr, der Kradstaffel der Polizei und Zirkustraining mit den Trainern des Zirkus Fritzantino.<\/p>\n<p>Wie schon vor mehr als 50 Jahren gilt weiterhin: F\u00fcr Eltern sind die Spielbereiche in der Helmut-K\u00f6rnig-Halle tabu. Sie k\u00f6nnen von der Trib\u00fcne aus zuschauen. F\u00fcr die Betreuung der Kinder sind aber f\u00fcnf P\u00e4dagoginnen und P\u00e4dagogen sowie 30 Helferinnen und Helfer im Einsatz, k\u00fcndigt Pit Simon als p\u00e4dagogischer Leiter an.<\/p>\n<p>Erwartet werden wieder 35.000 bis 40.000 kleine Besucher an den zehn Party-Tagen. Ge\u00f6ffnet ist die Kinderferienparty in den ersten zwei Ferienwochen bis zum 31. Juli jeweils von 10 bis 17 Uhr, wobei die Er\u00f6ffnung am Montag (20.7.) um 10.30 Uhr stattfindet. <\/p>\n<p>F\u00fcr die Kinderferienparty steht ein Etat von 102.000 Euro zur Verf\u00fcgung \u2013 erm\u00f6glicht durch Spenden und Sponsoren. Neu dabei sind unter anderem die Stadtt\u00f6chter Dokom21 und Dogewo21. Und die Vertreter des Tr\u00e4gervereins sind st\u00e4ndig unterwegs, neue Unterst\u00fctzer einzuwerben. \u201eOhne Sponsoren k\u00f6nnte die Kinderferienparty nicht stattfinden\u201c, stellt Sabine Poschmann fest.<\/p>\n<p>\t\t<a href=\"https:\/\/www.ruhrnachrichten.de\/dortmund\/spielplatz-phoenix-see-sand-55-grad-heiss-gefahr-fuer-kinder-w1221385-2002147375\/\" rel=\"nofollow noopener\" aria-hidden=\"true\" tabindex=\"-1\" title=\"\u201eMama, ich habe mich verbrannt!\u201c Sand auf Spielplatz am Phoenix-See wird 55 Grad hei\u00df\" aria-label=\"\u201eMama, ich habe mich verbrannt!\u201c Sand auf Spielplatz am Phoenix-See wird 55 Grad hei\u00df\" target=\"_blank\"><\/p>\n<p>                <img decoding=\"async\" src=\"https:\/\/www.europesays.com\/de\/wp-content\/uploads\/2026\/07\/630_0900_6528942_-160x160.jpg\"  width=\"160\" height=\"160\" alt=\"Julia Ladendorf und Sven Schlesinger mit ihrer Tochter Ameli\u00e9 auf dem Spielplatz am Kaiserberg am Phoenix-See\" loading=\"lazy\"\/><\/p>\n<p>\t\t<\/a><\/p>\n<p>\t\t<a href=\"https:\/\/www.ruhrnachrichten.de\/dortmund\/lehrermangel-dortmund-pit-simon-pensionierter-sportlehrer-unterrichtet-weiter-w1216041-2002135691\/\" rel=\"nofollow noopener\" aria-hidden=\"true\" tabindex=\"-1\" title=\"Der Lehrer, der freitags nicht fehlen darf Pit Simon (69) arbeitet immer noch\" aria-label=\"Der Lehrer, der freitags nicht fehlen darf Pit Simon (69) arbeitet immer noch\" target=\"_blank\"><\/p>\n<p>                <img decoding=\"async\" src=\"https:\/\/www.europesays.com\/de\/wp-content\/uploads\/2026\/07\/630_0900_6480815_-160x160.jpg\"  width=\"160\" height=\"160\" alt=\"Ein Sportlehrer mit grauen Haaren steht in einer Turnhalle und lehnt an einem Kasten. Im Hintergrund: ein Basketballkorb, ein Handballtor, eine Sprossenwand sowie Matten und Seile.\" loading=\"lazy\"\/><\/p>\n<p>\t\t<\/a><\/p>\n<p><img decoding=\"async\" loading=\"lazy\" src=\"https:\/\/www.europesays.com\/de\/wp-content\/uploads\/2026\/07\/630_0863_1222429_Akue_Kinderferienparty630_0900_6540502_.jpg\" alt=\"Blick in die Helmut-K\u00f6rnig-Halle mit aufgebauten Spielger\u00e4ten.\"\/>Viel Platz gibt es f\u00fcr Kinder in der Helmut-K\u00f6rnig-Halle. Eltern d\u00fcrfen nur auf die Trib\u00fcne.\u00a9 Oliver Schaper (Archiv)<\/p>\n","protected":false},"excerpt":{"rendered":"Viel Platz gibt es f\u00fcr Kinder &#8211; in den Tagen werden bis zu 40.000 kleine Besucherinnen und Besucher&hellip;\n","protected":false},"author":2,"featured_media":1177991,"comment_status":"","ping_status":"","sticky":false,"template":"","format":"standard","meta":{"footnotes":"","_share_on_mastodon":"0"},"categories":[1833],"tags":[3364,29,217,7754,6042,30,1209],"class_list":["post-1177990","post","type-post","status-publish","format-standard","has-post-thumbnail","category-dortmund","tag-de","tag-deutschland","tag-dortmund","tag-familie-kinder","tag-ferienprogramm","tag-germany","tag-nordrhein-westfalen"],"share_on_mastodon":{"url":"https:\/\/pubeurope.com\/@de\/116946803993256955","error":""},"_links":{"self":[{"href":"https:\/\/www.europesays.com\/de\/wp-json\/wp\/v2\/posts\/1177990","targetHints":{"allow":["GET"]}}],"collection":[{"href":"https:\/\/www.europesays.com\/de\/wp-json\/wp\/v2\/posts"}],"about":[{"href":"https:\/\/www.europesays.com\/de\/wp-json\/wp\/v2\/types\/post"}],"author":[{"embeddable":true,"href":"https:\/\/www.europesays.com\/de\/wp-json\/wp\/v2\/users\/2"}],"replies":[{"embeddable":true,"href":"https:\/\/www.europesays.com\/de\/wp-json\/wp\/v2\/comments?post=1177990"}],"version-history":[{"count":0,"href":"https:\/\/www.europesays.com\/de\/wp-json\/wp\/v2\/posts\/1177990\/revisions"}],"wp:featuredmedia":[{"embeddable":true,"href":"https:\/\/www.europesays.com\/de\/wp-json\/wp\/v2\/media\/1177991"}],"wp:attachment":[{"href":"https:\/\/www.europesays.com\/de\/wp-json\/wp\/v2\/media?parent=1177990"}],"wp:term":[{"taxonomy":"category","embeddable":true,"href":"https:\/\/www.europesays.com\/de\/wp-json\/wp\/v2\/categories?post=1177990"},{"taxonomy":"post_tag","embeddable":true,"href":"https:\/\/www.europesays.com\/de\/wp-json\/wp\/v2\/tags?post=1177990"}],"curies":[{"name":"wp","href":"https:\/\/api.w.org\/{rel}","templated":true}]}}