{"id":1177994,"date":"2026-07-19T13:10:50","date_gmt":"2026-07-19T13:10:50","guid":{"rendered":"https:\/\/www.europesays.com\/de\/1177994\/"},"modified":"2026-07-19T13:10:50","modified_gmt":"2026-07-19T13:10:50","slug":"keine-ruhe-kein-zurueck-queere-rechte-stueck-fuer-stueck-das-war-der-csd-in-leipzig-am-18-juli-2026-videos-%c2%b7-leipziger-zeitung","status":"publish","type":"post","link":"https:\/\/www.europesays.com\/de\/1177994\/","title":{"rendered":"Keine Ruhe, kein Zur\u00fcck &#8211; Queere Rechte St\u00fcck f\u00fcr St\u00fcck! Das war der CSD in Leipzig am 18. Juli 2026 + Videos \u00b7 Leipziger Zeitung"},"content":{"rendered":"<p class=\"translation-notice\">This article is also available in English: <a href=\"https:\/\/www.l-iz.de\/en\/politics\/leipzig-en\/2026\/07\/no-rest-no-turning-back-queer-rights-step-by-step-that-was-the-csd-in-leipzig-on-18-july-2026-videos-664781\" rel=\"nofollow noopener\" target=\"_blank\">Read this article in English<\/a>.<\/p>\n<p>Es waren 20.000 Menschen f\u00fcr die Abschlusskundgebung und die gro\u00dfe Demonstration des diesj\u00e4hrigen CSD in Leipzig prognostiziert, nach unserer Sch\u00e4tzung wurde diese Zahl auch erreicht. Der Augustusplatz war 11.00 Uhr, also zum Beginn der Veranstaltung, schon gut gef\u00fcllt und es wurden immer mehr Menschen.<\/p>\n<p>Etwas versp\u00e4tet, nach der Verlesung von Hinweisen und Auflagen, er\u00f6ffneten Drag Queen Luna Neptune und Oliver Viehweg die Veranstaltung und begr\u00fc\u00dften die Anwesenden herzlich. <img decoding=\"async\" src=\"https:\/\/www.europesays.com\/de\/wp-content\/uploads\/2026\/07\/3291fa1d3a624d8091191c9c07c7bede.gif\" width=\"https:\/\/www.l-iz.de\/politik\/leipzig\/2026\/07\/1\" height=\"https:\/\/www.l-iz.de\/politik\/leipzig\/2026\/07\/1\" alt=\"\"\/><\/p>\n<p><img loading=\"lazy\" decoding=\"async\" class=\"size-full wp-image-664771\" src=\"https:\/\/www.europesays.com\/de\/wp-content\/uploads\/2026\/07\/Luna-Neptune-bei-der-Anmoderation.-Foto-Thomas-Koehler.jpg\" alt=\"\" width=\"1620\" height=\"1080\"  \/>Luna Neptune bei der Anmoderation. Foto: Thomas K\u00f6hler<\/p>\n<p>Die B\u00fcrgermeisterin f\u00fcr Soziales, Gesundheit und Vielfalt, Dr. Martina M\u00fcnch, begann die Runde der Redebeitr\u00e4ge mit ihrem Gru\u00dfwort. Sie sprach besonders zur Geschichte des CSD in Leipzig: \u201eAm 28. Juni 1992 fand in Leipzig der erste Christopher Street Day statt. Damals war das eine Handvoll Plakate, eine kleine Gruppe von Menschen, mehr war das nicht. Es war der erste CSD in Ostdeutschland und er war der Anfang von dem, was heute und vor allen Dingen auch noch sp\u00e4ter f\u00fcr den Umzug und auch f\u00fcr das Fest hier auf den Platz bringt.\u201c Das gesamte Gru\u00dfwort ist im Video nachzuh\u00f6ren.<\/p>\n<\/p>\n<p>Wir haben uns die weiteren Redebeitr\u00e4ge nicht angeh\u00f6rt sondern einen Rundgang \u00fcber den Platz gemacht und mit Menschen, Organisationen und Parteien gesprochen. Die Frage war immer: Wer seid Ihr und warum seid ihr beim CSD dabei?<\/p>\n<p><img loading=\"lazy\" decoding=\"async\" class=\"size-full wp-image-664772\" src=\"https:\/\/www.europesays.com\/de\/wp-content\/uploads\/2026\/07\/CSD-Demo-Menschen-soweit-das-Auge-reicht.-Foto-Thomas-Koehler.jpg\" alt=\"\" width=\"3315\" height=\"2210\"  \/>CSD-Demo \u2013 Menschen soweit das Auge reicht. Foto: Thomas K\u00f6hler<br \/>\nInterviews auf dem CSD<\/p>\n<p>Los ging es mit den \u201eRainbow Bulls\u201c, dem queeren Fanprojekt von RB Leipzig. R\u00fcdiger gab uns gern Auskunft.<\/p>\n<\/p>\n<p><img loading=\"lazy\" decoding=\"async\" class=\"size-full wp-image-664774\" src=\"https:\/\/www.europesays.com\/de\/wp-content\/uploads\/2026\/07\/Die-Gaeste-aus-den-Niederlanden.-Foto-Thomas-Koehler.jpg\" alt=\"\" width=\"1620\" height=\"1080\"  \/>Diesmal mit G\u00e4sten aus den Niederlanden. Foto: Thomas K\u00f6hler<\/p>\n<p>Was macht eigentlich die FDP auf dem CSD? Das fragten wir den Kreisvorsitzenden Alexander Gunkel und den designierten Kandidaten zur Oberb\u00fcrgermeisterwahl Alexander T\u00fcrpe.<\/p>\n<\/p>\n<p>Mit \u201e<a href=\"https:\/\/www.democratsabroad.org\/de_saxony\" rel=\"nofollow noopener\" target=\"_blank\">Democrats Abroad Saxony<\/a>\u201c war auch eine US-amerikanische Initiative vor Ort. Was macht ihr und warum seid ihr heute hier? Fragten wir Therese.<\/p>\n<\/p>\n<p>Es gab auch Menschen die, aus verschiedenen Gr\u00fcnden, nicht mit uns sprechen wollten. Seltsam war ein Stand der Uni Leipzig, da gab es niemanden der von der Kommunikationsabteilung autorisiert war. Ansonsten war der h\u00e4ufigste Grund Selbstschutz, die Menschen wollten nicht so pr\u00e4sent in Bild und Ton auftreten.<\/p>\n<p><img loading=\"lazy\" decoding=\"async\" class=\"size-full wp-image-664775\" src=\"https:\/\/www.europesays.com\/de\/wp-content\/uploads\/2026\/07\/Mit-einem-Handwagen-voll-Getraenken-das-queere-Team-von-arcadis.-Foto-Thomas-Koehler.jpg\" alt=\"\" width=\"1469\" height=\"979\"  \/>Mit einem Handwagen voll Getr\u00e4nken, das queere Team von arcadis. Foto: Thomas K\u00f6hler<\/p>\n<p>Es gelang uns Romy von <a href=\"https:\/\/www.instagram.com\/redumbrellaleipzig\/\" rel=\"nofollow noopener\" target=\"_blank\">Red Umbrella Leipzig<\/a>, Jonathan von der Aidshilfe Deutschland und Udo von der Aidshilfe Leipzig, nach ihrem gemeinsamen Auftritt auf der B\u00fchne, f\u00fcr ein Statement vor unserer Kamera zu gewinnen. Themen waren Sexarbeit, Safer Sex und anderes.<\/p>\n<\/p>\n<p>Stefanie Henkel und Anne Giermann von der Piratenpartei waren auch auskunftsfreudig, besonders interessierte uns, warum die Dresdner Piraten zum CSD nach Leipzig kommen.<\/p>\n<\/p>\n<p><img loading=\"lazy\" decoding=\"async\" class=\"size-full wp-image-664776\" src=\"https:\/\/www.europesays.com\/de\/wp-content\/uploads\/2026\/07\/In-der-CSD-Demo-2.-Foto-Thomas-Koehler.jpg\" alt=\"\" width=\"4000\" height=\"2668\"  \/>Menschen und Fahnen bei der CSD-Demo 2. Foto: Thomas K\u00f6hler<\/p>\n<p>Auch in der queeren Community, vielleicht auch besonders dort, gibt es Menschen mit Depressionen. Das \u201e<a href=\"https:\/\/buendnis-depression-leipzig.de\/\" rel=\"nofollow noopener\" target=\"_blank\">Leipziger B\u00fcndnis gegen Depressionen e.V.<\/a>\u201c war ebenfalls vertreten und Paul sprach mit uns \u00fcber dessen Arbeit.<\/p>\n<\/p>\n<p>Viele Unternehmen waren beim CSD vertreten, Ansprechpartner zu finden war nicht leicht, bei <a href=\"https:\/\/www.arcadis.com\/de-de\" rel=\"nofollow noopener\" target=\"_blank\">arcadis<\/a> sprachen wir mit Sonja Schlund.<\/p>\n<\/p>\n<p><img loading=\"lazy\" decoding=\"async\" class=\"size-full wp-image-664777\" src=\"https:\/\/www.europesays.com\/de\/wp-content\/uploads\/2026\/07\/Vor-dem-Start-der-CSD-Demo.-Foto-Thomas-Koehler.jpg\" alt=\"\" width=\"1620\" height=\"1080\"  \/>Aufstellung der Trucks vor dem Start der CSD-Demo. Foto: Thomas K\u00f6hler<\/p>\n<p>Bei Amnesty International sprachen wir mit Dyno von der Hochschulgruppe unter anderem \u00fcber eine Petition, die Amnesty \u00fcberreichen will.<\/p>\n<\/p>\n<p>Die CSD-Demo<br \/>\n<img loading=\"lazy\" decoding=\"async\" class=\"size-full wp-image-664778\" src=\"https:\/\/www.europesays.com\/de\/wp-content\/uploads\/2026\/07\/Froehliche-Mneschen-bei-der-CSD-Demo.-Foto-Thomas-Koehler.jpg\" alt=\"\" width=\"4000\" height=\"2667\"  \/>Fr\u00f6hliche Menschen bei der CSD-Demo. Foto: Thomas K\u00f6hler<\/p>\n<p>Schon war es 13.00 Uhr, die CSD-Demo startete etwas versp\u00e4tet und wir haben den Start und den Vorbeizug auf der Kreuzung vor der alten Hauptpost in G\u00e4nze auf Video festgehalten. Es dauerte etwa 40 Minuten bis das Ende des Demozuges an uns vorbei war, wir haben also das Video geschnitten und auf etwa 15 Minuten reduziert.<\/p>\n<\/p>\n<p>Der Start verlief st\u00f6rungsfrei, die Ordner hatten trotzdem alle H\u00e4nde voll zu tun. Die Stra\u00dfenbahnen fuhren vom Hauptbahnhof kommend in Richtung Johannisplatz und einige Demo-Teilnehmer waren immer mal wieder zu nah am Gleisk\u00f6rper. Im Video ist das auch zu h\u00f6ren.<\/p>\n<p>Nach der CSD-Demo gab es noch ein Stra\u00dfenfest auf dem Augustusplatz, wir waren zu dem Zeitpunkt nicht mehr vor Ort, haben aber von Teilnehmenden geh\u00f6rt, dass es sehr sch\u00f6n war.<\/p>\n<p><b>Fazit<\/b>: Die Pride-Woche 2026 mit dem gestrigen Abschluss ist vorbei, das Motto \u201eKeine Ruhe, kein Zur\u00fcck \u2013 Queere Rechte St\u00fcck f\u00fcr St\u00fcck!\u201c bleibt. Bis zum CSD 2027 gibt es viel zu tun.<\/p>\n<p><script async src=\"\/\/www.instagram.com\/embed.js\"><\/script><\/p>\n","protected":false},"excerpt":{"rendered":"This article is also available in English: Read this article in English. Es waren 20.000 Menschen f\u00fcr die&hellip;\n","protected":false},"author":2,"featured_media":1177995,"comment_status":"","ping_status":"","sticky":false,"template":"","format":"standard","meta":{"footnotes":"","_share_on_mastodon":"0"},"categories":[1832],"tags":[30546,3364,507,29,30,2134,6496,71,46088,21469,859,29008,5329],"class_list":["post-1177994","post","type-post","status-publish","format-standard","has-post-thumbnail","category-leipzig","tag-csd","tag-de","tag-demonstration","tag-deutschland","tag-germany","tag-interview","tag-kundgebung","tag-leipzig","tag-pride","tag-queer","tag-sachsen","tag-strassenfest","tag-video"],"share_on_mastodon":{"url":"https:\/\/pubeurope.com\/@de\/116946812330012928","error":""},"_links":{"self":[{"href":"https:\/\/www.europesays.com\/de\/wp-json\/wp\/v2\/posts\/1177994","targetHints":{"allow":["GET"]}}],"collection":[{"href":"https:\/\/www.europesays.com\/de\/wp-json\/wp\/v2\/posts"}],"about":[{"href":"https:\/\/www.europesays.com\/de\/wp-json\/wp\/v2\/types\/post"}],"author":[{"embeddable":true,"href":"https:\/\/www.europesays.com\/de\/wp-json\/wp\/v2\/users\/2"}],"replies":[{"embeddable":true,"href":"https:\/\/www.europesays.com\/de\/wp-json\/wp\/v2\/comments?post=1177994"}],"version-history":[{"count":0,"href":"https:\/\/www.europesays.com\/de\/wp-json\/wp\/v2\/posts\/1177994\/revisions"}],"wp:featuredmedia":[{"embeddable":true,"href":"https:\/\/www.europesays.com\/de\/wp-json\/wp\/v2\/media\/1177995"}],"wp:attachment":[{"href":"https:\/\/www.europesays.com\/de\/wp-json\/wp\/v2\/media?parent=1177994"}],"wp:term":[{"taxonomy":"category","embeddable":true,"href":"https:\/\/www.europesays.com\/de\/wp-json\/wp\/v2\/categories?post=1177994"},{"taxonomy":"post_tag","embeddable":true,"href":"https:\/\/www.europesays.com\/de\/wp-json\/wp\/v2\/tags?post=1177994"}],"curies":[{"name":"wp","href":"https:\/\/api.w.org\/{rel}","templated":true}]}}