{"id":1178063,"date":"2026-07-19T13:54:18","date_gmt":"2026-07-19T13:54:18","guid":{"rendered":"https:\/\/www.europesays.com\/de\/1178063\/"},"modified":"2026-07-19T13:54:18","modified_gmt":"2026-07-19T13:54:18","slug":"mainz-mainz-ole-malle-fernsehgarten-sorgt-fuer-partystimmung","status":"publish","type":"post","link":"https:\/\/www.europesays.com\/de\/1178063\/","title":{"rendered":"Mainz | Mainz ol\u00e9: Malle-\u00abFernsehgarten\u00bb sorgt f\u00fcr Partystimmung"},"content":{"rendered":"<p>Mainz (dpa) &#8211; \u00abBaila Baila Baila Baila\u00bb: Als um kurz vor zw\u00f6lf der ZDF-\u00abFernsehgarten\u00bb startet, sind die 6.500 Malle-Fans auf dem Mainzer Lerchenberg l\u00e4ngst in Partylaune. Mit Blumenketten, rosa Pl\u00fcschh\u00fcten, Fu\u00dfballtrikots und \u00abBierk\u00f6nig\u00bb- bzw. \u00abMegapark\u00bb-Shirts bewaffnet, holen sie bei strahlender Sonne die Playa de Palma an den Rhein.<\/p>\n<p>\u00abDer Fernsehgarten ist einfach Kult. Das ist wie eine Familie\u00bb, sagt ein \u00fcbern\u00e4chtigter Lorenz B\u00fcffel im Backstage-Bereich. \u00abF\u00fcr mich ist das einmal im Jahr die wohl krasseste Malle-Party, die es gibt.\u00bb<\/p>\n<p>Auch Kult-Gastgeberin Andrea \u00abKiwi\u00bb Kiewel schaltet im lila-orangenen Sommerkleid direkt auf Malle-Modus. \u00abD\u00e4pp, D\u00e4pp, D\u00e4pp, Johnny D\u00e4pp, D\u00e4pp\u00bb, stimmt sie zu Beginn der zweist\u00fcndigen Liveshow den gr\u00f6\u00dften Hit von B\u00fcffel an. Neben Kiewel, die nicht auf die Rassismusvorw\u00fcrfe der vorigen Sendung eingeht, moderiert der Ballermann-routinierte Elton.<\/p>\n<p>Elton ersetzt Rudi Cerne: \u00abEin Tick passender\u00bb<\/p>\n<p>\u00abIch mach\u2019 da gern Urlaub. Es klingt etwas bl\u00f6d aber: einfach Hirn ausschalten, Spa\u00df haben und mit den Leuten feiern\u00bb, sagt Elton vor der Show der dpa. Im vergangenen Jahr stand an seiner Stelle \u00abAktenzeichen XY\u00bb-Moderator Rudi Cerne, der im Laufe der v\u00f6llig chaotischen Unwetter-Show immer deplatzierter wirkte und sich sichtlich unwohl f\u00fchlte.\u00a0<\/p>\n<p>Nun also Raab-Kumpel Elton. Eine bessere Wahl? \u00abVielleicht ein Tick passender. Aber besser w\u00fcrde ich auf keinen Fall sagen\u00bb, formuliert es der Gastmoderator salomonisch.<\/p>\n<p>Mallorca-Ausgabe ist schnell ausverkauft<\/p>\n<p>Die Mallorca-Folge geh\u00f6rt seit Jahren zu den beliebtesten Ausgaben des \u00abFernsehgarten\u00bb und ist nach wenigen Minuten ausverkauft. \u00abWir gehen gern zum Ballermann, darum mussten wir heute unbedingt dabei sein\u00bb, sind sich Nina und Jana aus Esslingen bei Stuttgart einig. Die \u00abPink Girls\u00bb mit rosa Blumenketten, H\u00fcten und Shirts freuen sich am meisten auf Mia Julia (\u00abBring mich nach Hause\u00bb) und Julian Sommer (\u00abWenn ich n\u00fcchtern w\u00e4r\u00bb).<\/p>\n<p>Auch Ballermann-Gr\u00f6\u00dfen wie Mickie Krause, Frenzy und J\u00fcrgen Milski sind in Mainz am Start, einige duellieren sich in mehreren Gaga-Spielen. Am Ende singt Tobee den wohl gr\u00f6\u00dften Sommerhit bisher, \u00abMon Amour\u00bb, samt Zugabe.<\/p>\n<p>\u00abEs gibt leider nicht viele Sendungen mit Ballermann- oder Partymusik, was eigentlich komplett falsch ist. Denn unser Genre hat h\u00f6here Streamingzahlen als Popmusik\u00bb, sagt der stets im roten Hemd auftretende Tobee. \u00abDeswegen ist der &#8222;Fernsehgarten&#8220; wichtig f\u00fcr uns, um unsere Hits hier pr\u00e4sentieren zu k\u00f6nnen und ein breiteres Publikum zu erreichen.\u00bb<\/p>\n<p>Ballermann-Stimmung ohne Alkohol?<\/p>\n<p>Apropos breites Publikum: Im Mallorca-\u00abFernsehgarten\u00bb gibt es zwar Bier, Erdbeerbowle und Aperol Spritz &#8211; allerdings alles alkoholfrei. Das moniert nicht nur Elton mehrmals w\u00e4hrend der Show, auch das Publikum gr\u00f6lt: \u00abWir wollen Freibier\u00bb.<\/p>\n<p>J\u00f6ckel`z (39) aus Frischborn in Mittelhessen, der an diesem Sonntag zum dritten Mal mit seinen Freunden dabei ist, hat ebenfalls Bauchschmerzen bei der Getr\u00e4nkeauswahl. \u00abEs ist schade, dass hier kein Alkohol ausgeschenkt wird. Ich denke, das nimmt so ein bisschen die Stimmung. Mallorca-Party oder Oktoberfest ohne Alkohol geht eigentlich nicht\u00bb.\u00a0<\/p>\n<p>Sagt er und nimmt einen Schluck aus seinem Liter Tetrapak, den jeder Zuschauer und jede Zuschauerin mitnehmen darf. Ist der \u00abmilden Orange\u00bb Hochprozentiges beigemischt? \u00abDa sind wir ganz ehrlich: Nat\u00fcrlich macht man das.\u00bb Auch auf der Hinfahrt in die rheinland-pf\u00e4lzische Hauptstadt mache sich \u00abder ein oder andere schon mal locker\u00bb mit Alkohol, wie Sommer vermutet.<\/p>\n<p>Das passiert hinter den Kulissen der Malle-Show<\/p>\n<p>Auch im Backstage-Bereich gibt es nur Wasser und Softdrinks, au\u00dferdem eine Truhe mit Eis, K\u00e4se- und Kirschkuchen, Kaffee und belegten Br\u00f6tchen. In mehreren Sitzecken unterhalten sich die Ballermann-Stars angeregt, einige haben Ehepartner und Kinder dabei. F\u00fcr die K\u00fcnstlerinnen und K\u00fcnstler, die wie bei TV-Auftritten \u00fcblich Vollplayback singen, ist der Auftritt im \u00abFernsehgarten\u00bb oft mit organisatorischem Aufwand verbunden.<\/p>\n<p>Viele m\u00fcssen schon am Samstag kurz anreisen, um zu proben. Dabei ist das Wochenende vollgepackt mit mehreren Gigs in ganz Deutschland. Julian Sommer und Lorenz B\u00fcffel etwa verlegten deshalb ihre Proben auf Sonntagmorgen und haben nur wenige Stunden geschlafen.<\/p>\n<p>Von Mainz nach Malle<\/p>\n<p>\u00abAber wir m\u00fcssen diesen musikalischen Schatz h\u00fcten und besch\u00fctzen. Ich bin gern hier und nehme jede Fahrt in Kauf\u00bb, erkl\u00e4rt B\u00fcffel. Der reist mit Ehefrau Emily, seinen beiden S\u00f6hnen und einem vollgepackten Kofferraum direkt weiter nach Mallorca.\u00a0<\/p>\n<p>Auch Sommer und Bruder Max fliegen noch am Nachmittag auf die spanische Ferieninsel. Denn wenige Stunden nach dem \u00abFernsehgarten\u00bb geht es schon wieder auf die \u00abBierk\u00f6nig\u00bb-B\u00fchne in El Arenal: Mainz und Malle sind dann doch n\u00e4her, als man denkt.<\/p>\n","protected":false},"excerpt":{"rendered":"Mainz (dpa) &#8211; \u00abBaila Baila Baila Baila\u00bb: Als um kurz vor zw\u00f6lf der ZDF-\u00abFernsehgarten\u00bb startet, sind die 6.500&hellip;\n","protected":false},"author":2,"featured_media":1178064,"comment_status":"","ping_status":"","sticky":false,"template":"","format":"standard","meta":{"footnotes":"","_share_on_mastodon":"0"},"categories":[1847],"tags":[3364,29,548,663,3934,441,30,13,2052,2549,474,62,810,14,15,1756,12,3882,4026,215,4544],"class_list":["post-1178063","post","type-post","status-publish","format-standard","has-post-thumbnail","category-wiesbaden","tag-de","tag-deutschland","tag-eu","tag-europa","tag-europe","tag-fernsehen","tag-germany","tag-headlines","tag-hessen","tag-leute","tag-mallorca","tag-medien","tag-musik","tag-nachrichten","tag-news","tag-rheinland-pfalz","tag-schlagzeilen","tag-show","tag-spanien","tag-unterhaltung","tag-wiesbaden"],"share_on_mastodon":{"url":"","error":""},"_links":{"self":[{"href":"https:\/\/www.europesays.com\/de\/wp-json\/wp\/v2\/posts\/1178063","targetHints":{"allow":["GET"]}}],"collection":[{"href":"https:\/\/www.europesays.com\/de\/wp-json\/wp\/v2\/posts"}],"about":[{"href":"https:\/\/www.europesays.com\/de\/wp-json\/wp\/v2\/types\/post"}],"author":[{"embeddable":true,"href":"https:\/\/www.europesays.com\/de\/wp-json\/wp\/v2\/users\/2"}],"replies":[{"embeddable":true,"href":"https:\/\/www.europesays.com\/de\/wp-json\/wp\/v2\/comments?post=1178063"}],"version-history":[{"count":0,"href":"https:\/\/www.europesays.com\/de\/wp-json\/wp\/v2\/posts\/1178063\/revisions"}],"wp:featuredmedia":[{"embeddable":true,"href":"https:\/\/www.europesays.com\/de\/wp-json\/wp\/v2\/media\/1178064"}],"wp:attachment":[{"href":"https:\/\/www.europesays.com\/de\/wp-json\/wp\/v2\/media?parent=1178063"}],"wp:term":[{"taxonomy":"category","embeddable":true,"href":"https:\/\/www.europesays.com\/de\/wp-json\/wp\/v2\/categories?post=1178063"},{"taxonomy":"post_tag","embeddable":true,"href":"https:\/\/www.europesays.com\/de\/wp-json\/wp\/v2\/tags?post=1178063"}],"curies":[{"name":"wp","href":"https:\/\/api.w.org\/{rel}","templated":true}]}}