{"id":1178082,"date":"2026-07-19T14:06:22","date_gmt":"2026-07-19T14:06:22","guid":{"rendered":"https:\/\/www.europesays.com\/de\/1178082\/"},"modified":"2026-07-19T14:06:22","modified_gmt":"2026-07-19T14:06:22","slug":"100-haushalte-nach-rohrbruch-in-wuppertal-ohne-wasser","status":"publish","type":"post","link":"https:\/\/www.europesays.com\/de\/1178082\/","title":{"rendered":"100 Haushalte nach Rohrbruch in Wuppertal ohne Wasser"},"content":{"rendered":"<p class=\"text_ohne_einzug richtext text-em-55 !leading-serif mx-6 desktop:mx-0\">Mehr als 100 Haushalte an der Friedrich-Engels-Allee stehen am Sonntag, 19. Juli, ohne Wasser dar, nachdem es einen Rohrbruch gegeben hatte. Laut Angaben der Wuppertaler Stadtwerke (WSW) sei man seit rund 15 Uhr dabei, die St\u00f6rung zu beheben. \u201eAufgrund der hohen Anzahl an betroffenen Haushalten versuchen wir Gas zu geben\u201c, teilte eine WSW-Sprecherin gegen\u00fcber der WZ mit und betonte, dass man hoffe, die St\u00f6rung noch am Sonntag beheben zu k\u00f6nnen.<\/p>\n<p class=\"richtext text-em-55 !leading-serif mx-6 desktop:mx-0\">Zwei Wasserwagen sind bereits vor Ort und stellen die Versorgung f\u00fcr die Anwohner vorerst sicher.<\/p>\n","protected":false},"excerpt":{"rendered":"Mehr als 100 Haushalte an der Friedrich-Engels-Allee stehen am Sonntag, 19. Juli, ohne Wasser dar, nachdem es einen&hellip;\n","protected":false},"author":2,"featured_media":1178083,"comment_status":"","ping_status":"","sticky":false,"template":"","format":"standard","meta":{"footnotes":"","_share_on_mastodon":"0"},"categories":[1840],"tags":[13558,74890,3364,29,30,1148,1209,11473,3809,17123,4418],"class_list":["post-1178082","post","type-post","status-publish","format-standard","has-post-thumbnail","category-wuppertal","tag-13558","tag-beheben","tag-de","tag-deutschland","tag-germany","tag-haushalte","tag-nordrhein-westfalen","tag-rohrbruch","tag-stoerung","tag-wsw","tag-wuppertal"],"share_on_mastodon":{"url":"https:\/\/pubeurope.com\/@de\/116947031423404251","error":""},"_links":{"self":[{"href":"https:\/\/www.europesays.com\/de\/wp-json\/wp\/v2\/posts\/1178082","targetHints":{"allow":["GET"]}}],"collection":[{"href":"https:\/\/www.europesays.com\/de\/wp-json\/wp\/v2\/posts"}],"about":[{"href":"https:\/\/www.europesays.com\/de\/wp-json\/wp\/v2\/types\/post"}],"author":[{"embeddable":true,"href":"https:\/\/www.europesays.com\/de\/wp-json\/wp\/v2\/users\/2"}],"replies":[{"embeddable":true,"href":"https:\/\/www.europesays.com\/de\/wp-json\/wp\/v2\/comments?post=1178082"}],"version-history":[{"count":0,"href":"https:\/\/www.europesays.com\/de\/wp-json\/wp\/v2\/posts\/1178082\/revisions"}],"wp:featuredmedia":[{"embeddable":true,"href":"https:\/\/www.europesays.com\/de\/wp-json\/wp\/v2\/media\/1178083"}],"wp:attachment":[{"href":"https:\/\/www.europesays.com\/de\/wp-json\/wp\/v2\/media?parent=1178082"}],"wp:term":[{"taxonomy":"category","embeddable":true,"href":"https:\/\/www.europesays.com\/de\/wp-json\/wp\/v2\/categories?post=1178082"},{"taxonomy":"post_tag","embeddable":true,"href":"https:\/\/www.europesays.com\/de\/wp-json\/wp\/v2\/tags?post=1178082"}],"curies":[{"name":"wp","href":"https:\/\/api.w.org\/{rel}","templated":true}]}}