{"id":117812,"date":"2025-05-17T13:26:09","date_gmt":"2025-05-17T13:26:09","guid":{"rendered":"https:\/\/www.europesays.com\/de\/117812\/"},"modified":"2025-05-17T13:26:09","modified_gmt":"2025-05-17T13:26:09","slug":"10-gegen-mannheim-arminia-bielefeld-kroent-aufstieg-mit-der-meisterschaft","status":"publish","type":"post","link":"https:\/\/www.europesays.com\/de\/117812\/","title":{"rendered":"1:0 gegen Mannheim: Arminia Bielefeld kr\u00f6nt Aufstieg mit der Meisterschaft"},"content":{"rendered":"<p id=\"absatz1\" class=\"em_text\">Bielefeld. \u201eWir sind zur\u00fcck in der 2. Liga.\u201c Mit riesigen Lettern unterstrichen die Arminia-Fans die gro\u00dfartige Leistung, die ihre Mannschaft in dieser Saison vollbracht und am vergangenen Wochenende perfekt gemacht hatte. Ein gro\u00dfes Ziel hatten die Arminen in der Liga allerdings noch. Im Heimspiel gegen Waldhof Mannheim sollte im Saisonfinale mit der Meisterschaft die absolute Kr\u00f6nung folgen. Mit dem 1:0 (0:0)-Sieg gegen das Kellerkind sicherte sich der DSC zweiten Mal nach 2015 die Drittligatroph\u00e4e \u2013 achteinhalb Kilogramm schwer, 63 Zentimeter hoch und mit einem Wert von 40.000 Euro taxiert.<\/p>\n<p id=\"absatz2\" class=\"em_text\">Gute Nachrichten gab es f\u00fcr den Anhang bereits vor dem Anpfiff, als die vorzeitige Vertragsverl\u00e4ngerung von Leistungstr\u00e4ger Stefano Russo verk\u00fcndet wurde. Wenig sp\u00e4ter stand der 24-J\u00e4hrige gegen die \u201eBuwe\u201c ebenso in der Startelf wie die anderen zehn Profis, die in Unterhaching (2:1) angespielt hatten. Mitch Kniat, der unter der Woche zum Trainer der Saison gek\u00fcrt worden war, sah keinen Grund seine Anfangsformation zu ver\u00e4ndern.<\/p>\n<p id=\"absatz4\" class=\"em_text\">Die Ausgangssituation in der mit 25.261 Zuschauern nahezu ausverkauften Sch\u00fcco-Arena war klar. Mit einem Sieg w\u00fcrde sich der DSC zum Drittligameister machen. Bei einem Remis oder einer Niederlage w\u00e4re man auf Patzer des Konkurrenten Dresden. Doch auch die G\u00e4ste, bei denen Ex-Armine Nicklas Shipnoski anspielte und Andr\u00e9 Becker auf der Bank sa\u00df, brauchten mindesten einen Punkt, um den Klassenerhalt endg\u00fcltig perfekt zu machen.<\/p>\n<p>\n        \u00d7\n    <\/p>\n<p>\n            Sie erhalten in wenigen Minuten eine E-Mail zur Best\u00e4tigung Ihrer Anmeldung.\n        <\/p>\n<p>Erst danach ist diese abgeschlossen.<\/p>\n<p>Bitte pr\u00fcfen Sie auch den Spam-Ordner.<\/p>\n<p>\n        \u00d7\n    <\/p>\n<p>\n            Sie haben bisher Ihre E-Mail-Adresse noch nicht best\u00e4tigt.\n        <\/p>\n<p>Erst danach ist diese abgeschlossen.<\/p>\n<p>Bitte pr\u00fcfen Sie auch den Spam-Ordner.<\/p>\n<p>\n        \u00d7\n    <\/p>\n<p>\n            Es ist einen Fehler aufgetreten\n        <\/p>\n<p>Bei Fragen hilft unser Newsletter-Support<\/p>\n<p> Newsletter<\/p>\n<p> DSC Arminia Bielefeld<\/p>\n<p>W\u00f6chentlich alle News rund um Arminia Bielefeld.<\/p>\n<p>                Jetzt anmelden<\/p>\n<p>Arminia Bielefeld fr\u00fch im Gl\u00fcck<\/p>\n<p class=\"em_text\">Und so ging die Mannschaft von Coach Dominik Glawogger die Begegnung auch an. Gerade einmal 19 Sekunden waren gespielt, als Felix Lohkemper eine Flanke von Samule Abfiade vollkommen unbedr\u00e4ngt per Kopf an den linken Pfosten setzte \u2013 Gl\u00fcck f\u00fcr Arminia. Wenig sp\u00e4ter k\u00f6pfte Malte Karbstein im Anschluss an einen Eckball \u00fcber das Tor (4.).<\/p>\n<p id=\"absatz6\" class=\"em_text\">Die Anfangsphase ging eindeutig an die Mannheimer, die zuletzt bereits die Topteams aus Cottbus (4:2) und Dresden (1:0) geschlagen hatten. Der SV Waldhof zeigte deutlich, dass er den Klassenerhalt aus eigener Kraft perfekt machen wollte. Arminia hingegen agierte fehlerhaft. Einen katastrophalen R\u00fcckpass von Christopher Lannert b\u00fcgelte Maximilian Gro\u00dfer gerade noch aus (10.).<\/p>\n<p id=\"absatz7\"><b class=\"bold\">Der \u201eQuarterback\u201c bleibt:<\/b> <a href=\"https:\/\/www.nw.de\/sport\/fussball\/dsc_arminia_bielefeld\/24101535_Der-Quarterback-bleibt-Arminia-verlaengert-vorzeitig-mit-Russo.html\" target=\"_blank\" rel=\"noopener\">Arminia verl\u00e4ngert vorzeitig mit Russo<\/a><\/p>\n<p id=\"absatz8\" class=\"em_text\">In der elften Minute spielte auch der DSC mal gef\u00e4hrlich nach vorne. Eine scharfe Hereingabe von Jonny Grodowski verpasste Noah Sarenren Bazee, dann zielte Sam Schreck deutlich zu hoch. St\u00fcck f\u00fcr St\u00fcck arbeitete sich der Aufsteiger nun aber in die Partie und wurde so stetig gef\u00e4hrlicher. Sarenren Bazee legte nach 23. Minute am Strafraum auf Mael Corboz ab, dessen Schuss noch abgef\u00e4lscht von Sascha Voelcke knapp links am Tor vorbeiging. Drei Minuten sp\u00e4ter verzog Sarenren Bazee aus kurzer Distanz. Arminia war nun klar tonangebend, lie\u00df die G\u00e4ste aber wieder vom Haken und war im Angriff insgesamt zu harmlos. Folgerichtig ging es mit 0:0 in die Halbzeitpause.<\/p>\n<p>Sarenren Bazee bringt Arminia Bielefeld auf Meisterkurs<\/p>\n<p id=\"absatz9\" class=\"em_text\">Auch mit Wiederanpfiff pl\u00e4tscherte die Partie zun\u00e4chst weiter vor sich hin, ehe DSC-Keeper Kersken f\u00fcr einen Wachmacher sorgte. Einen eigentlich harmlosen Abschluss aus spitzem Winkel von Abfiade lie\u00df der Schlussmann durch die Beine rutschen, griff kurz vor der Torlinie aber noch sicher zu (53.).<\/p>\n<p id=\"absatz10\" class=\"em_text\">Ein Signal, dass die Hausherren zu verstehen schienen. Ein wohl verungl\u00fcckter Drehschuss von Geburtstagskind Louis Oppie landete bei Sarenren Bazee, der den Ball aus kurzer Distanz zum 1:0 \u00fcber die Linie dr\u00fcckte (57.). Arminia war nun klar auf Meisterkurs. Unmittelbar danach war f\u00fcr den Torsch\u00fctzen Schluss. F\u00fcr ihn kam Isaiah Young in die Partie. Au\u00dferdem ersetzte St\u00fcrmer Julian Kania Mittelfeldmotor Schreck.<\/p>\n<p id=\"absatz11\" class=\"em_text\">Die Ostwestfalen blieben spielbestimmend. Einen Schuss von Corboz parierte der Mannheimer Torh\u00fcter Jan-Christoph Bartels gl\u00e4nzend (72.). Doch auch der Waldhof hatte sich mit der Niederlage noch nicht abgefunden. Lohkemper scheiterte aus spitzem Winkel an Kersken (74.).<\/p>\n<p>Arminia Bielefeld wird Meister \u2013 Mannheim bleibt drin<\/p>\n<p id=\"absatz12\" class=\"em_text\">In der Schlussphase suchten dann ausschlie\u00dflich die Arminen die Entscheidung. Marcel Seegert kl\u00e4rte f\u00fcr Mannheim in der 84. Minute in h\u00f6chster Not. So blieb schlussendlich beim knappen 1:0-Erfolg. Den Arminen war es egal. Sie konnten die Meisterfeierlichkeiten starten. Und auch die Mannheim konnten sich trotz der Niederlage freuen. Das Team von Coach Glawogger sicherte damit den Klassenerhalt.<\/p>\n<p>Der Liveticker zum Spiel zum Nachlesen:<\/p>\n","protected":false},"excerpt":{"rendered":"Bielefeld. \u201eWir sind zur\u00fcck in der 2. Liga.\u201c Mit riesigen Lettern unterstrichen die Arminia-Fans die gro\u00dfartige Leistung, die&hellip;\n","protected":false},"author":2,"featured_media":117813,"comment_status":"","ping_status":"","sticky":false,"template":"","format":"standard","meta":{"footnotes":""},"categories":[1841],"tags":[42401,2368,5876,1605,12433,3364,29,29524,30,4281,1611,4280,1608,24479,2096,45246,18826,734,2381,2380,1613,1209,16343,2374,4279,24480,5534,23297],"class_list":{"0":"post-117812","1":"post","2":"type-post","3":"status-publish","4":"format-standard","5":"has-post-thumbnail","7":"category-bielefeld","8":"tag-andr-becker","9":"tag-arminia-bielefeld","10":"tag-aufstieg","11":"tag-bielefeld","12":"tag-bielefelder-alm","13":"tag-de","14":"tag-deutschland","15":"tag-dominik-glawogger","16":"tag-germany","17":"tag-label_arminia","18":"tag-label_informiere-mich","19":"tag-label_l-120","20":"tag-label_top-news","21":"tag-mael-corboz","22":"tag-mannheim","23":"tag-meisterkurs","24":"tag-meisterschaft","25":"tag-meta_artikelklasse_nachricht","26":"tag-meta_copyrights_rgowl_freier_mitarbeiter","27":"tag-meta_themen_arminia_bielefeld","28":"tag-meta_userneeds_informieremich","29":"tag-nordrhein-westfalen","30":"tag-russo","31":"tag-sam-schreck","32":"tag-serie_nlarminia","33":"tag-stefano-russo","34":"tag-unterhaching","35":"tag-waldhof"},"share_on_mastodon":{"url":"","error":"Validation failed: Text character limit of 500 exceeded"},"_links":{"self":[{"href":"https:\/\/www.europesays.com\/de\/wp-json\/wp\/v2\/posts\/117812","targetHints":{"allow":["GET"]}}],"collection":[{"href":"https:\/\/www.europesays.com\/de\/wp-json\/wp\/v2\/posts"}],"about":[{"href":"https:\/\/www.europesays.com\/de\/wp-json\/wp\/v2\/types\/post"}],"author":[{"embeddable":true,"href":"https:\/\/www.europesays.com\/de\/wp-json\/wp\/v2\/users\/2"}],"replies":[{"embeddable":true,"href":"https:\/\/www.europesays.com\/de\/wp-json\/wp\/v2\/comments?post=117812"}],"version-history":[{"count":0,"href":"https:\/\/www.europesays.com\/de\/wp-json\/wp\/v2\/posts\/117812\/revisions"}],"wp:featuredmedia":[{"embeddable":true,"href":"https:\/\/www.europesays.com\/de\/wp-json\/wp\/v2\/media\/117813"}],"wp:attachment":[{"href":"https:\/\/www.europesays.com\/de\/wp-json\/wp\/v2\/media?parent=117812"}],"wp:term":[{"taxonomy":"category","embeddable":true,"href":"https:\/\/www.europesays.com\/de\/wp-json\/wp\/v2\/categories?post=117812"},{"taxonomy":"post_tag","embeddable":true,"href":"https:\/\/www.europesays.com\/de\/wp-json\/wp\/v2\/tags?post=117812"}],"curies":[{"name":"wp","href":"https:\/\/api.w.org\/{rel}","templated":true}]}}