{"id":1178140,"date":"2026-07-19T14:44:29","date_gmt":"2026-07-19T14:44:29","guid":{"rendered":"https:\/\/www.europesays.com\/de\/1178140\/"},"modified":"2026-07-19T14:44:29","modified_gmt":"2026-07-19T14:44:29","slug":"rheinkirmes-2026-bierpreise-so-viel-kostet-das-altbierpreise-in-den-zelten","status":"publish","type":"post","link":"https:\/\/www.europesays.com\/de\/1178140\/","title":{"rendered":"Rheinkirmes 2026 Bierpreise: So viel kostet das Altbierpreise in den Zelten"},"content":{"rendered":"<p class=\"text_ohne_einzug richtext text-em-55 !leading-serif mx-6 desktop:mx-0\"> Der Besuch im Festzelt geh\u00f6rt f\u00fcr viele Kirmesbesucher fest zum Erlebnis dazu. Dort wird gekl\u00f6nt und gefeiert und gerne gibt es dazu ein <a href=\"https:\/\/rp-online.de\/thema\/altbier\/\" rel=\"nofollow noopener\" target=\"_blank\">Altbier<\/a>. So viel kostet ein Glas in diesem Jahr. Zur besseren Vergleichbarkeit haben wir die Glas- auf Literpreise hochgerechnet.<\/p>\n<p class=\"richtext text-em-55 !leading-serif mx-6 desktop:mx-0\">Von der Bolker Stra\u00dfe geht es in diesem Jahr einmal mehr f\u00fcr die Hausbrauerei Zum Schl\u00fcssel auf die Rheinkirmes. Dort soll das Altbier f\u00fcr 3,30 Euro im 0,25-Liter-Glas angeboten werden. Das macht einen Literpreis von 13,20 Euro. Wie Lukas Gatzweiler, Gesch\u00e4ftsleiter der Brauerei, sagt, soll in diesem Jahr erstmalig auch das 0,0-prozentige Schl\u00fcssel in der 0,3-Liter-Flasche angeboten werden. Au\u00dferdem soll wieder ein fruchtiges Pale Ale passend zu den sommerlichen Temperaturen gereicht werden.<\/p>\n<p class=\"richtext text-em-55 !leading-serif mx-6 desktop:mx-0\">Das Traditionshaus bietet in diesem Jahr sein beliebtes Altbier f\u00fcr 3,40 Euro an, daf\u00fcr bekommen Besucher ein 0,25-Liter-Glas serviert, wie Uerige-Chef Michael Schnitzler verr\u00e4t. Hochgerechnet auf einen Liter werden 13,60 Euro f\u00e4llig.<\/p>\n<p class=\"richtext text-em-55 !leading-serif mx-6 desktop:mx-0\">Im Schl\u00f6sser-Zelt kostet ein Altbier der Brauerei in diesem Jahr 3 Euro. Daf\u00fcr gibt es das Bier im 0,2-Liter-Glas, macht also einen Literpreis von 15 Euro. Zudem k\u00f6nnen durstige Besucher auch F\u00e4sser kaufen, die 140 Euro (10 Liter) oder 260 Euro (20 Liter) kosten.<\/p>\n<p class=\"richtext text-em-55 !leading-serif mx-6 desktop:mx-0\">Auch im K\u00fcrzer-Zelt wird das Altbier im 0,2-Liter-Glas serviert \u2013 so wie es die G\u00e4ste von der Kurzen Stra\u00dfe in der Altstadt kennen. Das Glas kostet 2,90 Euro, pro Liter werden also 14,50 Euro f\u00e4llig. K\u00fcrzer-Chef Hans-Peter Schwemin sagt au\u00dferdem, dass 20-Liter-F\u00e4sser im Angebot sein werden. Was das kostet? \u201eNun ja, wie 100 Bier\u201c, sagt er mit einem Lachen. Das w\u00e4ren dann 290 Euro.<\/p>\n<p class=\"richtext text-em-55 !leading-serif mx-6 desktop:mx-0\">F\u00e4sser wird es auch im Schumacher-Zelt geben, wie das Unternehmen mitteilt, allerdings eine Nummer kleiner. Zehn Liter des Altbiers von der Oststra\u00dfe werden f\u00fcr 129 Euro angeboten. Ein 0,25-Liter-Glas soll 3,50 Euro kosten, pro Liter also 14 Euro.<\/p>\n","protected":false},"excerpt":{"rendered":"Der Besuch im Festzelt geh\u00f6rt f\u00fcr viele Kirmesbesucher fest zum Erlebnis dazu. Dort wird gekl\u00f6nt und gefeiert und&hellip;\n","protected":false},"author":2,"featured_media":1170203,"comment_status":"","ping_status":"","sticky":false,"template":"","format":"standard","meta":{"footnotes":"","_share_on_mastodon":"0"},"categories":[1831],"tags":[183900,245146,18131,8057,2326,3364,29,3405,4788,146395,3486,15564,30,27131,78936,25968,23019,190682,245147,1209,39173,3482],"class_list":["post-1178140","post","type-post","status-publish","format-standard","has-post-thumbnail","category-duesseldorf","tag-245146","tag-altbier","tag-besuch","tag-bier","tag-de","tag-deutschland","tag-duesseldorf","tag-euro","tag-faesser","tag-festzelt","tag-festzelte","tag-germany","tag-glas","tag-kirmesbesucher","tag-kostet","tag-liter","tag-literpreis","tag-literpreise","tag-nordrhein-westfalen","tag-rheinkirmes","tag-zelt"],"share_on_mastodon":{"url":"https:\/\/pubeurope.com\/@de\/116947180992880831","error":""},"_links":{"self":[{"href":"https:\/\/www.europesays.com\/de\/wp-json\/wp\/v2\/posts\/1178140","targetHints":{"allow":["GET"]}}],"collection":[{"href":"https:\/\/www.europesays.com\/de\/wp-json\/wp\/v2\/posts"}],"about":[{"href":"https:\/\/www.europesays.com\/de\/wp-json\/wp\/v2\/types\/post"}],"author":[{"embeddable":true,"href":"https:\/\/www.europesays.com\/de\/wp-json\/wp\/v2\/users\/2"}],"replies":[{"embeddable":true,"href":"https:\/\/www.europesays.com\/de\/wp-json\/wp\/v2\/comments?post=1178140"}],"version-history":[{"count":0,"href":"https:\/\/www.europesays.com\/de\/wp-json\/wp\/v2\/posts\/1178140\/revisions"}],"wp:featuredmedia":[{"embeddable":true,"href":"https:\/\/www.europesays.com\/de\/wp-json\/wp\/v2\/media\/1170203"}],"wp:attachment":[{"href":"https:\/\/www.europesays.com\/de\/wp-json\/wp\/v2\/media?parent=1178140"}],"wp:term":[{"taxonomy":"category","embeddable":true,"href":"https:\/\/www.europesays.com\/de\/wp-json\/wp\/v2\/categories?post=1178140"},{"taxonomy":"post_tag","embeddable":true,"href":"https:\/\/www.europesays.com\/de\/wp-json\/wp\/v2\/tags?post=1178140"}],"curies":[{"name":"wp","href":"https:\/\/api.w.org\/{rel}","templated":true}]}}