{"id":117825,"date":"2025-05-17T13:33:08","date_gmt":"2025-05-17T13:33:08","guid":{"rendered":"https:\/\/www.europesays.com\/de\/117825\/"},"modified":"2025-05-17T13:33:08","modified_gmt":"2025-05-17T13:33:08","slug":"verbale-fehde-mit-trump-ayatollah-chamenei-amerika-muss-nahen-osten-verlassen","status":"publish","type":"post","link":"https:\/\/www.europesays.com\/de\/117825\/","title":{"rendered":"Verbale Fehde mit Trump: Ayatollah Chamenei: Amerika muss Nahen Osten verlassen"},"content":{"rendered":"<p>                    Verbale Fehde mit Trump<br \/>\n                Ayatollah Chamenei: Amerika muss Nahen Osten verlassen<\/p>\n<p>\t\t\t\t              17.05.2025, 15:11 Uhr<\/p>\n<p>\t\t\t\t\t       Artikel anh\u00f6ren<\/p>\n<p>\t\t\t\t\t\t\tDiese Audioversion wurde k\u00fcnstlich generiert. <a href=\"https:\/\/www.n-tv.de\/23249898\" target=\"_blank\" rel=\"noopener\">Mehr Infos<\/a><\/p>\n<p><strong>Die USA und Iran verhandeln derzeit \u00fcber ein neues Atomabkommen. Dabei \u00fcberziehen sich beide Seiten mit Vorw\u00fcrfen. Nun reagiert Ayatollah Chamenei auf Attacken Trumps. Er bezichtigt den US-Pr\u00e4sidenten der L\u00fcge und st\u00f6\u00dft w\u00fcste Drohungen gegen Israel aus.<\/strong><\/p>\n<p>Irans geistliches Oberhaupt Ayatollah Ali Chamenei hat die USA aufgefordert, den Nahen Osten zu verlassen. &#8222;Mit der Entschlossenheit von Nationen der Region (des Nahen Ostens) muss Amerika die Region verlassen und wird sie verlassen&#8220;, sagte er am Samstag in Teheran. Chamenei \u00e4u\u00dferte sich inmitten von Verhandlungen mit den USA \u00fcber das iranische Atomprogramm.<\/p>\n<p>Er kritisierte zudem die Unterst\u00fctzung der USA f\u00fcr Israel in dessen Krieg gegen die islamistische Pal\u00e4stinenserorganisation Hamas im Gazastreifen. &#8222;Trump hat behauptet, er wolle mit Macht Frieden erreichen, aber er hat gelogen&#8220;, sagte Chamenei mit Blick auf die US-Regierung. &#8222;Er, die US-Regierungsvertreter und die US-Regierungen haben ihre Macht genutzt, um das Massaker in Gaza zu unterst\u00fctzen.&#8220; Israel &#8222;muss und wird ausgerottet werden&#8220;, sagte Chamenei.<\/p>\n<p>Trump wiederum hatte bei seinem Besuch in Saudi-Arabien am Dienstag die iranische F\u00fchrung und die regionale Rolle des Landes kritisiert. &#8222;Die iranische F\u00fchrung hat sich darauf fokussiert, die Reicht\u00fcmer ihres Volkes zu stehlen, um Terrorismus und Blutvergie\u00dfen im Ausland zu finanzieren&#8220;, sagte der US-Pr\u00e4sident. Chamenei sagte nun am Samstag, &#8222;einige der Bemerkungen&#8220; Trumps bei seiner Golfreise &#8222;verdienen nicht mal eine Antwort&#8220;. N\u00e4her ging das geistliche Oberhaupt des Iran nicht darauf ein.<\/p>\n<p>Der Iran und die USA hatten am 12. April unter Vermittlung des Oman Verhandlungen aufgenommen, um ein neues Atomabkommen zu schlie\u00dfen. Die USA hatten sich w\u00e4hrend Trumps erster Amtszeit im Jahr 2018 aus dem Atomabkommen von 2015 zur\u00fcckgezogen. Am Donnerstag hatte Trump gesagt, Washington und Teheran st\u00fcnden kurz vor einer Einigung. Am Tag darauf machte Trump Druck auf den Iran &#8211; andernfalls werde &#8222;etwas Schlimmes passieren&#8220;.<\/p>\n","protected":false},"excerpt":{"rendered":"Verbale Fehde mit Trump Ayatollah Chamenei: Amerika muss Nahen Osten verlassen 17.05.2025, 15:11 Uhr Artikel anh\u00f6ren Diese Audioversion&hellip;\n","protected":false},"author":2,"featured_media":117826,"comment_status":"","ping_status":"","sticky":false,"template":"","format":"standard","meta":{"footnotes":""},"categories":[3977],"tags":[45248,331,332,106,13,345,13613,14,15,16,12,4017,4018,4016,64,4019,4020],"class_list":{"0":"post-117825","1":"post","2":"type-post","3":"status-publish","4":"format-standard","5":"has-post-thumbnail","7":"category-usa","8":"tag-ajatollah-ali-chamenei","9":"tag-aktuelle-nachrichten","10":"tag-aktuelle-news","11":"tag-donald-trump","12":"tag-headlines","13":"tag-iran","14":"tag-iranisches-atomprogramm","15":"tag-nachrichten","16":"tag-news","17":"tag-politik","18":"tag-schlagzeilen","19":"tag-united-states","20":"tag-united-states-of-america","21":"tag-us","22":"tag-usa","23":"tag-vereinigte-staaten","24":"tag-vereinigte-staaten-von-amerika"},"share_on_mastodon":{"url":"https:\/\/pubeurope.com\/@de\/114523433114220451","error":""},"_links":{"self":[{"href":"https:\/\/www.europesays.com\/de\/wp-json\/wp\/v2\/posts\/117825","targetHints":{"allow":["GET"]}}],"collection":[{"href":"https:\/\/www.europesays.com\/de\/wp-json\/wp\/v2\/posts"}],"about":[{"href":"https:\/\/www.europesays.com\/de\/wp-json\/wp\/v2\/types\/post"}],"author":[{"embeddable":true,"href":"https:\/\/www.europesays.com\/de\/wp-json\/wp\/v2\/users\/2"}],"replies":[{"embeddable":true,"href":"https:\/\/www.europesays.com\/de\/wp-json\/wp\/v2\/comments?post=117825"}],"version-history":[{"count":0,"href":"https:\/\/www.europesays.com\/de\/wp-json\/wp\/v2\/posts\/117825\/revisions"}],"wp:featuredmedia":[{"embeddable":true,"href":"https:\/\/www.europesays.com\/de\/wp-json\/wp\/v2\/media\/117826"}],"wp:attachment":[{"href":"https:\/\/www.europesays.com\/de\/wp-json\/wp\/v2\/media?parent=117825"}],"wp:term":[{"taxonomy":"category","embeddable":true,"href":"https:\/\/www.europesays.com\/de\/wp-json\/wp\/v2\/categories?post=117825"},{"taxonomy":"post_tag","embeddable":true,"href":"https:\/\/www.europesays.com\/de\/wp-json\/wp\/v2\/tags?post=117825"}],"curies":[{"name":"wp","href":"https:\/\/api.w.org\/{rel}","templated":true}]}}