{"id":1178393,"date":"2026-07-19T17:37:20","date_gmt":"2026-07-19T17:37:20","guid":{"rendered":"https:\/\/www.europesays.com\/de\/1178393\/"},"modified":"2026-07-19T17:37:20","modified_gmt":"2026-07-19T17:37:20","slug":"wm-2026-hummels-harte-deutschland-wahrheit-sport","status":"publish","type":"post","link":"https:\/\/www.europesays.com\/de\/1178393\/","title":{"rendered":"WM 2026: Hummels\u2019 harte Deutschland-Wahrheit! | Sport"},"content":{"rendered":"<p><a class=\"skip-content skip-content--link\" href=\"#in-content-skip-link-target-v-0-0\">TTS-Player \u00fcberspringen\u21b5<\/a><a id=\"in-content-skip-link-target-v-0-0\" class=\"skip-content--target-link-hidden skip-content skip-content--target-link\" href=\"#in-content-skip-link-target-v-0-0\">Artikel weiterlesen<\/a><\/p>\n<p data-21134c99=\"0-2382\">New York \u2013 <b>W\u00e4hrend Spanien und Argentinien um den <\/b><a href=\"https:\/\/www.bild.de\/sport\/fussball\/fifa-wm-2026-QNToDBgFYEJ5vy2KN6mE\" class=\"text-link\" rel=\"nofollow noopener\" target=\"_blank\"><b>WM<\/b><\/a><b>-Titel spielen werden (21 Uhr, ZDF\/Magenta TV und <\/b><a href=\"https:\/\/sport.bild.de\/fussball\/fifa-wm\/ma10091165\/spanien_argentinien\/liveticker\/\" rel=\"noopener nofollow\" class=\"text-link\" target=\"_blank\"><b>hier im BILD-Live-Ticker<\/b><\/a><b>), geht es im Vorprogramm bei Magenta TV um die gro\u00dfe Frage: Warum ist Deutschland so weit zur\u00fcckgefallen? In der Runde mit <\/b><a href=\"https:\/\/www.bild.de\/sport\/leute\/mats-hummels\/mats-hummels-alle-infos-79768176.bild.html\" class=\"text-link\" rel=\"nofollow noopener\" target=\"_blank\"><b>Mats Hummels<\/b><\/a><b>, Thomas M\u00fcller, Tabea Kemme und J\u00fcrgen Klopp wird die Nachwuchsarbeit des DFB schonungslos analysiert.<\/b><\/p>\n<p>Hummels\u2019 harte Deutschland-Wahrheit!<\/p>\n<p data-21134c99=\"0-2382\">Auf die Frage von Moderatorin Laura Wontorra, wo die einst so erfolgreiche Jugendarbeit verloren gegangen sei, erkl\u00e4rt Hummels: \u201eIch wei\u00df nicht, ob es 100 Prozent stimmt. Aber mein Eindruck war so ein bisschen, dass man um 2010 rum dachte, man muss jetzt dieses vermeintliche Tiki-Taka der Spanier und des FC Barcelona kopieren, was damals State of the Art war.\u201c<\/p>\n<p data-21134c99=\"0-2382\">Der Weltmeister von 2014 glaubt, dass dadurch zwar viele technisch starke Fu\u00dfballer ausgebildet wurden, andere Qualit\u00e4ten aber verloren gingen. \u201eDa sind ein Haufen Spieler rausgekommen, die alle richtig gut zocken k\u00f6nnen, die sind technisch sauber, die spielen einen guten Pass, die k\u00f6nnen gut verlagern. Es fehlt erstmal in Deutschland an richtigen Dribblern. Leute, die den Ball haben, die Momente kreieren k\u00f6nnen aus dem Nichts.\u201c Au\u00dferdem kritisierte Hummels den Fokus auf kurzfristige Erfolge im Nachwuchsbereich. \u201eEs war ein bisschen so, dass zu kurzfristig die Ergebnisse zu wichtig waren. Dass athletische oder in der Jugend athletisch st\u00e4rkere Spieler gegen\u00fcber denen eine Chance bekommen, die erst sp\u00e4ter athletisch werden.\u201c<\/p>\n<p>\u201eIch muss leider &#8230;\u201c: Wontorra erinnert Hummels an dunklen WM-Moment<a class=\"anchor video-teaser__anchor\" href=\"https:\/\/www.bild.de\/sport\/fussball\/ich-muss-leider-wontorra-erinnert-hummels-an-dunklen-wm-moment-6a587f77ad9ad049b5cfce60\" rel=\"nofollow noopener\" target=\"_blank\"><img decoding=\"async\" width=\"992\" height=\"558\" alt=\"\" loading=\"lazy\" src=\"https:\/\/www.europesays.com\/de\/wp-content\/uploads\/2026\/07\/901b1f947f322e86af2a99a0025a10c3-landscape,3ec8e029.jpeg\"   class=\"landscape teaser__image\"\/><\/a><\/p>\n<p>Quelle: MagentaTV16.07.2026<\/p>\n<p data-21134c99=\"0-2382\">Auch Thomas M\u00fcller sieht Defizite in der Talentf\u00f6rderung. \u201eMir kommt es so vor, als sei die individuelle Entwicklung weniger wichtig als der mannschaftliche Erfolg. Und mannschaftlichen Erfolg kriegst du schon mit gutem Spielsystem, sehr viel Wert auf Taktik und diszipliniertem Spielen als Team. Die Spanier sind mit ihren Jugendmannschaften \u2013 und wir k\u00f6nnen die mal als Vorbild nehmen \u2013 immer j\u00fcnger. Und spielen da trotzdem immer in Finals. Wir kaufen das oft eher so mit \u00e4lteren Spielern, die als Mannschaft gut funktionieren. Und eben nicht, dass wir nicht den aktuell besseren Spieler spielen lassen, sondern den, in dem wir mehr Potential sehen.\u201c<\/p>\n<p data-21134c99=\"0-2382\">Zum Abschluss machte der designierte Bundestrainer J\u00fcrgen Klopp deutlich, dass aus seiner Sicht dringender Handlungsbedarf besteht. \u201eDas muss sich richtig angeguckt werden. Und zwar richtig.\u201c<\/p>\n","protected":false},"excerpt":{"rendered":"TTS-Player \u00fcberspringen\u21b5Artikel weiterlesen New York \u2013 W\u00e4hrend Spanien und Argentinien um den WM-Titel spielen werden (21 Uhr, ZDF\/Magenta&hellip;\n","protected":false},"author":2,"featured_media":1178394,"comment_status":"","ping_status":"","sticky":false,"template":"","format":"standard","meta":{"footnotes":"","_share_on_mastodon":"0"},"categories":[2],"tags":[331,3924,332,3922,1263,3364,1260,29,38029,30,13,7645,5639,8845,14,3923,15,3921,12],"class_list":["post-1178393","post","type-post","status-publish","format-standard","has-post-thumbnail","category-deutschland","tag-aktuelle-nachrichten","tag-aktuelle-nachrichten-aus-deutschland","tag-aktuelle-news","tag-aktuelle-news-aus-deutschland","tag-aufmacher-bereich","tag-de","tag-deutsche-nationalmannschaft","tag-deutschland","tag-fussball-wm-2026","tag-germany","tag-headlines","tag-klopp-juergen","tag-magenta-sport","tag-mueller-thomas","tag-nachrichten","tag-nachrichten-aus-deutschland","tag-news","tag-news-aus-deutschland","tag-schlagzeilen"],"share_on_mastodon":{"url":"https:\/\/pubeurope.com\/@de\/116947863402440020","error":""},"_links":{"self":[{"href":"https:\/\/www.europesays.com\/de\/wp-json\/wp\/v2\/posts\/1178393","targetHints":{"allow":["GET"]}}],"collection":[{"href":"https:\/\/www.europesays.com\/de\/wp-json\/wp\/v2\/posts"}],"about":[{"href":"https:\/\/www.europesays.com\/de\/wp-json\/wp\/v2\/types\/post"}],"author":[{"embeddable":true,"href":"https:\/\/www.europesays.com\/de\/wp-json\/wp\/v2\/users\/2"}],"replies":[{"embeddable":true,"href":"https:\/\/www.europesays.com\/de\/wp-json\/wp\/v2\/comments?post=1178393"}],"version-history":[{"count":0,"href":"https:\/\/www.europesays.com\/de\/wp-json\/wp\/v2\/posts\/1178393\/revisions"}],"wp:featuredmedia":[{"embeddable":true,"href":"https:\/\/www.europesays.com\/de\/wp-json\/wp\/v2\/media\/1178394"}],"wp:attachment":[{"href":"https:\/\/www.europesays.com\/de\/wp-json\/wp\/v2\/media?parent=1178393"}],"wp:term":[{"taxonomy":"category","embeddable":true,"href":"https:\/\/www.europesays.com\/de\/wp-json\/wp\/v2\/categories?post=1178393"},{"taxonomy":"post_tag","embeddable":true,"href":"https:\/\/www.europesays.com\/de\/wp-json\/wp\/v2\/tags?post=1178393"}],"curies":[{"name":"wp","href":"https:\/\/api.w.org\/{rel}","templated":true}]}}