{"id":1178399,"date":"2026-07-19T17:40:16","date_gmt":"2026-07-19T17:40:16","guid":{"rendered":"https:\/\/www.europesays.com\/de\/1178399\/"},"modified":"2026-07-19T17:40:16","modified_gmt":"2026-07-19T17:40:16","slug":"lintorf-zeigt-sich-kuenstlerisch","status":"publish","type":"post","link":"https:\/\/www.europesays.com\/de\/1178399\/","title":{"rendered":"Lintorf zeigt sich k\u00fcnstlerisch"},"content":{"rendered":"<p class=\"text_ohne_einzug richtext text-em-55 !leading-serif mx-6 desktop:mx-0\"> F\u00fcr das Lintorfer Sch\u00fctzen- und Familienfest am dritten Wochenende im August hatten sich die Sch\u00fctzen etwas ganz Besonderes ausgedacht. Bereits im M\u00e4rz hatten sie die Kinder der Lintorfer Kinderg\u00e4rten und Grundschulen eingeladen, sich an einer kreativen Malaktion zu beteiligen.<\/p>\n<p class=\"richtext text-em-55 !leading-serif mx-6 desktop:mx-0\">Ihre Idee war es, dass sich die Kinder mit den Themen \u201e750 Jahre Ratingen\u201c, \u201eHeimat\u201c, \u201eLintorf\u201c oder \u201eSch\u00fctzenbrauchtum\u201c auseinander setzen und ihre ganz pers\u00f6nlichen Gedanken und Vorstellungen dazu zu Papier bringen. \u201eDabei gab es keinerlei Vorgaben \u2013 Fantasie und Kreativit\u00e4t stehen im Mittelpunkt. Selbst wenn ein rosafarbenes Krokodil gemalt wird, ist auch das wunderbar und ausdr\u00fccklich erw\u00fcnscht. Gerade die individuelle Sichtweise der Kinder macht den besonderen Reiz dieser Aktion aus\u201c, sagte Sch\u00fctzenchef Andreas Kellersmann.<\/p>\n<p class=\"richtext text-em-55 !leading-serif mx-6 desktop:mx-0\">Zwei Kinderg\u00e4rten und die Schule im Neanderland sind dieser Einladung gefolgt und haben viele sch\u00f6ne Kunstwerke eingereicht. Diese wurden auf insgesamt acht gro\u00dfe Baustellenbanner gedruckt und werden nun im Rahmen einer Open-Air-Ausstellung pr\u00e4sentiert. Am Samstagvormittag wurde die Ausstellung auf dem Grundst\u00fcck Krummenweger Stra\u00dfe \/ Ecke Ritterskamp (neben der Sparkasse) er\u00f6ffnet.<\/p>\n<p class=\"richtext text-em-55 !leading-serif mx-6 desktop:mx-0\">Auf den farbenfrohen Bildern k\u00f6nnen Geburtstagstorten, Luftballons, der Brunnen auf dem Ratinger Marktplatz, die Stadtmauer, der \u201eRote Turm\u201c von Breitscheid, die Eissporthalle, das Schwimmbad und vieles mehr bewundert werden. Nat\u00fcrlich durften das Stadtwappen und der gestreckte Daumen nicht fehlen.<\/p>\n<p class=\"richtext text-em-55 !leading-serif mx-6 desktop:mx-0\">Auch der stellvertretende B\u00fcrgermeister Michael Droste schaute sich alle 35 Kunstwerke genaustens an und lobte den Ideenreichtum der Kinder. Bis zum <a href=\"https:\/\/rp-online.de\/thema\/schuetzenfest\/\" rel=\"nofollow noopener\" target=\"_blank\">Sch\u00fctzenfest<\/a> k\u00f6nnen die Werke der Kinder am Zaun rund um das Grundst\u00fcck noch bestaunt werden. \u201eDann werden wir sie den jeweiligen Einrichtungen zu deren freien Verf\u00fcgung \u00fcbergeben\u201c, sagte J\u00fcrgen Rumof, Vorsitzender des Festausschusses der Bruderschaft.<\/p>\n<p class=\"richtext text-em-55 !leading-serif mx-6 desktop:mx-0\">Gleich am n\u00e4chsten Tag ging es mit einer Open-Air-Ausstellung der ganz anderen Art weiter. Nach dem gro\u00dfen Erfolg des Rundgangs vor zwei Wochen (die RP berichtete) und dem darauf folgenden Enthusiasmus der Graffitifreunde aus Lintorf und Umgebung f\u00fchrte der K\u00f6lner Streetart-K\u00fcnstler SeiLeise\/Tim Ossege noch einmal auf einer Runde zu einem Teil seiner Kunstwerke, die er \u00fcberall in Lintorf verstreut angebracht hatte.<\/p>\n<p class=\"richtext text-em-55 !leading-serif mx-6 desktop:mx-0\">Angesteckt von der Begeisterung in Lintorf l\u00e4dt der Verein Lintorfer Heimatfreunde (VLH) in Kooperation mit der Katholischen \u00d6ffentlichen B\u00fccherei (K\u00d6B) alle Lintorfer Kinder und Jugendlichen bis 16 Jahre zu einem weiteren Malwettbewerb w\u00e4hrend der Sommerferien ein. Aufgabe f\u00fcr alle ist es, sich ein Lieblingsmotiv aus den rund 25 Motiven auszusuchen und auf einem Din-A3 Blatt nachzumalen, sei es der heimatlose Astronaut, das M\u00e4dchen mit dem Mond als Luftballon, das Gehirn mit Fl\u00fcgeln \u2026 oder oder oder. Ob mit Wachsmalern, Kreide, Blei- oder Buntstiften, Wasser- oder Aquarellfarben \u2026 alles ist erlaubt.<\/p>\n<p class=\"richtext text-em-55 !leading-serif mx-6 desktop:mx-0\">Die fertigen Bilder k\u00f6nnen bis zum 30. August in der K\u00d6B (mittwochs 15 bis 17 Uhr, sonntags 10 bis 12.30 Uhr) oder beim Wein- und Feinkostgesch\u00e4ft Leib &amp; Rebe am Konrad-Adenauer-Platz (\u00fcbliche Gesch\u00e4ftszeiten) bis zum 31. August eingereicht werden. Sie werden nach den Sommerferien in der K\u00d6B im Pfarrsaal von St. Johannes ausgestellt. Der genaue Termin wird rechtzeitig bekannt gegeben.<\/p>\n<p class=\"richtext text-em-55 !leading-serif mx-6 desktop:mx-0\">Einige Bilder werden auch schon beim Dorffest mit historischem Handwerkermarkt am 5. und 6. September am Stand des Heimatvereins und dem der K\u00d6B ausgeh\u00e4ngt. Die zwei sch\u00f6nsten Bilder aus jeder Altersklasse (K\u00fcnstler bis 10 Jahre und K\u00fcnstler von 11 bis 16 Jahre) werden pr\u00e4miert.<\/p>\n","protected":false},"excerpt":{"rendered":"F\u00fcr das Lintorfer Sch\u00fctzen- und Familienfest am dritten Wochenende im August hatten sich die Sch\u00fctzen etwas ganz Besonderes&hellip;\n","protected":false},"author":2,"featured_media":1178400,"comment_status":"","ping_status":"","sticky":false,"template":"","format":"standard","meta":{"footnotes":"","_share_on_mastodon":"0"},"categories":[1838],"tags":[5564,2076,3364,29,3715,26559,30,2818,231935,3910,4818,19113,59066,1209,9877,75484,38124,23079,27898],"class_list":["post-1178399","post","type-post","status-publish","format-standard","has-post-thumbnail","category-duisburg","tag-air","tag-ausstellung","tag-de","tag-deutschland","tag-duisburg","tag-eingereicht","tag-germany","tag-kindergarten","tag-koeb","tag-kuenstler","tag-kunstwerke","tag-lintorf","tag-lintorfer","tag-nordrhein-westfalen","tag-schuetzen","tag-schuetzenbrauchtum","tag-schuetzenchef","tag-schuetzenfest","tag-werke"],"share_on_mastodon":{"url":"","error":""},"_links":{"self":[{"href":"https:\/\/www.europesays.com\/de\/wp-json\/wp\/v2\/posts\/1178399","targetHints":{"allow":["GET"]}}],"collection":[{"href":"https:\/\/www.europesays.com\/de\/wp-json\/wp\/v2\/posts"}],"about":[{"href":"https:\/\/www.europesays.com\/de\/wp-json\/wp\/v2\/types\/post"}],"author":[{"embeddable":true,"href":"https:\/\/www.europesays.com\/de\/wp-json\/wp\/v2\/users\/2"}],"replies":[{"embeddable":true,"href":"https:\/\/www.europesays.com\/de\/wp-json\/wp\/v2\/comments?post=1178399"}],"version-history":[{"count":0,"href":"https:\/\/www.europesays.com\/de\/wp-json\/wp\/v2\/posts\/1178399\/revisions"}],"wp:featuredmedia":[{"embeddable":true,"href":"https:\/\/www.europesays.com\/de\/wp-json\/wp\/v2\/media\/1178400"}],"wp:attachment":[{"href":"https:\/\/www.europesays.com\/de\/wp-json\/wp\/v2\/media?parent=1178399"}],"wp:term":[{"taxonomy":"category","embeddable":true,"href":"https:\/\/www.europesays.com\/de\/wp-json\/wp\/v2\/categories?post=1178399"},{"taxonomy":"post_tag","embeddable":true,"href":"https:\/\/www.europesays.com\/de\/wp-json\/wp\/v2\/tags?post=1178399"}],"curies":[{"name":"wp","href":"https:\/\/api.w.org\/{rel}","templated":true}]}}