{"id":1178427,"date":"2026-07-19T18:02:16","date_gmt":"2026-07-19T18:02:16","guid":{"rendered":"https:\/\/www.europesays.com\/de\/1178427\/"},"modified":"2026-07-19T18:02:16","modified_gmt":"2026-07-19T18:02:16","slug":"kernens-eigenes-bier-jochen-schniepp-will-mit-roemer-gold-in-getraenkemaerkte-nachrichten-aus-kernen","status":"publish","type":"post","link":"https:\/\/www.europesays.com\/de\/1178427\/","title":{"rendered":"Kernens eigenes Bier: Jochen Schniepp will mit \u201eR\u00f6mer Gold\u201c in Getr\u00e4nkem\u00e4rkte &#8211; Nachrichten aus Kernen"},"content":{"rendered":"<p><strong>Kernen.<\/strong> An der Hauswand der Hauptstra\u00dfe 9 in Rommelshausen prangt ein altes Logo. \u201eGetr\u00e4nke Schniepp\u201c steht darauf, der wei\u00dfe Hintergrund ist mittlerweile etwas vergilbt. Den Getr\u00e4nkemarkt gibt es l\u00e4ngst nicht mehr, doch die Familientradition lebt weiter. Jochen Schniepp (64), Enkel des ehemaligen Inhabers, hat sein eigenes Bier herausgebracht. Den Namen w\u00e4hlte er ganz im Sinne seiner lokalen Verwurzelung. Das \u201eR\u00f6mer Gold\u201c m\u00f6chte er auch zum Verkauf anbieten.<\/p>\n<p>Das <\/p>\n","protected":false},"excerpt":{"rendered":"Kernen. An der Hauswand der Hauptstra\u00dfe 9 in Rommelshausen prangt ein altes Logo. \u201eGetr\u00e4nke Schniepp\u201c steht darauf, der&hellip;\n","protected":false},"author":2,"featured_media":1178428,"comment_status":"","ping_status":"","sticky":false,"template":"","format":"standard","meta":{"footnotes":"","_share_on_mastodon":"0"},"categories":[1830],"tags":[74484,1634,2326,3364,29,30,10903,3986,123018,233163,14435,35887,246491,14440,246492,1441,191400],"class_list":["post-1178427","post","type-post","status-publish","format-standard","has-post-thumbnail","category-stuttgart","tag-after-work","tag-baden-wuerttemberg","tag-bier","tag-de","tag-deutschland","tag-germany","tag-getraenke","tag-handel","tag-helles","tag-jochen-schniepp","tag-kernen","tag-marke","tag-roemer-gold","tag-rommelshausen","tag-schniepp","tag-stuttgart","tag-un_was-gibt-es-neues"],"share_on_mastodon":{"url":"https:\/\/pubeurope.com\/@de\/116947959452634387","error":""},"_links":{"self":[{"href":"https:\/\/www.europesays.com\/de\/wp-json\/wp\/v2\/posts\/1178427","targetHints":{"allow":["GET"]}}],"collection":[{"href":"https:\/\/www.europesays.com\/de\/wp-json\/wp\/v2\/posts"}],"about":[{"href":"https:\/\/www.europesays.com\/de\/wp-json\/wp\/v2\/types\/post"}],"author":[{"embeddable":true,"href":"https:\/\/www.europesays.com\/de\/wp-json\/wp\/v2\/users\/2"}],"replies":[{"embeddable":true,"href":"https:\/\/www.europesays.com\/de\/wp-json\/wp\/v2\/comments?post=1178427"}],"version-history":[{"count":0,"href":"https:\/\/www.europesays.com\/de\/wp-json\/wp\/v2\/posts\/1178427\/revisions"}],"wp:featuredmedia":[{"embeddable":true,"href":"https:\/\/www.europesays.com\/de\/wp-json\/wp\/v2\/media\/1178428"}],"wp:attachment":[{"href":"https:\/\/www.europesays.com\/de\/wp-json\/wp\/v2\/media?parent=1178427"}],"wp:term":[{"taxonomy":"category","embeddable":true,"href":"https:\/\/www.europesays.com\/de\/wp-json\/wp\/v2\/categories?post=1178427"},{"taxonomy":"post_tag","embeddable":true,"href":"https:\/\/www.europesays.com\/de\/wp-json\/wp\/v2\/tags?post=1178427"}],"curies":[{"name":"wp","href":"https:\/\/api.w.org\/{rel}","templated":true}]}}