{"id":1178614,"date":"2026-07-19T20:00:17","date_gmt":"2026-07-19T20:00:17","guid":{"rendered":"https:\/\/www.europesays.com\/de\/1178614\/"},"modified":"2026-07-19T20:00:17","modified_gmt":"2026-07-19T20:00:17","slug":"thomas-gottschalk-ist-krebsfrei-impfung-soll-rueckfall-verhindern-leben-wissen","status":"publish","type":"post","link":"https:\/\/www.europesays.com\/de\/1178614\/","title":{"rendered":"Thomas Gottschalk ist krebsfrei: Impfung soll R\u00fcckfall verhindern | Leben &#038; Wissen"},"content":{"rendered":"<p><b>\u201eNach Auskunft der \u00c4rzte bin ich momentan krebsfrei\u201c \u2013 ein Satz, auf den viele Fans von Thomas Gottschalk gewartet haben. Doch der Entertainer ruht sich auf dieser guten Nachricht nicht aus, sondern wagt einen medizinischen Spezialweg mit einer Impfung, die ihn vor einem R\u00fcckfall bewahren soll.<\/b><\/p>\n<p>Wie diese neuartige Therapie aus der Kinderonkologie funktioniert, warum Gottschalk daf\u00fcr regelm\u00e4\u00dfig an die Uniklinik f\u00e4hrt und welche Hoffnung sich \u00c4rzte und Patient von den zw\u00f6lf Spritzen machen, lesen Sie mit BILDplus \u2013 jetzt Zugang sichern und weiterlesen.<\/p>\n","protected":false},"excerpt":{"rendered":"\u201eNach Auskunft der \u00c4rzte bin ich momentan krebsfrei\u201c \u2013 ein Satz, auf den viele Fans von Thomas Gottschalk&hellip;\n","protected":false},"author":2,"featured_media":1178615,"comment_status":"","ping_status":"","sticky":false,"template":"","format":"standard","meta":{"footnotes":"","_share_on_mastodon":"0"},"categories":[155],"tags":[25387,9094,29,214,30,16687,227242,1080,215,16686],"class_list":["post-1178614","post","type-post","status-publish","format-standard","has-post-thumbnail","category-unterhaltung","tag-brustkrebs","tag-chemotherapie","tag-deutschland","tag-entertainment","tag-germany","tag-gottschalk-thomas","tag-kc-leben","tag-krebs","tag-unterhaltung","tag-wetten-dass"],"share_on_mastodon":{"url":"","error":""},"_links":{"self":[{"href":"https:\/\/www.europesays.com\/de\/wp-json\/wp\/v2\/posts\/1178614","targetHints":{"allow":["GET"]}}],"collection":[{"href":"https:\/\/www.europesays.com\/de\/wp-json\/wp\/v2\/posts"}],"about":[{"href":"https:\/\/www.europesays.com\/de\/wp-json\/wp\/v2\/types\/post"}],"author":[{"embeddable":true,"href":"https:\/\/www.europesays.com\/de\/wp-json\/wp\/v2\/users\/2"}],"replies":[{"embeddable":true,"href":"https:\/\/www.europesays.com\/de\/wp-json\/wp\/v2\/comments?post=1178614"}],"version-history":[{"count":0,"href":"https:\/\/www.europesays.com\/de\/wp-json\/wp\/v2\/posts\/1178614\/revisions"}],"wp:featuredmedia":[{"embeddable":true,"href":"https:\/\/www.europesays.com\/de\/wp-json\/wp\/v2\/media\/1178615"}],"wp:attachment":[{"href":"https:\/\/www.europesays.com\/de\/wp-json\/wp\/v2\/media?parent=1178614"}],"wp:term":[{"taxonomy":"category","embeddable":true,"href":"https:\/\/www.europesays.com\/de\/wp-json\/wp\/v2\/categories?post=1178614"},{"taxonomy":"post_tag","embeddable":true,"href":"https:\/\/www.europesays.com\/de\/wp-json\/wp\/v2\/tags?post=1178614"}],"curies":[{"name":"wp","href":"https:\/\/api.w.org\/{rel}","templated":true}]}}