{"id":117866,"date":"2025-05-17T13:54:08","date_gmt":"2025-05-17T13:54:08","guid":{"rendered":"https:\/\/www.europesays.com\/de\/117866\/"},"modified":"2025-05-17T13:54:08","modified_gmt":"2025-05-17T13:54:08","slug":"3-liga-vfb-stuttgart-ii-und-rot-weiss-essen-trennen-sich-11-sport","status":"publish","type":"post","link":"https:\/\/www.europesays.com\/de\/117866\/","title":{"rendered":"3. Liga: VfB Stuttgart II und Rot-Weiss Essen trennen sich 1:1 | Sport"},"content":{"rendered":"<p><b>Ein packendes 1:1 zwischen dem VfB Stuttgart II und Rot-Weiss Essen sorgt f\u00fcr einen aufregenden letzten Spieltag in der 3. Liga.<\/b><\/p>\n<p>Die Partie beginnt mit einem Paukenschlag, als Justin Diehl bereits in der 4. Minute den VfB Stuttgart II in F\u00fchrung bringt. Nach einem schnellen Konter holt er sich den Ball zur\u00fcck, vernascht zwei Essener Verteidiger und trifft aus neun Metern ins obere rechte Eck. Die fr\u00fche F\u00fchrung l\u00e4sst die Schwaben aufatmen, doch die Essener zeigen sich unbeeindruckt.<\/p>\n<p>Auch interessant<\/p>\n<p>Anzeige<\/p>\n<p>Auch interessant<\/p>\n<p>Anzeige<\/p>\n<p>In der 18. Minute gelingt Rot-Weiss Essen der Ausgleich. Nach einer Ecke von Mizuta entsteht ein Abpraller, den Torben M\u00fcsel aus zehn Metern direkt verwandelt. Der Ball fliegt unhaltbar ins Netz und stellt den Spielstand auf 1:1. Beide Teams liefern sich fortan ein ausgeglichenes Duell, wobei die Schwaben durch Diehl, Sessa und Ulrich immer wieder gef\u00e4hrlich werden.<\/p>\n<p>Die zweite Halbzeit beginnt ohne personelle Ver\u00e4nderungen, doch der Druck auf die Gastgeber w\u00e4chst, da Borussia Dortmund II in Saarbr\u00fccken zwischenzeitlich f\u00fchrt. Ein Treffer von Boakye an die Latte sowie mehrere Paraden von Essens Torh\u00fcter Wienand halten die Spannung hoch. Doch die Nachricht vom Ausgleich und sp\u00e4teren F\u00fchrungstreffer Saarbr\u00fcckens gegen Dortmund sorgt f\u00fcr Erleichterung bei den Stuttgartern.<\/p>\n<p>In der Nachspielzeit bleibt es ruhig, und die Partie endet mit einem 1:1. F\u00fcr die Essener bedeutet das einen vers\u00f6hnlichen Saisonabschluss, w\u00e4hrend der VfB Stuttgart II den Klassenerhalt in der 3. Liga sichert. Beide Teams k\u00f6nnen mit ihrer Leistung zufrieden sein, auch wenn der letzte Spieltag noch einmal f\u00fcr Nervenkitzel sorgte.<\/p>\n","protected":false},"excerpt":{"rendered":"Ein packendes 1:1 zwischen dem VfB Stuttgart II und Rot-Weiss Essen sorgt f\u00fcr einen aufregenden letzten Spieltag in&hellip;\n","protected":false},"author":2,"featured_media":117867,"comment_status":"","ping_status":"","sticky":false,"template":"","format":"standard","meta":{"footnotes":""},"categories":[1834],"tags":[3364,29,996,3688,30,15469,1209,3714,45,15437],"class_list":{"0":"post-117866","1":"post","2":"type-post","3":"status-publish","4":"format-standard","5":"has-post-thumbnail","7":"category-essen","8":"tag-de","9":"tag-deutschland","10":"tag-dritte-liga","11":"tag-essen","12":"tag-germany","13":"tag-ki-spielbericht","14":"tag-nordrhein-westfalen","15":"tag-rot-weiss-essen","16":"tag-texttospeech","17":"tag-vfb-stuttgart-ii"},"share_on_mastodon":{"url":"https:\/\/pubeurope.com\/@de\/114523515325699279","error":""},"_links":{"self":[{"href":"https:\/\/www.europesays.com\/de\/wp-json\/wp\/v2\/posts\/117866","targetHints":{"allow":["GET"]}}],"collection":[{"href":"https:\/\/www.europesays.com\/de\/wp-json\/wp\/v2\/posts"}],"about":[{"href":"https:\/\/www.europesays.com\/de\/wp-json\/wp\/v2\/types\/post"}],"author":[{"embeddable":true,"href":"https:\/\/www.europesays.com\/de\/wp-json\/wp\/v2\/users\/2"}],"replies":[{"embeddable":true,"href":"https:\/\/www.europesays.com\/de\/wp-json\/wp\/v2\/comments?post=117866"}],"version-history":[{"count":0,"href":"https:\/\/www.europesays.com\/de\/wp-json\/wp\/v2\/posts\/117866\/revisions"}],"wp:featuredmedia":[{"embeddable":true,"href":"https:\/\/www.europesays.com\/de\/wp-json\/wp\/v2\/media\/117867"}],"wp:attachment":[{"href":"https:\/\/www.europesays.com\/de\/wp-json\/wp\/v2\/media?parent=117866"}],"wp:term":[{"taxonomy":"category","embeddable":true,"href":"https:\/\/www.europesays.com\/de\/wp-json\/wp\/v2\/categories?post=117866"},{"taxonomy":"post_tag","embeddable":true,"href":"https:\/\/www.europesays.com\/de\/wp-json\/wp\/v2\/tags?post=117866"}],"curies":[{"name":"wp","href":"https:\/\/api.w.org\/{rel}","templated":true}]}}