{"id":1178703,"date":"2026-07-19T21:05:17","date_gmt":"2026-07-19T21:05:17","guid":{"rendered":"https:\/\/www.europesays.com\/de\/1178703\/"},"modified":"2026-07-19T21:05:17","modified_gmt":"2026-07-19T21:05:17","slug":"zog-zog-in-neuss-schuetzenfest-einstimmig-beschlossen","status":"publish","type":"post","link":"https:\/\/www.europesays.com\/de\/1178703\/","title":{"rendered":"Zog-Zog in Neuss: Sch\u00fctzenfest einstimmig beschlossen"},"content":{"rendered":"<p class=\"text_ohne_einzug richtext text-em-55 !leading-serif mx-6 desktop:mx-0\"> Nicht nur das Sch\u00fctzenfest des Neusser B\u00fcrger-Sch\u00fctzen-Vereins ist von Traditionen gepr\u00e4gt. Auch die Zeit davor wird nach altbew\u00e4hrter Manier gefeiert. Am Samstagabend, sechs Wochen vor dem gro\u00dfen Fest, stand daher die Zog-Zog-Versammlung auf dem Programm. In der Stadthalle d\u00fcrfte wohl niemand daran gezweifelt haben, dass sich die \u00fcberw\u00e4ltigende Mehrheit bei der Kardinalfrage daf\u00fcr aussprechen w\u00fcrde, in diesem Jahr Sch\u00fctzenfest zu feiern. Und tats\u00e4chlich gab es auch auf Nachfrage keine einzige Gegenstimme.<\/p>\n<p class=\"richtext text-em-55 !leading-serif mx-6 desktop:mx-0\">Bei der Versammlung, zu der inzwischen auch die B\u00fcrgerinnen von Neuss eingeladen werden, sa\u00dfen in einer von M\u00e4nnern dominierten Riege auch vier Frauen auf dem Podium. Mit drei weiblichen Stadtverordneten aus dem Haupt-, Sicherheits- und Gleichstellungsausschuss wartete auch die neue Erste Beigeordnete und K\u00e4mmerin Meike Folkerts gespannt auf den Ausgang der Entscheidung.<\/p>\n<p class=\"richtext text-em-55 !leading-serif mx-6 desktop:mx-0\">Bert R\u00f6mgens, Sch\u00fctzenk\u00f6nig des Jahres 2024\/25 und seit dem vergangenen Herbst Komiteemitglied, hielt eine gelungene Rede, an deren Ende er die Kardinalfrage stellte. Er z\u00e4hlte zun\u00e4chst auf, was es ohne Sch\u00fctzenfest nicht geben wird und schob anschlie\u00dfend noch weitere Gr\u00fcnde nach, warum Neuss wieder gemeinsam feiern sollte: Freunde treffen, Freundschaften pflegen sowie Zeit f\u00fcr andere zu haben, geh\u00f6rten zu den wichtigsten Begr\u00fcndungen. Das Fest selbst nannte R\u00f6mgens \u201emaximal identit\u00e4tspr\u00e4gend\u201c. Daf\u00fcr erntete der 60-J\u00e4hrige viel Applaus.<\/p>\n<p class=\"richtext text-em-55 !leading-serif mx-6 desktop:mx-0\">Sch\u00fctzenpr\u00e4sident Martin Flecken forderte im Laufe des Abends immer wieder zum gemeinsamen Singen auf. Der Jurist nannte den Gesang ein \u201enat\u00fcrliches Antidepressivum\u201c und der Arzt Achim Robertz, der Flecken im November als Pr\u00e4sident folgen soll, widersprach dem nicht. Flecken zeigte angesichts seines Dienstzeitendes keinen Hauch von Wehmut \u2013 im Gegenteil: Er scheint sich auf seine Zukunft in den Reihen seines Sch\u00fctzenlustzuges \u201eNur so\u201c zu freuen. Seine spezielle Art, seine mitrei\u00dfende Begeisterung, werden die Neusser sicher in guter Erinnerung behalten.<\/p>\n<p class=\"richtext text-em-55 !leading-serif mx-6 desktop:mx-0\">Auf jedem Sch\u00fctzenfest flie\u00dft das Bier in Str\u00f6men, das ist auch in Neuss nicht anders. In diesem Jahr werden Bitburger Pils und Bolten Alt im Ausschank sein.<\/p>\n<p class=\"richtext text-em-55 !leading-serif mx-6 desktop:mx-0\">Nach dem einstimmigen Votum, ausgedr\u00fcckt im Ruf \u201eZog, Zog\u201c, brach Jubel aus. Die Fahnenabteilungen des Regiments zogen auf, bevor \u2013 in Anwesenheit von Sch\u00fctzenk\u00f6nig Franz Josef II. (Odendahl) \u2013 B\u00fcrgermeister, Pr\u00e4sident und Bernd Herten als Oberst das neue Festplakat pr\u00e4sentierten. Vor den Tagen der Wonne warten noch der Oberst- und der K\u00f6nigsehrenabend auf die Regimentssch\u00fctzen.<\/p>\n","protected":false},"excerpt":{"rendered":"Nicht nur das Sch\u00fctzenfest des Neusser B\u00fcrger-Sch\u00fctzen-Vereins ist von Traditionen gepr\u00e4gt. Auch die Zeit davor wird nach altbew\u00e4hrter&hellip;\n","protected":false},"author":2,"featured_media":1178704,"comment_status":"","ping_status":"","sticky":false,"template":"","format":"standard","meta":{"footnotes":"","_share_on_mastodon":"0"},"categories":[1831],"tags":[97660,3364,29,3405,246538,30,246537,10430,14718,1209,246539,97664,246541,9877,23079,30853,246540,59869,9645,5962,70162],"class_list":["post-1178703","post","type-post","status-publish","format-standard","has-post-thumbnail","category-duesseldorf","tag-bert","tag-de","tag-deutschland","tag-duesseldorf","tag-erntete","tag-germany","tag-kardinalfrage","tag-neuss","tag-neusser","tag-nordrhein-westfalen","tag-regiments","tag-regimentsschuetzen","tag-robertz","tag-schuetzen","tag-schuetzenfest","tag-schuetzenkoenig","tag-schuetzenlustzuges","tag-schuetzenpraesident","tag-stadthalle","tag-versammlung","tag-votum"],"share_on_mastodon":{"url":"https:\/\/pubeurope.com\/@de\/116948679234967583","error":""},"_links":{"self":[{"href":"https:\/\/www.europesays.com\/de\/wp-json\/wp\/v2\/posts\/1178703","targetHints":{"allow":["GET"]}}],"collection":[{"href":"https:\/\/www.europesays.com\/de\/wp-json\/wp\/v2\/posts"}],"about":[{"href":"https:\/\/www.europesays.com\/de\/wp-json\/wp\/v2\/types\/post"}],"author":[{"embeddable":true,"href":"https:\/\/www.europesays.com\/de\/wp-json\/wp\/v2\/users\/2"}],"replies":[{"embeddable":true,"href":"https:\/\/www.europesays.com\/de\/wp-json\/wp\/v2\/comments?post=1178703"}],"version-history":[{"count":0,"href":"https:\/\/www.europesays.com\/de\/wp-json\/wp\/v2\/posts\/1178703\/revisions"}],"wp:featuredmedia":[{"embeddable":true,"href":"https:\/\/www.europesays.com\/de\/wp-json\/wp\/v2\/media\/1178704"}],"wp:attachment":[{"href":"https:\/\/www.europesays.com\/de\/wp-json\/wp\/v2\/media?parent=1178703"}],"wp:term":[{"taxonomy":"category","embeddable":true,"href":"https:\/\/www.europesays.com\/de\/wp-json\/wp\/v2\/categories?post=1178703"},{"taxonomy":"post_tag","embeddable":true,"href":"https:\/\/www.europesays.com\/de\/wp-json\/wp\/v2\/tags?post=1178703"}],"curies":[{"name":"wp","href":"https:\/\/api.w.org\/{rel}","templated":true}]}}