{"id":1178705,"date":"2026-07-19T21:06:28","date_gmt":"2026-07-19T21:06:28","guid":{"rendered":"https:\/\/www.europesays.com\/de\/1178705\/"},"modified":"2026-07-19T21:06:28","modified_gmt":"2026-07-19T21:06:28","slug":"fortuna-duesseldorf-naechste-transfer-wende-um-florian-kastenmeier","status":"publish","type":"post","link":"https:\/\/www.europesays.com\/de\/1178705\/","title":{"rendered":"Fortuna D\u00fcsseldorf: N\u00e4chste Transfer-Wende um Florian Kastenmeier"},"content":{"rendered":"<p class=\"text_ohne_einzug richtext text-em-55 !leading-serif mx-6 desktop:mx-0\">Werder Bremen, <a href=\"https:\/\/rp-online.de\/thema\/hannover\/\" rel=\"nofollow noopener\" target=\"_blank\">Hannover<\/a> 96, SC <a href=\"https:\/\/rp-online.de\/thema\/paderborn\/\" rel=\"nofollow noopener\" target=\"_blank\">Paderborn<\/a> \u2013 und zuletzt Hertha BSC. F\u00fcr die Fans vieler ambitionierter Vereine gab es Anzeichen in den vergangenen Wochen und Monaten, in denen sie nachvollziehbarerweise davon ausgehen konnten, dass Florian Kastenmeier zur neuen Saison bei ihnen aufschl\u00e4gt. Nach seiner Entscheidung, Fortuna zu verlassen, kam der 29-J\u00e4hrige mit dem Vorteil, sich abl\u00f6sefrei und ohne Verhandlungen mit einem abgebenden Klub auf dem Transfermarkt bewegen zu k\u00f6nnen. Allerdings h\u00e4tte da kaum jemand damit gerechnet, dass zum Ende des Trainingslagers seines Ex-Klubs noch keine Entscheidung gefallen ist.<\/p>\n","protected":false},"excerpt":{"rendered":"Werder Bremen, Hannover 96, SC Paderborn \u2013 und zuletzt Hertha BSC. F\u00fcr die Fans vieler ambitionierter Vereine gab&hellip;\n","protected":false},"author":2,"featured_media":1178706,"comment_status":"","ping_status":"","sticky":false,"template":"","format":"standard","meta":{"footnotes":"","_share_on_mastodon":"0"},"categories":[1831],"tags":[2420,3364,29,3405,6223,30,46,8352,4917,10920,1209,727,22868,10162],"class_list":["post-1178705","post","type-post","status-publish","format-standard","has-post-thumbnail","category-duesseldorf","tag-bremen","tag-de","tag-deutschland","tag-duesseldorf","tag-fortuna","tag-germany","tag-hannover","tag-hertha","tag-kapitaen","tag-kastenmeier","tag-nordrhein-westfalen","tag-paderborn","tag-schritt","tag-wende"],"share_on_mastodon":{"url":"https:\/\/pubeurope.com\/@de\/116948683160211402","error":""},"_links":{"self":[{"href":"https:\/\/www.europesays.com\/de\/wp-json\/wp\/v2\/posts\/1178705","targetHints":{"allow":["GET"]}}],"collection":[{"href":"https:\/\/www.europesays.com\/de\/wp-json\/wp\/v2\/posts"}],"about":[{"href":"https:\/\/www.europesays.com\/de\/wp-json\/wp\/v2\/types\/post"}],"author":[{"embeddable":true,"href":"https:\/\/www.europesays.com\/de\/wp-json\/wp\/v2\/users\/2"}],"replies":[{"embeddable":true,"href":"https:\/\/www.europesays.com\/de\/wp-json\/wp\/v2\/comments?post=1178705"}],"version-history":[{"count":0,"href":"https:\/\/www.europesays.com\/de\/wp-json\/wp\/v2\/posts\/1178705\/revisions"}],"wp:featuredmedia":[{"embeddable":true,"href":"https:\/\/www.europesays.com\/de\/wp-json\/wp\/v2\/media\/1178706"}],"wp:attachment":[{"href":"https:\/\/www.europesays.com\/de\/wp-json\/wp\/v2\/media?parent=1178705"}],"wp:term":[{"taxonomy":"category","embeddable":true,"href":"https:\/\/www.europesays.com\/de\/wp-json\/wp\/v2\/categories?post=1178705"},{"taxonomy":"post_tag","embeddable":true,"href":"https:\/\/www.europesays.com\/de\/wp-json\/wp\/v2\/tags?post=1178705"}],"curies":[{"name":"wp","href":"https:\/\/api.w.org\/{rel}","templated":true}]}}