{"id":1178767,"date":"2026-07-19T21:46:17","date_gmt":"2026-07-19T21:46:17","guid":{"rendered":"https:\/\/www.europesays.com\/de\/1178767\/"},"modified":"2026-07-19T21:46:17","modified_gmt":"2026-07-19T21:46:17","slug":"grenzweg-in-neersen-schuetzengilde-feiert-mit-zwei-majestaeten","status":"publish","type":"post","link":"https:\/\/www.europesays.com\/de\/1178767\/","title":{"rendered":"Grenzweg in Neersen: Sch\u00fctzengilde feiert mit zwei Majest\u00e4ten"},"content":{"rendered":"<p class=\"text_ohne_einzug richtext text-em-55 !leading-serif mx-6 desktop:mx-0\">Die St.-Konrad-Sch\u00fctzengilde hat zurzeit zwei gekr\u00f6nte H\u00e4upter: Da ist die aktuelle Sch\u00fctzenk\u00f6nigin Melissa Fippinger, die gemeinsam mit Prinzgemahl und Lebensgef\u00e4hrte Henning Gedden auftritt. Und da ist der Vorjahresk\u00f6nig Julian Hardt, dem es im Herbst vergangenen Jahres gelang, Di\u00f6zesank\u00f6nig der Di\u00f6zese Aachen zu werden. Die besondere Lage \u2013 auf Willicher Stadtgebiet, aber mit enger Anbindung nach Viersen \u2013 sorgte auch diesmal daf\u00fcr, dass das Zelt stets gut besucht war. Das gem\u00e4\u00dfigte Wetter \u2013 um die 20 Grad \u2013 kam allen Feiernden sehr entgegen. Die Stimmung war entsprechend gut.<\/p>\n","protected":false},"excerpt":{"rendered":"Die St.-Konrad-Sch\u00fctzengilde hat zurzeit zwei gekr\u00f6nte H\u00e4upter: Da ist die aktuelle Sch\u00fctzenk\u00f6nigin Melissa Fippinger, die gemeinsam mit Prinzgemahl&hellip;\n","protected":false},"author":2,"featured_media":1178768,"comment_status":"","ping_status":"","sticky":false,"template":"","format":"standard","meta":{"footnotes":"","_share_on_mastodon":"0"},"categories":[1849],"tags":[3364,29,246551,548,663,3934,246550,209182,30,163972,246554,70353,246552,13,35271,35129,35263,63265,47,4455,14,29198,15,1209,12,9877,23079,246553,83246,64036,246555],"class_list":["post-1178767","post","type-post","status-publish","format-standard","has-post-thumbnail","category-moenchengladbach","tag-de","tag-deutschland","tag-dioezesankoenig","tag-eu","tag-europa","tag-europe","tag-fippinger","tag-gekroent","tag-germany","tag-gilde","tag-gildemeister","tag-grenzweg","tag-haeupter","tag-headlines","tag-jungschuetzenkoenigin","tag-koenigin","tag-konrad","tag-melissa","tag-messe","tag-moenchengladbach","tag-nachrichten","tag-neersen","tag-news","tag-nordrhein-westfalen","tag-schlagzeilen","tag-schuetzen","tag-schuetzenfest","tag-schuetzenfestbegeistert","tag-schuetzengilde","tag-schuetzenkoenigin","tag-schuetzenmesse"],"share_on_mastodon":{"url":"","error":""},"_links":{"self":[{"href":"https:\/\/www.europesays.com\/de\/wp-json\/wp\/v2\/posts\/1178767","targetHints":{"allow":["GET"]}}],"collection":[{"href":"https:\/\/www.europesays.com\/de\/wp-json\/wp\/v2\/posts"}],"about":[{"href":"https:\/\/www.europesays.com\/de\/wp-json\/wp\/v2\/types\/post"}],"author":[{"embeddable":true,"href":"https:\/\/www.europesays.com\/de\/wp-json\/wp\/v2\/users\/2"}],"replies":[{"embeddable":true,"href":"https:\/\/www.europesays.com\/de\/wp-json\/wp\/v2\/comments?post=1178767"}],"version-history":[{"count":0,"href":"https:\/\/www.europesays.com\/de\/wp-json\/wp\/v2\/posts\/1178767\/revisions"}],"wp:featuredmedia":[{"embeddable":true,"href":"https:\/\/www.europesays.com\/de\/wp-json\/wp\/v2\/media\/1178768"}],"wp:attachment":[{"href":"https:\/\/www.europesays.com\/de\/wp-json\/wp\/v2\/media?parent=1178767"}],"wp:term":[{"taxonomy":"category","embeddable":true,"href":"https:\/\/www.europesays.com\/de\/wp-json\/wp\/v2\/categories?post=1178767"},{"taxonomy":"post_tag","embeddable":true,"href":"https:\/\/www.europesays.com\/de\/wp-json\/wp\/v2\/tags?post=1178767"}],"curies":[{"name":"wp","href":"https:\/\/api.w.org\/{rel}","templated":true}]}}