{"id":1178812,"date":"2026-07-19T22:15:19","date_gmt":"2026-07-19T22:15:19","guid":{"rendered":"https:\/\/www.europesays.com\/de\/1178812\/"},"modified":"2026-07-19T22:15:19","modified_gmt":"2026-07-19T22:15:19","slug":"dfb-news-bundestrainer-der-nationalmannschaft-klopp-bestaetigt-einigung-mit-red-bull","status":"publish","type":"post","link":"https:\/\/www.europesays.com\/de\/1178812\/","title":{"rendered":"DFB-News: Bundestrainer der Nationalmannschaft &#8211; Klopp best\u00e4tigt Einigung mit Red Bull"},"content":{"rendered":"<p>            <img loading=\"lazy\" decoding=\"async\" class=\"ts-image\" src=\"https:\/\/www.europesays.com\/de\/wp-content\/uploads\/2026\/07\/juergen-klopp-402.jpg\" alt=\"J\u00fcrgen Klopp\" title=\"J\u00fcrgen Klopp | Reuters\/Agustin Marcarian\"\/><\/p>\n<p>                    <strong>DFB-Liveblog<\/strong><\/p>\n<p class=\"metatextline\">Stand: 19.07.2026 \u2022 20:00 Uhr<\/p>\n<p class=\"article-head__shorttext\">\n        <strong>Alle Nachrichten rund um das DFB-Team im Liveblog.<\/strong>\n    <\/p>\n<p>19.07.2026 \u2022 19:59 Uhr<\/p>\n<p>    Mertesacker als DFB-Gesch\u00e4ftsf\u00fchrer? &#8222;Wir unterhalten uns&#8220;<\/p>\n<p class=\"textabsatz m-ten m-offset-one l-eight l-offset-two columns twelve\">Nachdem die Frage, wer Julian Nagelsmann als Bundestrainer beerbt, so gut wie gekl\u00e4rt ist, treibt der DFB offenbar auch die Suche nach einem Nachfolger von Andreas Rettig voran. Der DFB-Gesch\u00e4ftsf\u00fchrer hatte bereits angek\u00fcndigt, seinen im Dezember auslaufenden Vertrag nicht zu verl\u00e4ngern. Der ehemalige Nationalspieler Per Mertesacker ist offenbar in der Pole Position f\u00fcr die Nachfolge.<\/p>\n<p class=\"textabsatz m-ten m-offset-one l-eight l-offset-two columns twelve\">In seiner Funktion als ZDF-Experte beantwortete er eine Frage nach dem Stand der Verhandlungen wie folgt: &#8222;Man muss dem DFB eines lassen: Der Kontakt mit mir ist nie abgerissen. In der letzten Woche ist nochmal ein bisschen Dynamik reingekommen. Wir unterhalten uns&#8220;, erkl\u00e4rte Mertesacker und f\u00fcgte an: &#8222;Es gibt noch nichts zu verk\u00fcnden.&#8220; Der Weltmeister von 2014 sagte weiter: &#8222;Nat\u00fcrlich ist die Priorit\u00e4t erstmal bei J\u00fcrgen Klopp und danach sehen wir, was mit meiner Person passiert.&#8220; <\/p>\n<p>19.07.2026 \u2022 19:21 Uhr<\/p>\n<p>    G\u00f6tze lobt Klopps Soft Skills &#8211; &#8222;Versteht, wie man mit Menschen umgeht&#8220;<\/p>\n<p class=\"textabsatz m-ten m-offset-one l-eight l-offset-two columns twelve\">Mario G\u00f6tze hat den designierten Bundestrainer J\u00fcrgen Klopp in einem Interview mit &#8222;The Athletic&#8220; gelobt: &#8222;Was er versteht, ist, wie man mit Menschen umgeht. Spieler f\u00fchren, Erwartungen managen, Menschen als Gruppe zusammenbringen, das hat er auf perfekte Weise verstanden.&#8220; Klopp k\u00f6nne &#8222;sehr deutlich sein bei dem, was er will und fordert. Deshalb war er so erfolgreich&#8220;, betonte G\u00f6tze, der von 2010 bis 2013 bei Borussia Dortmund mit Klopp zusammengearbeitet hat. &#8222;Er sagte, er m\u00fcsse Menschen, die sich m\u00f6gen, zusammenbringen, damit sie 120 Prozent statt 100 Prozent geben k\u00f6nnen. Genau das hat er getan.&#8220;<\/p>\n<p>19.07.2026 \u2022 18:49 Uhr<\/p>\n<p>    &#8222;Steht nichts mehr im Weg&#8220;: Klopp best\u00e4tigt Einigung mit Red Bull<\/p>\n<p class=\"textabsatz m-ten m-offset-one l-eight l-offset-two columns twelve\">J\u00fcrgen Klopp steht kurz davor, Bundestrainer zu werden. Der 59-J\u00e4hrige best\u00e4tigte bei Magenta Sport die Berichte, dass es eine Einigung mit Klopps aktuellem Arbeitgeber Red Bull gibt, ihn vorzeitig aus seinem bis 2029 laufenden Vertrag zu entlassen. &#8222;Die Gespr\u00e4che liefen und alles geht in die richtige Richtung. Ich habe eine Einigung und Regelung mit Red Bull gefunden \u2013 eine sehr gro\u00dfz\u00fcgige Regelung&#8220;, erkl\u00e4rte Klopp bei Magenta Sport, wies aber darauf hin: &#8222;Es ist nichts final.&#8220; Es st\u00fcnden aber noch &#8222;viele Gespr\u00e4che&#8220; an, &#8222;weil wir ja mit einem Verband sprechen. Viele Leute m\u00fcssen da informiert werden, was man auch daran merkt, dass viele Informationen fr\u00fchzeitig rauskommen, ob sie jetzt richtig oder falsch sind, sei mal dahingestellt. Aber es geht alles in die richtige Richtung.&#8220;<\/p>\n<p class=\"textabsatz m-ten m-offset-one l-eight l-offset-two columns twelve\">Zweifel, dass das nicht zeitnah geschehen wird, hat Klopp allerdings offenbar nicht: &#8222;In den n\u00e4chsten Tagen sollte es so weit sein. Es steht eigentlich nichts mehr im Wege &#8211; nur, es ist noch nicht offiziell.&#8220; &#8222;Bild&#8220; und &#8222;Sky&#8220; berichten, dass eine Pressekonferenz f\u00fcr den kommenden Freitag geplant sei. Auf eine Sportschau-Anfrage antwortet der Fu\u00dfballverband: &#8222;Der DFB kommentiert den aktuellen Verhandlungsstand mit J\u00fcrgen Klopp nicht. Eine finale Entscheidung treffen die zust\u00e4ndigen Gremien.&#8220;<\/p>\n<p>19.07.2026 \u2022 15:45 Uhr<\/p>\n<p>    Letzte H\u00fcrde genommen? Red Bull gibt wohl Klopp frei<\/p>\n<p class=\"textabsatz m-ten m-offset-one l-eight l-offset-two columns twelve\">Der offiziellen Ernennung von J\u00fcrgen Klopp als neuer Bundestrainer steht wohl nichts mehr im Weg. Wie &#8222;Bild&#8220; und &#8222;Sky&#8220; berichten, l\u00e4sst der Red-Bull-Konzern Klopp aus seinem eigentlich bis 2029 laufenden Vertrag aussteigen.<\/p>\n<p class=\"textabsatz m-ten m-offset-one l-eight l-offset-two columns twelve\">Das sei das Ergebnis eines Gespr\u00e4chs zwischen Oliver Mintzlaff als Chef des \u00f6sterreichischen Getr\u00e4nkeimperiums und Klopp, wie &#8222;Bild&#8220; ohne Quellenangabe berichtet. J\u00fcrgen Klopps Berater Marc Kosicke hat Berichte \u00fcber eine angebliche Einigung zwischen Klopps bisherigem Arbeitgeber Red Bull und dem Wunsch-Bundestrainer auf Anfrage der Nachrichtenagentur SID hingegen dementiert.<\/p>\n<p class=\"textabsatz m-ten m-offset-one l-eight l-offset-two columns twelve\">Den Berichten von &#8222;Bild&#8220; und &#8222;Sky&#8220; zufolge soll Klopp nicht, wie zun\u00e4chst berichtet worden war, neben seiner T\u00e4tigkeit als Bundestrainer weiterhin als Markenbotschafter oder Berater f\u00fcr Red Bull t\u00e4tig sein. Auch eine Abl\u00f6sezahlung soll nicht f\u00e4llig werden.<\/p>\n<p class=\"textabsatz m-ten m-offset-one l-eight l-offset-two columns twelve\">Der 59-J\u00e4hrige steht aktuell noch als &#8222;Head of Global Soccer&#8220; bei dem Konzern unter Vertrag. Als m\u00f6glichen Termin f\u00fcr eine offizielle Vorstellung von Klopp als Bundestrainer nennt die &#8222;Bild&#8220; den Freitag kommender Woche. Der DFB hat diese Meldung noch nicht best\u00e4tigt. Auf eine Sportschau-Anfrage antwortet der Fu\u00dfballverband: &#8222;Der DFB kommentiert den aktuellen Verhandlungsstand mit J\u00fcrgen Klopp nicht. Eine finale Entscheidung treffen die zust\u00e4ndigen Gremien.&#8220;<\/p>\n<p>19.07.2026 \u2022 12:36 Uhr<\/p>\n<p>    G\u00f6tze \u00fcber Klopp: &#8222;Versteht, was die meisten Trainer nicht verstehen&#8220;<\/p>\n<p class=\"textabsatz m-ten m-offset-one l-eight l-offset-two columns twelve\">Weltmeister Mario G\u00f6tze hat in einem Interview mit &#8222;The Athletic&#8220; ausf\u00fchrlich \u00fcber seinen ehemaligen Trainer J\u00fcrgen Klopp gesprochen. &#8222;R\u00fcckblickend hatte er einen enormen Einfluss auf mich und den Verein&#8220;, sagte der 34-J\u00e4hrige mit Blick auf die gemeinsame Zeit bei Borussia Dortmund.<\/p>\n<p class=\"textabsatz m-ten m-offset-one l-eight l-offset-two columns twelve\">Klopp soll nach Wunsch des Deutschen Fu\u00dfball-Bundes (DFB) neuer Bundestrainer werden. G\u00f6tze sch\u00e4tzt vor allem dessen kommunikative Art. &#8222;Was er versteht, und was die meisten Trainer vielleicht nicht verstehen, ist, wie man mit Menschen umgeht. Spieler f\u00fchren, Erwartungen managen, die Mannschaft als Ganzes formen &#8211; das hat er perfekt verstanden. Er wei\u00df genau, was er will und fordert.&#8220;<\/p>\n<p>19.07.2026 \u2022 08:42 Uhr<\/p>\n<p>    &#8222;M\u00fcssen uns daf\u00fcr sch\u00e4men&#8220;: Harte Klinsmann-Kritik nach WM-Aus<\/p>\n<p class=\"textabsatz m-ten m-offset-one l-eight l-offset-two columns twelve\">Der fr\u00fchere Bundestrainer J\u00fcrgen Klinsmann sieht M\u00e4ngel in der K\u00f6rperlichkeit als eine der Ursachen f\u00fcr das WM-Scheitern der deutschen Nationalmannschaft. &#8222;Sie waren zu weich, sie waren nicht f\u00e4hig, zu leiden oder auch mal die Ellbogen auszufahren und sich Respekt zu verschaffen&#8220;, sagte Klinsmann dem TV-Sender Sky. Als Vorbild in dieser Hinsicht nannte der 61-J\u00e4hrige Titelverteidiger Argentinien.<\/p>\n<p class=\"textabsatz m-ten m-offset-one l-eight l-offset-two columns twelve\">&#8222;Wir sind jetzt absolut im Mittelma\u00df, ganz verloren irgendwo angekommen&#8220;, sagte Klinsmann bei Sport1. Das deutsche Team fange jetzt weit unten an. &#8222;Wir m\u00fcssen uns daf\u00fcr sch\u00e4men. Wir m\u00fcssen eingestehen, dass viel, viel falsch gemacht wurde&#8220;, sagte Klinsmann. Seine Hoffnungen ruhen nun auf J\u00fcrgen Klopp. &#8222;Ich w\u00fcnsche es mir sehr, weil er ein Typ ist, der so einen Neuanfang starten kann, weil er die Energie hat, die positive Art, andere Leute mit ins Boot zu bringen.&#8220;<\/p>\n<p>18.07.2026 \u2022 20:51 Uhr<\/p>\n<p>    DFB-Funktion\u00e4re bleiben trotz Einladung WM-Finale fern<\/p>\n<p class=\"textabsatz m-ten m-offset-one l-eight l-offset-two columns twelve\">DFB-Pr\u00e4sident Bernd Neuendorf und die deutschen Fu\u00dfball-Spitzenfunktion\u00e4re verzichten auf einen Besuch des WM-Endspiels. Neuendorf h\u00e4tte als Mitglied des FIFA-Councils um Weltverbandschef Gianni Infantino einen reservierten Platz auf der Ehrentrib\u00fcne.<\/p>\n<p class=\"textabsatz m-ten m-offset-one l-eight l-offset-two columns twelve\">Bereits nach dem fr\u00fchen Ausscheiden der deutschen Nationalmannschaft in der Zwischenrunde durch das 3:4 im Elfmeterschie\u00dfen gegen Paraguay und der schnellen R\u00fcckkehr nach Deutschland hatte es vom DFB gehei\u00dfen, dass Neuendorf keine WM-Spiele mehr besuchen werde. Dies gilt nun auch f\u00fcr das Finale.<\/p>\n<p class=\"textabsatz m-ten m-offset-one l-eight l-offset-two columns twelve\">Im Stadion dabei sein wird Bundestrainer-Kandidat J\u00fcrgen Klopp &#8211; als Experte von MagentaTV. In Per Mertesacker trifft er dort auf einen ZDF-Kollegen, der als m\u00f6glicher Kandidat f\u00fcr einen Posten rund um die Nationalmannschaft, zum Beispiel als DFB-Gesch\u00e4ftsf\u00fchrer, gilt.<\/p>\n<p>17.07.2026 \u2022 13:21 Uhr<\/p>\n<p>    U19-Kapit\u00e4n Onyeka fordert mehr Spielzeit f\u00fcr Talente<\/p>\n<p class=\"textabsatz m-ten m-offset-one l-eight l-offset-two columns twelve\">Francis Onyeka, Kapit\u00e4n der U19-Nationalmannschaft, w\u00fcnscht sich im Lichte des abermaligen WM-Debakels mehr Chancen f\u00fcr Eigengew\u00e4chse. &#8222;Ich finde schon, dass wir sehr viele Talente auch in Deutschland haben&#8220;, sagte der Spielf\u00fchrer des Vize-Europameisters im ARD-Morgenmagazin, &#8222;irgendwann m\u00fcsste man das Vertrauen von den Bundesliga-Trainern bekommen, Spielminuten. Vielleicht w\u00e4re das etwas, was man in Deutschland \u00e4ndern k\u00f6nnte&#8230;&#8220;<\/p>\n<p class=\"textabsatz m-ten m-offset-one l-eight l-offset-two columns twelve\">Auf die Frage, wie viele seiner Mitspieler aus der erfolgreichen U19-Auswahl es im Profifu\u00dfball schaffen k\u00f6nnten, antwortete Onyeka: &#8222;Hoffentlich so viele, wie&#8217;s geht.&#8220; Er selbst w\u00e4hlt daf\u00fcr in der anstehenden Saison den Umweg \u00fcber eine Leihe von Bayer Leverkusen zum Bundesliga-Aufsteiger SV Elversberg. &#8222;Ich muss mich da erst einmal beweisen, um Spielzeit zu bekommen&#8220;, sagte er und versprach: &#8222;Genau das werde ich auch machen.&#8220;<\/p>\n<p>16.07.2026 \u2022 19:05 Uhr<\/p>\n<p>    Nach WM-Aus &#8211; Woltemade trainiert bei Werder Bremen<\/p>\n<p class=\"textabsatz m-ten m-offset-one l-eight l-offset-two columns twelve\">So mancher Beobachter des Trainings von Werder Bremen d\u00fcrfte sich am Donnerstag verwundert die Augen gerieben haben. Denn da trainierte tats\u00e4chlich Nick Woltemade. Eine m\u00f6gliche R\u00fcckkehr des 24-J\u00e4hrigen zu seinem ersten Profiverein ist aber selbstredend kein Thema. Woltemade nutzt seinen WM-Urlaub vielmehr zu einem Besuch in seiner Heimatstadt &#8211; und h\u00e4lt sich dort beim SV Werder fit.<\/p>\n<p class=\"textabsatz m-ten m-offset-one l-eight l-offset-two columns twelve\">Allerdings nicht bei den Bundesliga-Profis, sondern auf einem Nebenplatz mit den Co-Trainern der U19, wie die &#8222;Deichstube&#8220; berichtete. Werder und Woltemade zeigten Fotos der Einheit im Netz. Schwarzes Stirnband, schwarzes Shirt, schwarze DFB-Trainingshose, dazu einige Halskettchen und ein breites L\u00e4cheln &#8211; Woltemade zeigte sich in bester Laune. &#8222;Zuhause ist es doch am sch\u00f6nsten&#8220;, schrieb der Klub dazu und verriet: Woltemade werde &#8222;ein paar Tage&#8220; mittrainieren: &#8222;Sch\u00f6n, dass du da bist!&#8220; Bei der WM geh\u00f6rte der England-Legion\u00e4r von Newcastle United zu den Pechv\u00f6geln. In der WM-Qualifikation noch der Held, hatte Bundestrainer Julian Nagelsmann bei der Endrunde kaum mehr Verwendung f\u00fcr ihn. Erst im Sechzehntelfinale gegen Paraguay (3:4 i.E.) kam er von der Bank &#8211; und verschoss einen der deutschen Elfmeter, die das n\u00e4chste Turnierdesaster besiegelten.<\/p>\n<p>15.07.2026 \u2022 18:20 Uhr<\/p>\n<p>    DFB best\u00e4tigt: Kein Unterst\u00fctzungsschreiben f\u00fcr Infantino<\/p>\n<p class=\"textabsatz m-ten m-offset-one l-eight l-offset-two columns twelve\">Gianni Infantino m\u00f6chte sich im M\u00e4rz 2027 erneut zum FIFA-Pr\u00e4sidenten w\u00e4hlen lassen. <a href=\"https:\/\/www.sportschau.de\/fussball\/praesident-bis-2031-infantino-kuendigt-erneute-kandidatur-an,fifa-kongress-wahlkampf-infantino-iran-wm-2026-100.html\" title=\"FIFA-Kongress: Pr\u00e4sident bis 2031? Infantino k\u00fcndigt erneute Kandidatur an\" rel=\"nofollow noopener\" target=\"_blank\">Das hatte er beim FIFA-Kongress in Vancouver im Mai angek\u00fcndigt.<\/a> Seither wirbt er um Unterst\u00fctzung f\u00fcr dieses Vorhaben.<\/p>\n<p class=\"textabsatz m-ten m-offset-one l-eight l-offset-two columns twelve\">Der Deutsche Fu\u00dfball-Bund hat nun best\u00e4tigt, dass er Infantino im Vorfeld der Wahl nicht mit einem Unterst\u00fctzungsschreiben \u00f6ffentlich den R\u00fccken st\u00e4rken werde. &#8222;Weitere Schritte werden im DFB-Pr\u00e4sidium beraten&#8220;, hie\u00df es in einer Stellungnahme des Verbandes. Wie der DFB abstimmt, ist damit aber nicht gesagt. Beim FIFA-Kongress in Vancouver hatte Pr\u00e4sident Bernd Neuendorf ein sofortiges Wahlversprechen an Infantino vermieden. &#8222;Die Bewertung einer Kandidatur ist nicht meine alleinige Entscheidung, sondern obliegt unseren Gremien. Daher werden wir uns innerhalb des DFB und gemeinsam mit der DFL mit der Kandidatur besch\u00e4ftigen und nach dem Ende der Bewerbungsfrist eine Entscheidung treffen&#8220;, sagte er damals.<\/p>\n<p class=\"textabsatz m-ten m-offset-one l-eight l-offset-two columns twelve\">Aktuell gibt es noch keinen Gegenkandidaten zu Infantino. Besonders im Europ\u00e4ischen Fu\u00dfballverband UEFA soll der Widerstand gegen Infantino wachsen und eine m\u00f6gliche Alternative gesucht werden. Ein Unterst\u00fctzungsschreiben, wie es beispielsweise der Nigerianische Fu\u00dfballverband bereits ver\u00f6ffentlicht hat, w\u00e4re nicht bindend. Sollten viele andere Verb\u00e4nde dem Beispiel folgen, k\u00f6nnte das aber m\u00f6gliche Gegenkandidaten vor einer offiziellen Bewerbung abschrecken.<\/p>\n<p class=\"textabsatz m-ten m-offset-one l-eight l-offset-two columns twelve\">Zumal eine Opposition derzeit nicht in Sicht ist. So hatte sich das Council des s\u00fcdamerikanischen Kontinentalverbands Conmebol einstimmig f\u00fcr seine Wiederwahl ausgesprochen. Die afrikanischen und asiatischen Verb\u00e4nde k\u00fcndigten kurz vor dem Kongress ihre uneingeschr\u00e4nkte Unterst\u00fctzung an. Damit h\u00e4tte Infantino bereits jetzt die erforderliche Mehrheit f\u00fcr eine Wiederwahl.<\/p>\n<p>15.07.2026 \u2022 11:10 Uhr<\/p>\n<p>    DFB k\u00fcndigt &#8222;Update&#8220; zum Wasserstand bei Klopp an<\/p>\n<p class=\"textabsatz m-ten m-offset-one l-eight l-offset-two columns twelve\">Aus Kreisen des DFB wurde der Sportschau best\u00e4tigt, dass es heute (Mittwoch) ein &#8222;Update&#8220; \u00fcber den Stand der Verhandlungen mit Klopp geben wird. Eingeladen dazu sind die Gesellschafterversammlung und der Aufsichtsrat der DFB GmbH &amp; Co. KG. Die beiden Gremien m\u00fcssen letztlich formell einen neuen Bundestrainer absegnen, wenn die Einigung erzielt und der Vertrag ausformuliert wurde.<\/p>\n<p class=\"absatzbild__info__text\">\n                        Hans-Joachim Watzke (l.) und DFB-Pr\u00e4sident Bernd Neuendorf (r.)\n                    <\/p>\n<p>15.07.2026 \u2022 10:18 Uhr<\/p>\n<p>    Klopp und DFB offenbar kurz vor Einigung<\/p>\n<p class=\"textabsatz m-ten m-offset-one l-eight l-offset-two columns twelve\">Das Werben um J\u00fcrgen Klopp steht vor einem Happy End. &#8222;Wir sind auf der Zielgeraden&#8220;, sagte ein DFB-Funktion\u00e4r dem SID \u00fcber die Verhandlungen zwischen dem Deutschen Fu\u00dfball-Bund (DFB), Klopps Noch-Arbeitgeber Red Bull und dem Wunsch-Bundestrainer. Demnach hat die Verbandsspitze mit Pr\u00e4sident Bernd Neuendorf und Vize Hans-Joachim Watzke am Dienstag in M\u00fcnchen beim Treffen mit RB-Vertretern den erhofften Durchbruch erzielt.<\/p>\n<p class=\"textabsatz m-ten m-offset-one l-eight l-offset-two columns twelve\">Der DFB lehnte eine offizielle Stellungnahme zu den Entwicklungen auch am Mittwoch ab. Zumal ein Gespr\u00e4ch zwischen Klopp und Red-Bull-Boss Oliver Mintzlaff dem Vernehmen nach noch aussteht. Dies soll noch in dieser Woche in den USA stattfinden, wo Klopp als Experte f\u00fcr MagentaTV im Einsatz ist. Sollte es auch dort eine \u00dcbereinkunft geben, steht der Unterschrift von Klopp beim DFB bis 2030 nichts mehr im Wege.<\/p>\n<p>14.07.2026 \u2022 18:24 Uhr<\/p>\n<p>    Verpatzte WM: DFB-Team rutscht in der Weltrangliste ab<\/p>\n<p class=\"textabsatz m-ten m-offset-one l-eight l-offset-two columns twelve\">Das fr\u00fche Aus im WM-Sechzehntelfinale hat f\u00fcr das DFB-Team auch Folgen in der FIFA-Weltrangliste. Zwar werden f\u00fcr Niederlagen bei einer WM keine Punkte abgezogen, dennoch rutschte Deutschland in der Wertung ab, da Mexiko und Kolumbien mit guten Ergebnissen an der DFB-Elf vorbeiziehen konnten. Deutschland liegt nun auf Platz zw\u00f6lf, dicht gefolgt von der Schweiz.<\/p>\n<p>                    Die aktuelle FIFA-Weltrangliste<\/p>\n<tr>\n                        Platz<br \/>\n                        Land<br \/>\n                        Punkte<br \/>\n                    <\/tr>\n<tr>\n<td>\n                            1<\/p>\n<\/td>\n<td>\n                            Frankreich<\/p>\n<\/td>\n<td>\n                            1948,97<\/p>\n<\/td>\n<\/tr>\n<tr>\n<td>\n                            2<\/p>\n<\/td>\n<td>\n                            Argentinien<\/p>\n<\/td>\n<td>\n                            1943,47<\/p>\n<\/td>\n<\/tr>\n<tr>\n<td>\n                            3<\/p>\n<\/td>\n<td>\n                            Spanien<\/p>\n<\/td>\n<td>\n                            1934,79<\/p>\n<\/td>\n<\/tr>\n<tr>\n<td>\n                            4<\/p>\n<\/td>\n<td>\n                            England<\/p>\n<\/td>\n<td>\n                            1889,42<\/p>\n<\/td>\n<\/tr>\n<tr>\n<td>\n                            5<\/p>\n<\/td>\n<td>\n                            Brasilien<\/p>\n<\/td>\n<td>\n                            1804,82<\/p>\n<\/td>\n<\/tr>\n<tr>\n<td>\n                            6<\/p>\n<\/td>\n<td>\n                            Marokko<\/p>\n<\/td>\n<td>\n                            1803,99<\/p>\n<\/td>\n<\/tr>\n<tr>\n<td>\n                            7<\/p>\n<\/td>\n<td>\n                            Portugal<\/p>\n<\/td>\n<td>\n                            1787,85<\/p>\n<\/td>\n<\/tr>\n<tr>\n<td>\n                            8<\/p>\n<\/td>\n<td>\n                            Belgien<\/p>\n<\/td>\n<td>\n                            1778,36<\/p>\n<\/td>\n<\/tr>\n<tr>\n<td>\n                            9<\/p>\n<\/td>\n<td>\n                            Niederlande<\/p>\n<\/td>\n<td>\n                            1775,54<\/p>\n<\/td>\n<\/tr>\n<tr>\n<td>\n                            10<\/p>\n<\/td>\n<td>\n                            Mexiko<\/p>\n<\/td>\n<td>\n                            1754,30<\/p>\n<\/td>\n<\/tr>\n<tr>\n<td>\n                            11<\/p>\n<\/td>\n<td>\n                            Kolumbien<\/p>\n<\/td>\n<td>\n                            1739,89<\/p>\n<\/td>\n<\/tr>\n<tr>\n<td>\n                            12<\/p>\n<\/td>\n<td>\n                            Deutschland<\/p>\n<\/td>\n<td>\n                            1726,22<\/p>\n<\/td>\n<\/tr>\n<tr>\n<td>\n                            13<\/p>\n<\/td>\n<td>\n                            Schweiz<\/p>\n<\/td>\n<td>\n                            1723,05<\/p>\n<\/td>\n<\/tr>\n<p class=\"textabsatz m-ten m-offset-one l-eight l-offset-two columns twelve\">Neben Mexiko und Kolumbien liegen die Niederlande, Belgien, Portugal, Marokko und Brasilien vor dem DFB-Team, ebenso wie die vier WM-Halbfinalisten England, Spanien, Argentinien und Frankreich, die die Pl\u00e4tze eins bis vier belegen. Die Weltrangliste wird unter anderem daf\u00fcr verwendet, Nationalmannschaften in Lost\u00f6pfe f\u00fcr unterschiedliche Wettbewerbe einzuteilen. Deutschland belegte zuletzt im Jahr 2018 den ersten Platz der Weltrangliste.<\/p>\n<p>14.07.2026 \u2022 14:10 Uhr<\/p>\n<p>    Der DFB und Red Bull sprechen \u00fcber die Personalie Klopp<\/p>\n<p class=\"textabsatz m-ten m-offset-one l-eight l-offset-two columns twelve\">Der Deutsche Fu\u00dfball-Bund (DFB) trifft sich nach Sportschau-Informationen am heutigen Dienstag in M\u00fcnchen mit Verantwortlichen des \u00f6sterreichischen Konzerns Red Bull. Dabei geht es um die Personalie J\u00fcrgen Klopp, der noch bis 2029 als &#8222;Head of Global Soccer&#8220; bei Red Bull unter Vertrag steht.<\/p>\n<p class=\"textabsatz m-ten m-offset-one l-eight l-offset-two columns twelve\">Der DFB will Klopp als neuen Bundestrainer installieren und ist sich mit dem 59-J\u00e4hrigen nach eigenen Angaben &#8222;in wesentlichen Eckpunkten&#8220; einig. Nun geht es um Details der Vertragsaufl\u00f6sung bei Red Bull und wom\u00f6glich um die Frage, ob Klopp und der Konzern k\u00fcnftig in anderer Form weiter zusammenarbeiten.<\/p>\n<p>12.07.2026 \u2022 21:17 Uhr<\/p>\n<p>    Bleibt Klopp Markenbotschafter oder nicht? Landesverb\u00e4nde mit Bedenken<\/p>\n<p class=\"textabsatz m-ten m-offset-one l-eight l-offset-two columns twelve\">J\u00fcrgen Klopp soll als Bundestrainer auf den zur\u00fcckgetretenen Julian Nagelsmann folgen. Daf\u00fcr ben\u00f6tigt der 59-J\u00e4hrige, der sich mit dem DFB laut Verbandsangaben weitgehend einig ist, aber die Freigabe seines aktuellen Arbeitgebers Red Bull. Um sich eine millionenschwere Abfindung zu ersparen, wird der DFB laut &#8222;Bild&#8220;-Informationen der brisanten L\u00f6sung zustimmen, dass Klopp Markenbotschafter des Energydrink-Giganten bleibt. Gegenteiliges berichteten am Sonntagabend allerdings Sky und der kicker: Eine Rolle als Markenbotschafter sei &#8222;nie&#8220; Teil der \u00dcberlegungen gewesen, Red Bull w\u00fcnsche sich lediglich, &#8222;hin und wieder&#8220; auf Klopps Expertise zur\u00fcckgreifen zu k\u00f6nnen.<\/p>\n<p class=\"textabsatz m-ten m-offset-one l-eight l-offset-two columns twelve\">Nach Informationen des Sport-Informations-Dienstes (SID) gibt es in mehreren Landesverb\u00e4nden des DFB Bedenken gegen eine Doppelrolle von J\u00fcrgen Klopp als Bundestrainer und Markenbotschafter von Red Bull. Mehrere Pr\u00e4sidenten der 21 Verb\u00e4nde sind damit nicht einverstanden, wie eine SID-Recherche ergab. Von &#8222;zu enger Verzahnung&#8220; mit einem aggressiven Player im Fu\u00dfball ist die Rede, von Interessenskonflikten und der Frage, ob Klopp letztlich &#8222;wirklich unabh\u00e4ngig&#8220; w\u00e4re.<\/p>\n<p class=\"absatzbild__info__text\">\n                        &#8222;Head of Global Soccer&#8220; bei RB Leipzig: J\u00fcrgen Klopp\n                    <\/p>\n<p>12.07.2026 \u2022 03:37 Uhr<\/p>\n<p>    German House of Soccer in New York schlie\u00dft<\/p>\n<p class=\"textabsatz m-ten m-offset-one l-eight l-offset-two columns twelve\">Auch in dieser Hinsicht ist die WM f\u00fcr den Deutschen Fu\u00dfball-Bund (DFB) nun beendet: Am Sonntag (Ortszeit) schlie\u00dft das German House of Soccer in New York. Seit dem 11. Juni hatte der DFB f\u00fcr Fans &#8222;auf mehr als 2.000 Quadratmetern deutsche Fu\u00dfballkultur erlebbar&#8220; gemacht, wie der Verband das Projekt vor Beginn des Turnieres Projekt beschrieb.<\/p>\n<p class=\"textabsatz m-ten m-offset-one l-eight l-offset-two columns twelve\">Am letzten Tag waren noch einmal viele Anh\u00e4nger des DFB-Teams vor Ort &#8211; und \u00e4u\u00dferten sich auch zu der wahrscheinlichen Verpflichtung von J\u00fcrgen Klopp als Bundestrainer.<\/p>\n<p>11.07.2026 \u2022 21:51 Uhr<\/p>\n<p>    DFB verliert U19-EM-Finale gegen Spanien<\/p>\n<p class=\"textabsatz m-ten m-offset-one l-eight l-offset-two columns twelve\">W\u00e4hrend sich die DFB-Spitze derzeit bem\u00fcht, J\u00fcrgen Klopp als Bundestrainer zu verpflichten und Struktur-Reformen f\u00fcr eine erfolgreiche Zukunft einzuleiten, hat sich der deutsche Nachwuchs stark bei der U19-EM in Wales pr\u00e4sentiert. F\u00fcr den Titel reichte es jedoch nicht. Im Finale konnte Deutschland lange mit der spanischen U19 mithalten, unterlag am Ende jedoch mit 0:2.<\/p>\n<p>11.07.2026 \u2022 15:16 Uhr<\/p>\n<p>    DFB und Klopp: Nun h\u00e4ngt vieles an Red Bull<\/p>\n<p class=\"textabsatz m-ten m-offset-one l-eight l-offset-two columns twelve\">Der DFB hat bei den Gespr\u00e4chen mit J\u00fcrgen Klopp \u00fcber ein Engagement als Bundestrainer weitgehend Einigung mit dem 59-J\u00e4hrigen erzielt. Beide Seiten seien zuversichtlich, dass die Verhandlungen erfolgreich abgeschlossen werden k\u00f6nnen, teilte der DFB am Samstag mit. Die Gespr\u00e4che w\u00fcrden in der kommenden Woche fortgesetzt.<\/p>\n<p class=\"textabsatz m-ten m-offset-one l-eight l-offset-two columns twelve\">Der Verband betonte allerdings, dass auch Klopps derzeitiger Arbeitgeber Red Bull noch zustimmen m\u00fcsse. Beim \u00f6sterreichischen Unternehmen hat der Coach noch einen bis 2029 datierten Vertrag als Head of Global Soccer.<\/p>\n<p>11.07.2026 \u2022 07:39 Uhr<\/p>\n<p>    DFB-Spitze hat sich mit Klopp am Flughafen getroffen<\/p>\n<p class=\"textabsatz m-ten m-offset-one l-eight l-offset-two columns twelve\">DFB-Pr\u00e4sident Bernd Neuendorf und sein Stellvertreter Hans-Joachim Watzke haben sich in der deutschen Nacht mit Bundestrainer-Wunschkandidat J\u00fcrgen Klopp in den USA getroffen, um Details einer Einigung zu besprechen. Klopp soll f\u00fcr einen WM-Zyklus bis 2030 unterschreiben. Nach <a href=\"https:\/\/www.bild.de\/sport\/fussball\/dfb-geheimtreffen-in-new-york-4-14-stunden-bundestrainer-gipfel-mit-klopp-6a51838936e98236c4bc4b1a\" title=\"4:14 Stunden Bundestrainer-Gipfel mit Klopp!\" class=\"textlink--extern js-link-dialog\" rel=\"noopener noreferrer nofollow\" target=\"_blank\" data-type=\"external\">&#8222;Bild&#8220;-Informationen<\/a> traf sich das DFB-Duo nach seiner Ankunft am fr\u00fchen Nachmittag Ortszeit mit dem 59-J\u00e4hrigen und dessen Berater Marc Kosicke in einem Hotel am New Yorker Flughafen John F. Kennedy. Das Gespr\u00e4ch soll mehr als vier Stunden gedauert haben.<\/p>\n<p class=\"textabsatz m-ten m-offset-one l-eight l-offset-two columns twelve\">Es gab einiges zu bereden. Klopp steht bis 2029 als &#8222;Global Head of Soccer&#8220; beim Red-Bull-Konzern unter Vertrag, diesen muss er in Abstimmung mit Red-Bull-Gesch\u00e4ftsf\u00fchrer Oliver Mintzlaff aufl\u00f6sen. Anschlie\u00dfend k\u00f6nnte Klopp sich an den Deutschen Fu\u00dfball-Bund binden. Eine Millionen-Abl\u00f6se ist aber wohl hinf\u00e4llig, stattdessen soll Klopp Werbebotschafter f\u00fcr Red Bull bleiben.<\/p>\n<p>10.07.2026 \u2022 17:03 Uhr<\/p>\n<p>    Zwanziger: &#8222;Bundestrainer kann nicht zwei H\u00fcte tragen&#8220;<\/p>\n<p class=\"textabsatz m-ten m-offset-one l-eight l-offset-two columns twelve\">Der fr\u00fchere DFB-Pr\u00e4sident Theo Zwanziger sieht die N\u00e4he des Wunsch-Bundestrainers J\u00fcrgen Klopp zu Red Bull kritisch. Er k\u00f6nne sich einen Bundestrainer mit Brause-Cap auf der Bank &#8222;keinesfalls vorstellen&#8220;, sagte der 81-J\u00e4hrige der Frankfurter Allgemeinen Sonntagszeitung und erg\u00e4nzte: &#8222;Sollte sich dies bewahrheiten w\u00e4re es ein v\u00f6lliges No-Go.&#8220;<\/p>\n<p class=\"textabsatz m-ten m-offset-one l-eight l-offset-two columns twelve\">Zwanziger warnt den Deutschen Fu\u00dfball-Bund (DFB) im Werben um Klopp davor, zu viel Einfluss des Dosen-Imperiums zuzulassen. &#8222;Red Bull will Macht gewinnen in den Sport hinein&#8220;, sagte er: &#8222;Durch eine Person mit der neben dem Pr\u00e4sidenten wichtigsten Funktion im deutschen Fu\u00dfball, vielleicht sogar die allerwichtigste.&#8220;<\/p>\n<p class=\"textabsatz m-ten m-offset-one l-eight l-offset-two columns twelve\">Die L\u00f6sung liegt f\u00fcr Zwanziger auf der Hand: &#8222;Wenn es ihm so wichtig ist, Bundestrainer zu werden, dann muss er alles andere sein lassen. Deutscher Nationaltrainer ist ein Riesenamt in dieser Gesellschaft, immer noch und trotz der Dinge, die in den letzten Jahren nicht so gut gelaufen sind. Der Bundestrainer kann nicht zwei H\u00fcte tragen.&#8220;<\/p>\n<p>10.07.2026 \u2022 15:22 Uhr<\/p>\n<p>    Khedira in Mourinhos Trainerstab bei Real<\/p>\n<p class=\"textabsatz m-ten m-offset-one l-eight l-offset-two columns twelve\">Der langj\u00e4hrige Nationalspieler Sami Khedira geh\u00f6rt ab sofort zum Trainerstab von Starcoach Jos\u00e9 Mourinho beim spanischen Rekordmeister Real Madrid. Der Weltmeister von 2014 kehrt damit gut f\u00fcnf Jahre nach seinem aktiven Karriereende zur\u00fcck in den Profifu\u00dfball &#8211; und das gleich bei einem der schillerndsten Vereine der Welt. Seinen Job als TV-Experte bei einem Streamingdienst gibt er daf\u00fcr auf.<\/p>\n<p class=\"textabsatz m-ten m-offset-one l-eight l-offset-two columns twelve\">F\u00fcr den 39-J\u00e4hrigen kommt es zum Wiedersehen mit einem seiner pr\u00e4genden Trainer: Mourinho hatte den Mittelfeldspieler 2010 vom VfB Stuttgart nach Madrid geholt.<\/p>\n<p>10.07.2026 \u2022 12:37 Uhr<\/p>\n<p>    Neuendorf und Watzke auf dem Weg zu Klopp nach New York<\/p>\n<p class=\"textabsatz m-ten m-offset-one l-eight l-offset-two columns twelve\">DFB-Pr\u00e4sident Bernd Neuendorf und sein Stellvertreter Hans-Joachim Watzke sind zu den Vertragsgespr\u00e4chen mit Bundestrainer-Kandidat J\u00fcrgen Klopp in die USA aufgebrochen. In New York sollen am Wochenende nach Sportschau-Informationen Details zum avisierten Engagement des 59-J\u00e4hrigen als Nachfolger von Julian Nagelsmann besprochen werden.<\/p>\n<p class=\"textabsatz m-ten m-offset-one l-eight l-offset-two columns twelve\">Klopp, aktuell als TV-Experte bei der Endrunde t\u00e4tig, ist der absolute Top-Kandidat f\u00fcr den nach dem WM-Debakel und folgenden R\u00fccktritt von Nagelsmann vakanten Bundestrainer-Posten. Der einstige Erfolgscoach von Borussia Dortmund und des FC Liverpool hatte in den vergangenen Tagen mehrfach seine Bereitschaft signalisiert, das Amt zu \u00fcbernehmen.<\/p>\n<p class=\"textabsatz m-ten m-offset-one l-eight l-offset-two columns twelve\">Gekl\u00e4rt werden muss unter anderem noch, die Aufl\u00f6sung von Klopps bis 2029 datiertem Vertrag als Head of Global Soccer beim Getr\u00e4nkekonzern Red Bull. Hierzu soll es nach den DFB-Gespr\u00e4chen weitere Verhandlungen in New York mit Gesch\u00e4ftsf\u00fchrer Oliver Mintzlaff geben. Dem Vernehmen nach sind alle Parteien an einer L\u00f6sung interessiert.<\/p>\n<p>10.07.2026 \u2022 11:06 Uhr<\/p>\n<p>    Stiller baut am &#8222;Ballermann&#8220; WM-Frust ab<\/p>\n<p class=\"textabsatz m-ten m-offset-one l-eight l-offset-two columns twelve\">Die deutschen Nationalspieler sind nach dem <a href=\"https:\/\/www.sportschau.de\/fussball\/fifa-wm-2026\/dfb-team-fehlten-gegen-paraguay-sogar-die-einfachen-mittel,wm-analyse-paraguay-ohne-mittel-100.html\" title=\"Weit weg von der Weltspitze: DFB-Team fehlten gegen Paraguay sogar die &quot;einfachen Mittel&quot;\" rel=\"nofollow noopener\" target=\"_blank\">Sechzehntel-Aus bei der WM gegen Paraguay<\/a> im Urlaub &#8211; und abgetaucht. Denn die sonst auf ihren Social-Media-Kan\u00e4len sehr mitteilungsfreudigen DFB-Kicker lassen die \u00d6ffentlichkeit aktuell allesamt im Unklaren dar\u00fcber, wo sie die Seele baumeln lassen. Im Falle von Angelo Stiller kam es trotzdem ans Tageslicht. Auf einem Video der ber\u00fchmt-ber\u00fcchtigten mallorquiner Freiluft-Gro\u00dfraum-Diskothek &#8222;Megapark&#8220; ist zu sehen, wie der Mittelfeldakteur des VfB Stuttgart bei einem Auftritt von Almklausi und dem Produentenduo HBz auf die B\u00fchne gerufen wird und dort unter dem Jubel der anderen G\u00e4ste kr\u00e4ftig mitfeiert.<\/p>\n<p class=\"textabsatz m-ten m-offset-one l-eight l-offset-two columns twelve\">&#8222;Auch ein Profi-Fu\u00dfballer muss mal abschalten und sein Leben genie\u00dfen. Sch\u00f6n, dass du da warst, Angelo. Bis zum n\u00e4chsten Mal&#8220;, schrieb der &#8222;Megapark&#8220; zu dem Video. Der Nationalspieler kommentierte den Beitrag mit einem Bizeps-Emoji. Am &#8222;Ballermann&#8220; erlangte Stiller durch seinen Auftritt zumindest kurzzeitig Kult-Status. Auch so l\u00e4sst sich WM-Frust abbauen&#8230;<\/p>\n<p>09.07.2026 \u2022 22:00 Uhr<\/p>\n<p>    Schweinsteiger kritisiert DFB wegen Klopp-Fokus<\/p>\n<p class=\"textabsatz m-ten m-offset-one l-eight l-offset-two columns twelve\">Sportschau-Experte Bastian Schweinsteiger hat den DFB f\u00fcr die fr\u00fche und deutliche Festlegung auf J\u00fcrgen Klopp als Wunschkandidat f\u00fcr den Bundestrainer-Posten kritisiert. &#8222;Hat der DFB Alternativen?&#8220;, fragte Schweinsteiger vor dem Viertelfinale zwischen Frankreich und Marokko.<\/p>\n<p class=\"textabsatz m-ten m-offset-one l-eight l-offset-two columns twelve\">Ihm pers\u00f6nliche fehle bei der Suche nach dem Nachfolger von Julian Nagelsmann &#8222;ein bisschen die Souver\u00e4nit\u00e4t&#8220; beim Verband, so der 41-J\u00e4hrige. Beispielhaft bezeichnete Schweinsteiger den geplanten Flug von DFB-Pr\u00e4sident Bernd Neuendorf und Liga-Boss Hans-Joachim Watzke in die USA zu Klopp, der w\u00e4hrend der WM als Experte bei MagentaTV arbeitet, als &#8222;ein bisschen hektisch&#8220;. Man m\u00fcsse &#8222;schon aufpassen, dass man auch einen Gegenpol hat&#8220;.<\/p>\n<p class=\"textabsatz m-ten m-offset-one l-eight l-offset-two columns twelve\">Dem DFB riet er, &#8222;ein bisschen tiefer zu stapeln&#8220;. Er w\u00e4re zwar froh, &#8222;wenn wir wieder eine Nationalmannschaft h\u00e4tten, wo die anderen Nationen sagen: Oh, die Deutschen, sie sind gut, wir haben Respekt vor ihnen, wir haben Angst vor ihnen. Das haben wir aber nicht.&#8220;<\/p>\n<p>09.07.2026 \u2022 19:54 Uhr<\/p>\n","protected":false},"excerpt":{"rendered":"DFB-Liveblog Stand: 19.07.2026 \u2022 20:00 Uhr Alle Nachrichten rund um das DFB-Team im Liveblog. 19.07.2026 \u2022 19:59 Uhr&hellip;\n","protected":false},"author":2,"featured_media":1178813,"comment_status":"","ping_status":"","sticky":false,"template":"","format":"standard","meta":{"footnotes":"","_share_on_mastodon":"0"},"categories":[2],"tags":[331,3924,332,3922,3364,29,5974,347,30,13,14,3923,15,3921,12,59416],"class_list":["post-1178812","post","type-post","status-publish","format-standard","has-post-thumbnail","category-deutschland","tag-aktuelle-nachrichten","tag-aktuelle-nachrichten-aus-deutschland","tag-aktuelle-news","tag-aktuelle-news-aus-deutschland","tag-de","tag-deutschland","tag-dfb-team","tag-fussball","tag-germany","tag-headlines","tag-nachrichten","tag-nachrichten-aus-deutschland","tag-news","tag-news-aus-deutschland","tag-schlagzeilen","tag-wm-2026"],"share_on_mastodon":{"url":"https:\/\/pubeurope.com\/@de\/116948954818682680","error":""},"_links":{"self":[{"href":"https:\/\/www.europesays.com\/de\/wp-json\/wp\/v2\/posts\/1178812","targetHints":{"allow":["GET"]}}],"collection":[{"href":"https:\/\/www.europesays.com\/de\/wp-json\/wp\/v2\/posts"}],"about":[{"href":"https:\/\/www.europesays.com\/de\/wp-json\/wp\/v2\/types\/post"}],"author":[{"embeddable":true,"href":"https:\/\/www.europesays.com\/de\/wp-json\/wp\/v2\/users\/2"}],"replies":[{"embeddable":true,"href":"https:\/\/www.europesays.com\/de\/wp-json\/wp\/v2\/comments?post=1178812"}],"version-history":[{"count":0,"href":"https:\/\/www.europesays.com\/de\/wp-json\/wp\/v2\/posts\/1178812\/revisions"}],"wp:featuredmedia":[{"embeddable":true,"href":"https:\/\/www.europesays.com\/de\/wp-json\/wp\/v2\/media\/1178813"}],"wp:attachment":[{"href":"https:\/\/www.europesays.com\/de\/wp-json\/wp\/v2\/media?parent=1178812"}],"wp:term":[{"taxonomy":"category","embeddable":true,"href":"https:\/\/www.europesays.com\/de\/wp-json\/wp\/v2\/categories?post=1178812"},{"taxonomy":"post_tag","embeddable":true,"href":"https:\/\/www.europesays.com\/de\/wp-json\/wp\/v2\/tags?post=1178812"}],"curies":[{"name":"wp","href":"https:\/\/api.w.org\/{rel}","templated":true}]}}