{"id":1178897,"date":"2026-07-19T23:11:25","date_gmt":"2026-07-19T23:11:25","guid":{"rendered":"https:\/\/www.europesays.com\/de\/1178897\/"},"modified":"2026-07-19T23:11:25","modified_gmt":"2026-07-19T23:11:25","slug":"fall-delphine-jubillar-leiche-von-seit-sechs-jahren-vermisster-franzoesin-gefunden-news","status":"publish","type":"post","link":"https:\/\/www.europesays.com\/de\/1178897\/","title":{"rendered":"Fall Delphine Jubillar: Leiche von seit sechs Jahren vermisster Franz\u00f6sin gefunden | News"},"content":{"rendered":"<p><a class=\"skip-content skip-content--link\" href=\"#in-content-skip-link-target-v-0-0\">TTS-Player \u00fcberspringen\u21b5<\/a><a id=\"in-content-skip-link-target-v-0-0\" class=\"skip-content--target-link-hidden skip-content skip-content--target-link\" href=\"#in-content-skip-link-target-v-0-0\">Artikel weiterlesen<\/a><\/p>\n<p>Toulouse (Frankreich) \u2013 <b>Fast sechs Jahre nach dem Verschwinden der Franz\u00f6sin Delphine Jubillar und neun Monate nach der Verurteilung ihres Ehemannes in einem aufsehenerregenden Mordprozess ist die Leiche der Frau gefunden worden. Die Staatsanwaltschaft von Toulouse erkl\u00e4rte am Sonntag, k\u00fcrzlich gefundene Knochen h\u00e4tten durch DNA-Tests der Krankenschwester zugeordnet werden k\u00f6nnen.<\/b><\/p>\n<p>Die damals 33 Jahre alte Delphine Jubillar war im Dezember 2020 im s\u00fcdfranz\u00f6sischen Dorf Cagnac-les-Mines nahe Albi inmitten einer Ausgangssperre wegen der Corona-Pandemie verschwunden. Ihr Mann C\u00e9dric Jubillar meldete sie selbst bei der Polizei als <a href=\"https:\/\/www.bild.de\/news\/aktuelles\/vermisste-personen\/thema-vermisste-personen-alle-infos-80909876.bild.html\" class=\"text-link\" rel=\"nofollow noopener\" target=\"_blank\">vermisst<\/a> und erkl\u00e4rte, dass sie sich in einem einvernehmlichen Scheidungsverfahren bef\u00e4nden. <\/p>\n<p><img decoding=\"async\" width=\"992\" height=\"558\" alt=\"\u201eHelft uns, Delphine wiederzufinden\u201c \u2013 Blumen und Kerzen vor dem Haus der vermissten Krankenschwester. Mittlerweile gibt es traurige Gewissheit: Die Mutter wurde ermordet\" loading=\"lazy\" src=\"https:\/\/www.europesays.com\/de\/wp-content\/uploads\/2026\/07\/7e2f652cc857279f0a4708ca4501cc0d,5729e716.jpeg\"   class=\"landscape\"\/><\/p>\n<p class=\"fig__caption__text\">\u201eHelft uns, Delphine wiederzufinden\u201c \u2013 Blumen und Kerzen vor dem Haus der vermissten Krankenschwester. Mittlerweile gibt es traurige Gewissheit: Die Mutter wurde ermordet<\/p>\n<p>Foto: LIONEL BONAVENTURE\/AFP<\/p>\n<p>Delphine Jubillar wollte ein neues Leben beginnen<\/p>\n<p>Die Ermittlungen ergaben jedoch, dass das Verh\u00e4ltnis der beiden stark belastet war. Nach Zeugenaussagen hatte C\u00e9dric Jubillar mehrfach gedroht, seine Frau zu t\u00f6ten. Diese hatte mit einem anderen Mann ein neues Leben beginnen wollen. Es wurden jedoch keine Spuren eines Gewaltverbrechens gefunden, lediglich die zerbrochene Brille der jungen Frau. Auch eine Leiche konnte nicht gefunden werden.<\/p>\n<p><img decoding=\"async\" width=\"992\" height=\"558\" alt=\"Angeblich nagte es an C\u00e9dric Jubillar, dass seine Frau Hauptverdienerin der Familie war\" loading=\"lazy\" src=\"https:\/\/www.europesays.com\/de\/wp-content\/uploads\/2026\/07\/5e13a02b8241397dead493e19e486be1,bd1ed325.jpeg\"   class=\"landscape\"\/><\/p>\n<p class=\"fig__caption__text\">Angeblich nagte es an C\u00e9dric Jubillar, dass seine Frau Hauptverdienerin der Familie war <\/p>\n<p>Foto: IMAGO\/Bestimage<\/p>\n<p>Ehemann gestand, wo er die Leiche vergraben hatte<\/p>\n<p>C\u00e9dric Jubillar wurde trotzdem der <a href=\"https:\/\/www.bild.de\/themen\/ereignisse\/prozess\/news-fotos-videos-17024714.bild.html\" class=\"text-link\" rel=\"nofollow noopener\" target=\"_blank\">Prozess<\/a> gemacht. Er beteuerte <a href=\"https:\/\/www.bild.de\/news\/ausland\/ehemann-vor-gericht-war-ihr-verschwinden-der-fast-perfekte-mord-68d391ed4a958e24fe6c00b7\" class=\"text-link\" rel=\"nofollow noopener\" target=\"_blank\">vor Gericht stets seine Unschuld<\/a>. \u201eIch habe ihr gar nichts getan\u201c, sagte er noch kurz vor der Urteilsverk\u00fcndung \u00fcber die Mutter seiner beiden Kinder. Im vergangenen Oktober wurde der 38-J\u00e4hrige zu 30 Jahren Haft verurteilt.<\/p>\n<p>Anfang Juli r\u00e4umte Jubillar dann in einer spektakul\u00e4ren Wendung ein, f\u00fcr den <a href=\"https:\/\/www.bild.de\/themen\/ereignisse\/mord\/nachrichten-news-fotos-videos-21394242.bild.html\" class=\"text-link\" rel=\"nofollow noopener\" target=\"_blank\">Tod<\/a> seiner Ehefrau verantwortlich zu sein. Er teilte den Ermittlern auch mit, wo in Frankreich er die Leiche vergraben hatte: auf einem Feld am Rande eines Waldes, rund zehn Kilometer vom Haus der Familie entfernt. Jubillar hat Berufung gegen seine Verurteilung eingelegt. M\u00f6glicherweise hofft er auf eine mildere Strafe, wenn er mit den Ermittlern kooperiert.<\/p>\n","protected":false},"excerpt":{"rendered":"TTS-Player \u00fcberspringen\u21b5Artikel weiterlesen Toulouse (Frankreich) \u2013 Fast sechs Jahre nach dem Verschwinden der Franz\u00f6sin Delphine Jubillar und neun&hellip;\n","protected":false},"author":2,"featured_media":1178898,"comment_status":"","ping_status":"","sticky":false,"template":"","format":"standard","meta":{"footnotes":"","_share_on_mastodon":"0"},"categories":[3],"tags":[15868,16114,156,13,584,2183,14,15,121,1269,1718,12,138370,10,8,9,11,119,103,104],"class_list":["post-1178897","post","type-post","status-publish","format-standard","has-post-thumbnail","category-welt","tag-ehemann","tag-eifersucht","tag-frankreich","tag-headlines","tag-leiche","tag-mord","tag-nachrichten","tag-news","tag-polizei","tag-prozess","tag-scheidung","tag-schlagzeilen","tag-team-first","tag-top-news","tag-top-meldungen","tag-topmeldungen","tag-topnews","tag-vermisste-personen","tag-welt","tag-world"],"share_on_mastodon":{"url":"https:\/\/pubeurope.com\/@de\/116949174734538551","error":""},"_links":{"self":[{"href":"https:\/\/www.europesays.com\/de\/wp-json\/wp\/v2\/posts\/1178897","targetHints":{"allow":["GET"]}}],"collection":[{"href":"https:\/\/www.europesays.com\/de\/wp-json\/wp\/v2\/posts"}],"about":[{"href":"https:\/\/www.europesays.com\/de\/wp-json\/wp\/v2\/types\/post"}],"author":[{"embeddable":true,"href":"https:\/\/www.europesays.com\/de\/wp-json\/wp\/v2\/users\/2"}],"replies":[{"embeddable":true,"href":"https:\/\/www.europesays.com\/de\/wp-json\/wp\/v2\/comments?post=1178897"}],"version-history":[{"count":0,"href":"https:\/\/www.europesays.com\/de\/wp-json\/wp\/v2\/posts\/1178897\/revisions"}],"wp:featuredmedia":[{"embeddable":true,"href":"https:\/\/www.europesays.com\/de\/wp-json\/wp\/v2\/media\/1178898"}],"wp:attachment":[{"href":"https:\/\/www.europesays.com\/de\/wp-json\/wp\/v2\/media?parent=1178897"}],"wp:term":[{"taxonomy":"category","embeddable":true,"href":"https:\/\/www.europesays.com\/de\/wp-json\/wp\/v2\/categories?post=1178897"},{"taxonomy":"post_tag","embeddable":true,"href":"https:\/\/www.europesays.com\/de\/wp-json\/wp\/v2\/tags?post=1178897"}],"curies":[{"name":"wp","href":"https:\/\/api.w.org\/{rel}","templated":true}]}}