{"id":1179012,"date":"2026-07-20T00:39:43","date_gmt":"2026-07-20T00:39:43","guid":{"rendered":"https:\/\/www.europesays.com\/de\/1179012\/"},"modified":"2026-07-20T00:39:43","modified_gmt":"2026-07-20T00:39:43","slug":"babylon-in-berlin-anime-berlin-the-boy-and-the-beast","status":"publish","type":"post","link":"https:\/\/www.europesays.com\/de\/1179012\/","title":{"rendered":"BABYLON in Berlin &#8211; Anime Berlin: The Boy and the Beast"},"content":{"rendered":"<p>\t\t\t\t\t\t\t <img decoding=\"async\" src=\"https:\/\/www.europesays.com\/de\/wp-content\/uploads\/2026\/07\/The_Boy_and_the_Beast.jpg\" alt=\"\" itemprop=\"image\"\/> <\/p>\n<p>Anime Berlin #9: The Boy and the Beast [Bakemono no Ko] [OmeU] JP, 2015, R: Mamoru Hosoda mit Koji Yakusho, Aoi Miyazaki, Shota Sometani, 119 Min<\/p>\n<p>EN<\/p>\n<p>After running away from home, young Ren stumbles into a hidden world of beasts. There, he becomes the apprentice of Kumatetsu, a rough but powerful warrior. As Ren grows into adulthood, his dual existence between the human and beast worlds leads to a confrontation with darknessboth external and within. A dynamic tale of mentorship and self-discovery.<\/p>\n<p>DE<\/p>\n<p>Der junge Ren flieht von zu Hause und gelangt in eine verborgene Welt der Tierwesen. Dort wird er Sch\u00fcler des rauen Kriegers Kumatetsu. W\u00e4hrend Ren heranw\u00e4chst, ger\u00e4t er zwischen zwei Welten und muss sich nicht nur \u00e4u\u00dferen, sondern auch inneren Konflikten stellen. Eine kraftvolle Geschichte \u00fcber Mentorschaft und Selbstfindung.<\/p>\n<p>Trailer:\u00a0<\/p><\/p>\n","protected":false},"excerpt":{"rendered":"Anime Berlin #9: The Boy and the Beast [Bakemono no Ko] [OmeU] JP, 2015, R: Mamoru Hosoda mit&hellip;\n","protected":false},"author":2,"featured_media":1179013,"comment_status":"","ping_status":"","sticky":false,"template":"","format":"standard","meta":{"footnotes":"","_share_on_mastodon":"0"},"categories":[1825],"tags":[27921,27669,296,27919,29,5561,30,27920,95,27924,27922,27925,27923,27926,3699],"class_list":["post-1179012","post","type-post","status-publish","format-standard","has-post-thumbnail","category-berlin","tag-anime","tag-babylon","tag-berlin","tag-cinemaperitivo","tag-deutschland","tag-festival","tag-germany","tag-indogerman","tag-kino","tag-kino-babylon","tag-kinoorgel","tag-rosa-luxemburg-strasse-30","tag-stummfilm","tag-timothy-grossman","tag-veranstaltung"],"share_on_mastodon":{"url":"https:\/\/pubeurope.com\/@de\/116949520515053394","error":""},"_links":{"self":[{"href":"https:\/\/www.europesays.com\/de\/wp-json\/wp\/v2\/posts\/1179012","targetHints":{"allow":["GET"]}}],"collection":[{"href":"https:\/\/www.europesays.com\/de\/wp-json\/wp\/v2\/posts"}],"about":[{"href":"https:\/\/www.europesays.com\/de\/wp-json\/wp\/v2\/types\/post"}],"author":[{"embeddable":true,"href":"https:\/\/www.europesays.com\/de\/wp-json\/wp\/v2\/users\/2"}],"replies":[{"embeddable":true,"href":"https:\/\/www.europesays.com\/de\/wp-json\/wp\/v2\/comments?post=1179012"}],"version-history":[{"count":0,"href":"https:\/\/www.europesays.com\/de\/wp-json\/wp\/v2\/posts\/1179012\/revisions"}],"wp:featuredmedia":[{"embeddable":true,"href":"https:\/\/www.europesays.com\/de\/wp-json\/wp\/v2\/media\/1179013"}],"wp:attachment":[{"href":"https:\/\/www.europesays.com\/de\/wp-json\/wp\/v2\/media?parent=1179012"}],"wp:term":[{"taxonomy":"category","embeddable":true,"href":"https:\/\/www.europesays.com\/de\/wp-json\/wp\/v2\/categories?post=1179012"},{"taxonomy":"post_tag","embeddable":true,"href":"https:\/\/www.europesays.com\/de\/wp-json\/wp\/v2\/tags?post=1179012"}],"curies":[{"name":"wp","href":"https:\/\/api.w.org\/{rel}","templated":true}]}}