{"id":1179088,"date":"2026-07-20T01:28:33","date_gmt":"2026-07-20T01:28:33","guid":{"rendered":"https:\/\/www.europesays.com\/de\/1179088\/"},"modified":"2026-07-20T01:28:33","modified_gmt":"2026-07-20T01:28:33","slug":"wie-die-eu-ihre-abhaengigkeit-von-fossilen-brennstoffen-verringern-kann","status":"publish","type":"post","link":"https:\/\/www.europesays.com\/de\/1179088\/","title":{"rendered":"Wie die EU ihre Abh\u00e4ngigkeit von fossilen Brennstoffen verringern kann."},"content":{"rendered":"<p>Die Europ\u00e4ische Kommission (EK) hat k\u00fcrzlich den Elektrifizierungsaktionsplan und das \u00fcberarbeitete Emissionshandelssystem (ETS) angek\u00fcndigt, um die Abh\u00e4ngigkeit von importiertem Gas zu verringern und Strom erschwinglicher zu machen.<\/p>\n<p> Im Fokus stehen neue Regelungen zu Preisen, Netzwerken und Anreizen, um den Wandel in den Bereichen Industrie, Transport und Bauwesen zu beschleunigen.<\/p>\n<p> Dies ist mehr als nur ein Plan zur Steigerung der Stromerzeugung; es handelt sich um einen Strategiewechsel im Energiebereich. Die EU-Kommission will sicherstellen, dass die Nutzung von Strom g\u00fcnstiger ist als die fortgesetzte Abh\u00e4ngigkeit von Gas.<\/p>\n<p> Dies ist der Schwerpunkt des am 17. Juli vorgestellten Aktionsplans zur Elektrifizierung, der zusammen mit \u00dcberarbeitungen des ETS, des europ\u00e4ischen CO2-Marktes, ein Ma\u00dfnahmenpaket umfasst, das Energiesicherheit, industrielle Wettbewerbsf\u00e4higkeit und Dekarbonisierung miteinander verkn\u00fcpft.<\/p>\n<p> Dieser Impuls ist eine Folge des <a class=\"data-link\" data-org-href=\"https:\/\/www.vietnam.vn\/category\/chinh-tri\" href=\"https:\/\/www.vietnam.vn\/category\/chinh-tri\" title=\"Politik\" target=\"_blank\" rel=\"nofollow noopener\">geopolitischen<\/a> Kontextes. Seit Beginn der Nahostkrise hat die Europ\u00e4ische Union (EU) mehr als 50 Milliarden Euro (57,1 Milliarden US-Dollar) f\u00fcr den Import fossiler Brennstoffe ausgegeben.<\/p>\n<p> Laut EU-Kommission zeigt dies, wie verwundbar Europa nach wie vor ist, da die H\u00e4lfte seines Energiebedarfs immer noch von \u00d6l- und Gasimporten abh\u00e4ngt.<\/p>\n<p> <strong>Das europ\u00e4ische Paradoxon<\/strong><\/p>\n<p> Es erscheint paradox, dass \u00fcber 70 % des europ\u00e4ischen Stroms aus emissionsarmen Quellen, einschlie\u00dflich erneuerbarer Energien und Kernenergie, erzeugt werden.<\/p>\n<p> Allerdings entfallen nur 23 % des Endenergieverbrauchs auf Strom \u2013 ein Wert, der seit fast zehn Jahren stagniert. Aus diesem Grund wird die EU-Kommission ein europ\u00e4isches Elektrifizierungsziel einf\u00fchren, dessen konkrete Werte im Gesetzespaket festgelegt werden.<\/p>\n<p> Das Ziel ist klar: Strom ist nach wie vor unerschwinglich teuer und kostet im Durchschnitt 2,2 bis 2,5 Mal mehr als Erdgas \u2013 eine Diskrepanz, die viele <a class=\"data-link\" data-org-href=\"https:\/\/www.vietnam.vn\/tag\/chinh-phu\" href=\"https:\/\/www.vietnam.vn\/tag\/chinh-phu\" title=\"Regierung\" target=\"_blank\" rel=\"nofollow noopener\">Regierungen<\/a> davon abh\u00e4lt, W\u00e4rmepumpen, Elektroautos und elektrifizierte Industrieprozesse zu f\u00f6rdern.<\/p>\n<p>Das k\u00f6nnte Sie interessieren<\/p>\n<p> Ein Paradebeispiel daf\u00fcr ist Italien heute, wo die Stromsteuern f\u00fcr Unternehmen bis zu 20 Mal h\u00f6her sein k\u00f6nnen als die Steuern auf fossile Brennstoffe \u2013 und das f\u00fcr die gleiche Leistung.<\/p>\n<p> Deshalb schlug die EU-Kommission einen Grundsatz vor, der k\u00fcnftige nationale Strategien leiten soll: Strom sollte nicht h\u00f6her besteuert werden als Gas, ohne die europ\u00e4ische Richtlinie \u00fcber die Besteuerung von Energie zu \u00e4ndern.<\/p>\n<p> Die EU-Mitgliedstaaten werden verpflichtet, Steuern und Geb\u00fchren neu auszurichten, damit Elektrizit\u00e4t gegen\u00fcber fossilen Brennstoffen nicht benachteiligt wird.<\/p>\n<p> <strong>Hindernisse<\/strong><\/p>\n<p> Neben der Kostenfrage nennt der Elektrifizierungsaktionsplan der EU-Kommission vier weitere gro\u00dfe H\u00fcrden: einen Mangel an Infrastruktur, Netzen, Speicherm\u00f6glichkeiten, Ladestationen und Systemen f\u00fcr netzgekoppelte Fahrzeuge; die Notwendigkeit, Innovationen bei unterentwickelten Technologien zu beschleunigen; eine Steigerung der Produktion und der Qualifikation der Arbeitskr\u00e4fte; und schlie\u00dflich die hohen Vorlaufkosten von Technologien wie W\u00e4rmepumpen und Elektrofahrzeugen. <\/p>\n<p> Um diese Hindernisse zu \u00fcberwinden, plant Br\u00fcssel neue Finanzinstrumente, eine st\u00e4rkere Investitionsf\u00f6rderung und Reformen der Regeln f\u00fcr die Netzanbindung.<\/p>\n<p> Diese Ma\u00dfnahmen umfassen alle wichtigen Sektoren. F\u00fcr die Industrie sind Stromabnahmevertr\u00e4ge f\u00fcr erneuerbare Energien (PPAs), die Planung von Industrieparks sowie Anbindungen an das k\u00fcnftige Emissionshandelssystem, den Innovationsfonds und die Europ\u00e4ische Bank f\u00fcr die Dekarbonisierung der Industrie geplant.<\/p>\n<p> Im Bausektor, der etwa die H\u00e4lfte des europ\u00e4ischen Gasverbrauchs ausmacht, konzentriert sich der Plan auf die Popularisierung von W\u00e4rmepumpen, die laut EU-Kommission die Energiekosten um 20 bis 60 Prozent senken k\u00f6nnten.<\/p>\n<p> Im Verkehrssektor will Br\u00fcssel die Einf\u00fchrung von Elektro-Lkw durch Anreize, Ladekorridore, reduzierte Mautgeb\u00fchren und soziale Leasingmechanismen f\u00fcr Elektrofahrzeuge beschleunigen.<\/p>\n<p> Die \u00dcberarbeitung des EU-Emissionshandelssystems (ETS) durch die EU-Kommission steht im Einklang mit dem Aktionsplan zur Elektrifizierung, indem sie Investitionen in den Mittelpunkt stellt. Laut Vorschlag der EU-Kommission soll mindestens die H\u00e4lfte der Einnahmen aus dem europ\u00e4ischen CO\u2082-Markt in Sektoren reinvestiert werden, die die Emissionskosten tragen, und so Elektrifizierung, Innovation und die Dekarbonisierung der Industrie finanzieren.<\/p>\n<p> Dar\u00fcber hinaus werden freie Quoten zunehmend von Investitionen in saubere Technologien abh\u00e4ngen, w\u00e4hrend die neue Europ\u00e4ische Industrielle Dekarbonisierungsbank bis zu 100 Milliarden Euro mobilisieren wird, um die Wettbewerbsf\u00e4higkeit der Unternehmen zu unterst\u00fctzen. <\/p>\n<p>\u200b<\/p>\n<p>\u200b<\/p>\n<p class=\"mb-0\"> Quelle: https:\/\/www.vietnamplus.vn\/cach-eu-giam-su-phu-thuoc-vao-nhien-lieu-hoa-thach-post1125012.vnp<\/p>\n","protected":false},"excerpt":{"rendered":"Die Europ\u00e4ische Kommission (EK) hat k\u00fcrzlich den Elektrifizierungsaktionsplan und das \u00fcberarbeitete Emissionshandelssystem (ETS) angek\u00fcndigt, um die Abh\u00e4ngigkeit von&hellip;\n","protected":false},"author":2,"featured_media":1179089,"comment_status":"","ping_status":"","sticky":false,"template":"","format":"standard","meta":{"footnotes":"","_share_on_mastodon":"0"},"categories":[3933],"tags":[331,332,12700,548,663,9865,158,3934,3935,27232,13,14,15,12],"class_list":["post-1179088","post","type-post","status-publish","format-standard","has-post-thumbnail","category-eu","tag-aktuelle-nachrichten","tag-aktuelle-news","tag-co2","tag-eu","tag-europa","tag-europaeische-kommission","tag-europaeische-union","tag-europe","tag-european-union","tag-fossile-brennstoffe","tag-headlines","tag-nachrichten","tag-news","tag-schlagzeilen"],"share_on_mastodon":{"url":"https:\/\/pubeurope.com\/@de\/116949713158939626","error":""},"_links":{"self":[{"href":"https:\/\/www.europesays.com\/de\/wp-json\/wp\/v2\/posts\/1179088","targetHints":{"allow":["GET"]}}],"collection":[{"href":"https:\/\/www.europesays.com\/de\/wp-json\/wp\/v2\/posts"}],"about":[{"href":"https:\/\/www.europesays.com\/de\/wp-json\/wp\/v2\/types\/post"}],"author":[{"embeddable":true,"href":"https:\/\/www.europesays.com\/de\/wp-json\/wp\/v2\/users\/2"}],"replies":[{"embeddable":true,"href":"https:\/\/www.europesays.com\/de\/wp-json\/wp\/v2\/comments?post=1179088"}],"version-history":[{"count":0,"href":"https:\/\/www.europesays.com\/de\/wp-json\/wp\/v2\/posts\/1179088\/revisions"}],"wp:featuredmedia":[{"embeddable":true,"href":"https:\/\/www.europesays.com\/de\/wp-json\/wp\/v2\/media\/1179089"}],"wp:attachment":[{"href":"https:\/\/www.europesays.com\/de\/wp-json\/wp\/v2\/media?parent=1179088"}],"wp:term":[{"taxonomy":"category","embeddable":true,"href":"https:\/\/www.europesays.com\/de\/wp-json\/wp\/v2\/categories?post=1179088"},{"taxonomy":"post_tag","embeddable":true,"href":"https:\/\/www.europesays.com\/de\/wp-json\/wp\/v2\/tags?post=1179088"}],"curies":[{"name":"wp","href":"https:\/\/api.w.org\/{rel}","templated":true}]}}