{"id":1179203,"date":"2026-07-20T02:44:38","date_gmt":"2026-07-20T02:44:38","guid":{"rendered":"https:\/\/www.europesays.com\/de\/1179203\/"},"modified":"2026-07-20T02:44:38","modified_gmt":"2026-07-20T02:44:38","slug":"steinhagener-kulturwerk-countdown-fuer-die-besten-plaetze-haller-kreisblatt","status":"publish","type":"post","link":"https:\/\/www.europesays.com\/de\/1179203\/","title":{"rendered":"Steinhagener Kulturwerk: Countdown f\u00fcr die besten Pl\u00e4tze | Haller Kreisblatt"},"content":{"rendered":"<p id=\"absatz1\" class=\"em_text\">Steinhagen. Die Spielzeit 2026\/27 steht ganz im Zeichen des 55. Geburtstages des Steinhagener Kulturwerks. Das druckfrische Jubil\u00e4umsheft ist in einer Auflage von 2.500 Exemplaren erschienen und liegt in vielen Gesch\u00e4ften, Banken und Praxen aus. Konzerte, Theater und Kabarett &#8211; das Programm punktet mit Qualit\u00e4t und Abwechslung.<\/p>\n<p id=\"absatz2\" class=\"em_text\">Wer sich f\u00fcr die kommende Spielzeit ein Abonnement kauft, kann sich noch die besten Pl\u00e4tze im Theatersaal im Steinhagener Schulzentrum sichern. \u201eDie Abos k\u00f6nnen online und in den bekannten Vorverkaufstellen &#8211; das sind die Gemeindebibliothek und die Kreissparkassen-Filiale &#8211; gebucht werden\u201c, erkl\u00e4rt Kulturwerksvorsitzende Claudia M\u00fcller. \u201eMit dem Abo kann man sich seinen Lieblingsplatz sichern und von Preisvorteilen von bis zu 30 Prozent profitieren.\u201c Vom 1. August an sind dann auch die Einzeltickets erh\u00e4ltlich.<\/p>\n<p id=\"absatz3\" class=\"em_text\">Karten f\u00fcr das Familienst\u00fcck \u201eHans im Gl\u00fcck\u201c sind bereits jetzt erh\u00e4ltlich. Das St\u00fcck nach den Gebr\u00fcdern Grimm wird vom Theater Poetenpack Potsdam am Nikolaustag, 6. Dezember, auf die B\u00fchne gebracht. Der Eintritt betr\u00e4gt 10 Euro.<\/p>\n<p>Steinhagener Kulturwerk zeigt seltene Exponate im Rathaus\u00a0\u00a0<\/p>\n<p>        <a href=\"https:\/\/www.haller-kreisblatt.de\/_em_daten\/_cache\/image\/1xT3BGSmFIZUZ3VWQwODBUY2JITkp0SFdweGNIUjhZaG5lSkQwUjgzV1hoeXY2RGlYdnNpTFVTYnQxckRRWU5oaUxsM0lyRitBUnVQUDdNaUlLajF4RHFSdmNvMzdrVTlmelVJOTRtZDV6WjQ9\/260716-2124-915065769.jpg\" class=\"nw-article-image\" title=\"Das Steinhagener Kulturwerk pr\u00e4sentiert das Kabarett-Duo \" ass-dur=\"\" im=\"\" rahmen=\"\" seiner=\"\" jubil=\"\" data-glightbox=\"type: image; description: Das Steinhagener Kulturwerk pr\u00e4sentiert das Kabarett-Duo &quot;Ass-Dur&quot; im Rahmen seiner Jubil\u00e4umsspielzeit.  | \u00a9 Eva Orthuber \" rel=\"nofollow noopener\" target=\"_blank\"><br \/>\n            <img decoding=\"async\" src=\"https:\/\/www.europesays.com\/de\/wp-content\/uploads\/2026\/07\/260716-2124-915065769.jpg\" class=\"nw-img-fluid nw-w-full nw-lazy nw-rounded-t-md\" alt=\"Das Steinhagener Kulturwerk pr\u00e4sentiert das Kabarett-Duo &quot;Ass-Dur&quot; im Rahmen seiner Jubil\u00e4umsspielzeit. - \u00a9 Eva Orthuber\" data-format=\"16:9\"\/><br \/>\n        <\/a><\/p>\n<p>                Das Steinhagener Kulturwerk pr\u00e4sentiert das Kabarett-Duo &#8222;Ass-Dur&#8220; im Rahmen seiner Jubil\u00e4umsspielzeit.<br \/>\n                                    | \u00a9 Eva Orthuber<\/p>\n<p id=\"absatz5\" class=\"em_text\">Im Jubil\u00e4umsjahr veranstaltet das Steinhagener Kulturwerk die Aktion \u201eKultur im Schuhkarton \u2013 gro\u00dfe<br \/>B\u00fchne, kleiner Karton\u201c. Kinder, Jugendliche und Erwachsene sind dazu aufgerufen, einen Schuhkarton so kreativ wie m\u00f6glich zum Thema Kulturwerk zu gestalten. \u201eDie Ferienzeit l\u00e4dt zum Basteln ein\u201c, ermuntert Claudia M\u00fcller zum Mitmachen. Abgabe der Schuhkartons ist beim Heidefest am 6. September von 13 bis 18 Uhr im B\u00fcro des Kulturwerks, Kirchplatz 12 oder nach Absprache vorab per E-Mail an <a href=\"https:\/\/www.haller-kreisblatt.de\/lokal\/steinhagen\/mailto:info%40kulturwerk-steinhagen.de.\" rel=\"nofollow noopener\" target=\"_blank\">info@kulturwerk-steinhagen.de.<\/a> Hauptpreis ist ein Kulturwerk-Abo.<\/p>\n<p id=\"absatz6\"><b class=\"bold\">Lesen Sie auch:<\/b> <a href=\"https:\/\/www.haller-kreisblatt.de\/lokal\/steinhagen\/24240344_Shakespeare-Schauspieler-stranden-nachts-in-Steinhagener-Kueche.html\" rel=\"nofollow noopener\" target=\"_blank\">Shakespeare-Schauspieler stranden nachts in Steinhagener K\u00fcche <\/a><\/p>\n<p id=\"absatz7\" class=\"em_text\">F\u00fcr den Herbst ist eine Jubil\u00e4ums-Ausstellung im Steinhagener Rathaus geplant. Zu den Exponaten werden laut Claudia M\u00fcller die G\u00e4steb\u00fccher des Kulturwerks aus dem Nachlass der Familie Godt geh\u00f6ren. Helga und Klaus Godt hatten das Kulturwerk seinerzeit gegr\u00fcndet und \u00fcber viele Jahre gepr\u00e4gt. \u201eAu\u00dferdem haben wir eine verschollen geglaubte Doppel-LP mit Aufnahmen eines Symphonieorchesters gefunden, die zum zehnten Geburtstag des Kulturwerks ver\u00f6ffentlicht wurde\u201c, berichtet die Vorsitzende. Er\u00f6ffnet wird die Ausstellung am 30. Oktober zum Start der Steinhagener Kulturtage.<\/p>\n<p>Das komplette Programm im \u00dcberblick:<\/p>\n<ul>\n<li>Samstag, 12. September, 19 Uhr: Konzert Junge Sinfoniker<\/li>\n<li>Samstag, 17. Oktober, 19 Uhr: Konzert Swing-Trio \u201eDAVID.BEN. &amp; FINN.\u201c<\/li>\n<li>Samstag, 14. November, 19 Uhr: Konzert \u201eFrank Sinatra\u201c mit Bigband \u201eHorntime\u201c<\/li>\n<li>Sonntag, 6. Dezember, 15 Uhr: Kinderm\u00e4rchen \u201eHans im Gl\u00fcck\u201c<\/li>\n<li>Samstag, 19. Dezember, 20 Uhr: Eine Weihnachtsgeschichte<\/li>\n<li>Sonntag, 10. Januar, 20 Uhr: Theater \u201eAchtsam morden durch bewusste Ern\u00e4hrung\u201c<\/li>\n<li>Samstag, 27. Februar, 20 Uhr: Musikkabarett Ass-Dur mit \u201eBruderliebe\u201c<\/li>\n<li>Freitag, 12. M\u00e4rz, 20 Uhr: Theater \u201eMan kann auch in die H\u00f6he fallen\u201c<\/li>\n<li>Freitag, 9. April, Theater \u201eMein Blind Date mit dem Leben\u201c<\/li>\n<li>Samstag, 22. Mai, 19 Uhr: Konzert Nordwestdeutsche Philharmonie<\/li>\n<\/ul>\n<p id=\"absatz9\"><b class=\"bold\">\ud83d\udcf2 Aktuelle News bekommen Sie t\u00e4glich \u00fcber den<\/b> <a href=\"https:\/\/www.whatsapp.com\/channel\/0029VagU0FW1SWsxhmHz2v0q\" rel=\"noreferrer noopener nofollow\" target=\"_blank\" title=\"https:\/\/www.whatsapp.com\/channel\/0029VagU0FW1SWsxhmHz2v0q\">WhatsApp-Kanal des HK<\/a> <\/p>\n","protected":false},"excerpt":{"rendered":"Steinhagen. Die Spielzeit 2026\/27 steht ganz im Zeichen des 55. Geburtstages des Steinhagener Kulturwerks. Das druckfrische Jubil\u00e4umsheft ist&hellip;\n","protected":false},"author":2,"featured_media":1179204,"comment_status":"","ping_status":"","sticky":false,"template":"","format":"standard","meta":{"footnotes":"","_share_on_mastodon":"0"},"categories":[1841],"tags":[1605,57543,102818,52862,3364,29,158269,553,30,156977,94386,198715,19081,164252,229797,735,1613,1209,7610,16382],"class_list":["post-1179203","post","type-post","status-publish","format-standard","has-post-thumbnail","category-bielefeld","tag-bielefeld","tag-claudia-mueller","tag-cnt_aufmacher","tag-countdown","tag-de","tag-deutschland","tag-einzelticket","tag-familie","tag-germany","tag-klaus-godt","tag-kulturwerk","tag-meta_artikelklasse_nische","tag-meta_copyrights_hk","tag-meta_eo_zusammenfassung","tag-meta_prio_1","tag-meta_themen_medien_kultur","tag-meta_userneeds_informieremich","tag-nordrhein-westfalen","tag-potsdam","tag-steinhagen"],"share_on_mastodon":{"url":"https:\/\/pubeurope.com\/@de\/116950013534894020","error":""},"_links":{"self":[{"href":"https:\/\/www.europesays.com\/de\/wp-json\/wp\/v2\/posts\/1179203","targetHints":{"allow":["GET"]}}],"collection":[{"href":"https:\/\/www.europesays.com\/de\/wp-json\/wp\/v2\/posts"}],"about":[{"href":"https:\/\/www.europesays.com\/de\/wp-json\/wp\/v2\/types\/post"}],"author":[{"embeddable":true,"href":"https:\/\/www.europesays.com\/de\/wp-json\/wp\/v2\/users\/2"}],"replies":[{"embeddable":true,"href":"https:\/\/www.europesays.com\/de\/wp-json\/wp\/v2\/comments?post=1179203"}],"version-history":[{"count":0,"href":"https:\/\/www.europesays.com\/de\/wp-json\/wp\/v2\/posts\/1179203\/revisions"}],"wp:featuredmedia":[{"embeddable":true,"href":"https:\/\/www.europesays.com\/de\/wp-json\/wp\/v2\/media\/1179204"}],"wp:attachment":[{"href":"https:\/\/www.europesays.com\/de\/wp-json\/wp\/v2\/media?parent=1179203"}],"wp:term":[{"taxonomy":"category","embeddable":true,"href":"https:\/\/www.europesays.com\/de\/wp-json\/wp\/v2\/categories?post=1179203"},{"taxonomy":"post_tag","embeddable":true,"href":"https:\/\/www.europesays.com\/de\/wp-json\/wp\/v2\/tags?post=1179203"}],"curies":[{"name":"wp","href":"https:\/\/api.w.org\/{rel}","templated":true}]}}