{"id":1179262,"date":"2026-07-20T03:36:20","date_gmt":"2026-07-20T03:36:20","guid":{"rendered":"https:\/\/www.europesays.com\/de\/1179262\/"},"modified":"2026-07-20T03:36:20","modified_gmt":"2026-07-20T03:36:20","slug":"tempo-kontrollen-duesseldorf-blitzer-hier-wird-diese-woche-geblitzt","status":"publish","type":"post","link":"https:\/\/www.europesays.com\/de\/1179262\/","title":{"rendered":"Tempo-Kontrollen D\u00fcsseldorf: Blitzer \u2013 Hier wird diese Woche geblitzt"},"content":{"rendered":"<p>Blitzer in D\u00fcsseldorf <\/p>\n<p>Diese Stra\u00dfen sollten Fahrer diese Woche im Blick haben<\/p>\n<p>20.07.2026 &#8211; 05:30 UhrLesedauer: 1 Min.<\/p>\n<p><a href=\"#focus-0\" class=\"transition-colors block text-current relative\" data-sctrack=\"FocusGalleryImage.Reference\"><img fetchpriority=\"high\" data-testid=\"Opener.Image\"   loading=\"eager\" src=\"https:\/\/www.europesays.com\/de\/wp-content\/uploads\/2026\/07\/1784518579_992_image.jpg\" alt=\"Blitzanh\u00e4nger\" title=\"Blitzanh\u00e4nger\" width=\"6192\" height=\"3483\" class=\"bg-[url:var(--lqipURL)] bg-cover bg-center flex h-full w-full max-w-full\" style=\"--lqipURL:url('https:\/\/images.t-online.de\/2026\/07\/SOcGw5h90rxg\/0x323:6192x3483\/fit-in\/150x0\/filters:blur(25)\/image.jpg')\" decoding=\"async\"\/><img loading=\"lazy\" src=\"https:\/\/duesseldorf.t-online.de\/s\/paper\/_next\/static\/media\/zoom-in.f7dae02f.svg\" alt=\"Vergr\u00f6\u00dfern des Bildes\" title=\"Vergr\u00f6\u00dfern des Bildes\" class=\"block h-[calc(var(--height)_\/_16_*_1rem)] w-[calc(var(--width)_\/_16_*_1rem)] max-w-none absolute right-8 bottom-8 rounded-4 bg-snow p-8\" style=\"--width:32;--height:32\" decoding=\"async\"\/><\/a><\/p>\n<p>Blitzer in D\u00fcsseldorf (Archivbild): In der Landeshauptstadt wird in der laufenden Woche an verschiedenen Standorten das Tempo kontrolliert. (Quelle: Kai Kitschenberg\/imago)<\/p>\n<p><img loading=\"lazy\" src=\"https:\/\/duesseldorf.t-online.de\/s\/paper\/_next\/static\/media\/audio-volume.6689034c.svg\" alt=\"\" title=\"\" class=\"block h-[calc(var(--height)_\/_16_*_1rem)] w-[calc(var(--width)_\/_16_*_1rem)] max-w-none group-hover:brightness-0 group-hover:invert\" style=\"--width:16;--height:16\" decoding=\"async\"\/>Vorlesen<\/p>\n<p>Aktuelle Zeit:0:00Gesamtdauer:0:00<\/p>\n<p>1x<\/p>\n<p class=\"text-center\">Jetzt neu bei t-online:<\/p>\n<p class=\"text-center\">Schriftgr\u00f6\u00dfe anpassen!<\/p>\n<p><img loading=\"lazy\" src=\"https:\/\/duesseldorf.t-online.de\/s\/paper\/_next\/static\/media\/font-sizes.32942e33.svg\" alt=\"\" title=\"\" class=\"block h-[calc(var(--height)_\/_16_*_1rem)] w-[calc(var(--width)_\/_16_*_1rem)] max-w-none group-hover:hidden group-aria-expanded:hidden\" style=\"--width:16;--height:16\" decoding=\"async\"\/><img loading=\"lazy\" src=\"https:\/\/duesseldorf.t-online.de\/s\/paper\/_next\/static\/media\/font-sizes-dark-mode.e382645c.svg\" alt=\"\" title=\"\" class=\"block h-[calc(var(--height)_\/_16_*_1rem)] w-[calc(var(--width)_\/_16_*_1rem)] max-w-none hidden group-hover:block group-aria-expanded:block\" style=\"--width:16;--height:16\" decoding=\"async\"\/><img loading=\"lazy\" src=\"https:\/\/duesseldorf.t-online.de\/s\/paper\/_next\/static\/media\/sharing-menu-icon.1eb71368.svg\" alt=\"\" title=\"\" class=\"block h-[calc(var(--height)_\/_16_*_1rem)] w-[calc(var(--width)_\/_16_*_1rem)] max-w-none group-hover:brightness-0 group-hover:invert\" style=\"--width:16;--height:16\" decoding=\"async\"\/>Artikel teilen<\/p>\n<p class=\"font-bold text-18 leading-17 user-text-lg:text-22 user-text-xl:text-24\">Wer in dieser Woche in D\u00fcsseldorf unterwegs ist, sollte besonders aufmerksam auf den Tacho schauen: Das Ordnungsamt f\u00fchrt im Stadtgebiet an mehreren Stellen Geschwindigkeitskontrollen durch.<\/p>\n<p class=\"text-18 leading-17 user-text-lg:text-22 user-text-xl:text-24\">Ein Augenblick zu schnell \u2013 und der n\u00e4chste Brief kann teuer werden. Wer in dieser Woche in D\u00fcsseldorf unterwegs ist, sollte deshalb besonders aufmerksam auf den Tacho schauen: Das Ordnungsamt f\u00fchrt im Stadtgebiet an mehreren Stellen Geschwindigkeitskontrollen durch. Dazu nennt die Stadt konkrete Stra\u00dfen und die jeweiligen Wochentage.<\/p>\n<p class=\"text-18 leading-17 user-text-lg:text-22 user-text-xl:text-24\">Nach Angaben der Landeshauptstadt sind Messungen auf verschiedenen Stra\u00dfen vorgesehen. Die folgende \u00dcbersicht zeigt, wo von Montag bis Sonntag geblitzt werden kann.<\/p>\n<ul class=\"text-18 leading-17 block pl-24 *:pb-16 *:before:inline-block *:before:size-8 *:before:bg-magenta *:before:mt-0 *:before:mr-12 *:before:mb-2 *:before:-ml-[20px]\">\n<li><strong class=\"font-bold\">Montag, 20. Juli:<\/strong> Aachener Stra\u00dfe, Merowingerstra\u00dfe, Aderkirchweg, F\u00e4hrstra\u00dfe, Am Sch\u00f6nenkamp, Moorenstra\u00dfe, Gladbacher Stra\u00dfe<\/li>\n<li><strong class=\"font-bold\">Dienstag, 21 Juli:<\/strong> Eller Kamp, Karl-Geusen-Stra\u00dfe, Gladbacher Stra\u00dfe, Neusalzer Weg, Seeheimer Weg, Werstener Friedhofstra\u00dfe, Merowingerstra\u00dfe<\/li>\n<li><strong class=\"font-bold\">Mittwoch, 22. Juli:<\/strong> Gladbacher Stra\u00dfe, Burscheider Stra\u00dfe, K\u00f6lner Landstra\u00dfe, Stettiner Stra\u00dfe, Aderkirchweg, Merowingerstra\u00dfe, Urdenbacher Allee<\/li>\n<li><strong class=\"font-bold\">Donnerstag, 23. Juli:<\/strong> Flinger Broich, Gubener Stra\u00dfe, Merowingerstra\u00dfe, Hoffeldstra\u00dfe, F\u00e4hrstra\u00dfe, Mettmanner Stra\u00dfe, Gladbacher Stra\u00dfe<\/li>\n<li><strong class=\"font-bold\">Freitag, 24. Juli:<\/strong> Adlerstra\u00dfe, Gladbacher Stra\u00dfe, Johannstra\u00dfe, Sankt-Franziskus-Stra\u00dfe, Yorckstra\u00dfe, F\u00e4hrstra\u00dfe, Merowingerstra\u00dfe<\/li>\n<li><strong class=\"font-bold\">Samstag, 25. Juli:<\/strong> Merowingerstra\u00dfe, Gladbacher Stra\u00dfe<\/li>\n<li><strong class=\"font-bold\">Sonntag, 26. Juli:<\/strong> Merowingerstra\u00dfe, Gladbacher Stra\u00dfe<\/li>\n<\/ul>\n<p class=\"text-18 leading-17 user-text-lg:text-22 user-text-xl:text-24\">Die Stadt weist au\u00dferdem darauf hin: Auch au\u00dferhalb dieser Liste kann das Ordnungsamt im gesamten Stadtgebiet Geschwindigkeitskontrollen durchf\u00fchren. Wer sich an die Regeln h\u00e4lt, kommt nicht nur entspannter ans Ziel \u2013 sondern hilft auch mit, D\u00fcsseldorfs Stra\u00dfen f\u00fcr alle sicherer zu machen.<\/p>\n","protected":false},"excerpt":{"rendered":"Blitzer in D\u00fcsseldorf Diese Stra\u00dfen sollten Fahrer diese Woche im Blick haben 20.07.2026 &#8211; 05:30 UhrLesedauer: 1 Min.&hellip;\n","protected":false},"author":2,"featured_media":1179263,"comment_status":"","ping_status":"","sticky":false,"template":"","format":"standard","meta":{"footnotes":"","_share_on_mastodon":"0"},"categories":[1831],"tags":[6027,722,17161,116926,20545,7071,8182,7614,3364,29,3405,73398,30,3565,23471,3467,23472,1209,176,8175,9028,2804,8179,601],"class_list":["post-1179262","post","type-post","status-publish","format-standard","has-post-thumbnail","category-duesseldorf","tag-ordnungsamt","tag-722","tag-17161","tag-116926","tag-aachener-strasse","tag-blitzeranlage","tag-blitzerfoto","tag-blitzermarathon","tag-de","tag-deutschland","tag-duesseldorf","tag-fokusthema","tag-germany","tag-geschwindigkeitskontrolle","tag-gladbacher-strasse","tag-landeshauptstadt","tag-merowingerstrasse","tag-nordrhein-westfalen","tag-nrw","tag-radarfalle","tag-radarkontrolle","tag-stadtgebiet","tag-tempokontrolle","tag-verkehr"],"share_on_mastodon":{"url":"https:\/\/pubeurope.com\/@de\/116950218540482381","error":""},"_links":{"self":[{"href":"https:\/\/www.europesays.com\/de\/wp-json\/wp\/v2\/posts\/1179262","targetHints":{"allow":["GET"]}}],"collection":[{"href":"https:\/\/www.europesays.com\/de\/wp-json\/wp\/v2\/posts"}],"about":[{"href":"https:\/\/www.europesays.com\/de\/wp-json\/wp\/v2\/types\/post"}],"author":[{"embeddable":true,"href":"https:\/\/www.europesays.com\/de\/wp-json\/wp\/v2\/users\/2"}],"replies":[{"embeddable":true,"href":"https:\/\/www.europesays.com\/de\/wp-json\/wp\/v2\/comments?post=1179262"}],"version-history":[{"count":0,"href":"https:\/\/www.europesays.com\/de\/wp-json\/wp\/v2\/posts\/1179262\/revisions"}],"wp:featuredmedia":[{"embeddable":true,"href":"https:\/\/www.europesays.com\/de\/wp-json\/wp\/v2\/media\/1179263"}],"wp:attachment":[{"href":"https:\/\/www.europesays.com\/de\/wp-json\/wp\/v2\/media?parent=1179262"}],"wp:term":[{"taxonomy":"category","embeddable":true,"href":"https:\/\/www.europesays.com\/de\/wp-json\/wp\/v2\/categories?post=1179262"},{"taxonomy":"post_tag","embeddable":true,"href":"https:\/\/www.europesays.com\/de\/wp-json\/wp\/v2\/tags?post=1179262"}],"curies":[{"name":"wp","href":"https:\/\/api.w.org\/{rel}","templated":true}]}}