{"id":1179512,"date":"2026-07-20T06:11:15","date_gmt":"2026-07-20T06:11:15","guid":{"rendered":"https:\/\/www.europesays.com\/de\/1179512\/"},"modified":"2026-07-20T06:11:15","modified_gmt":"2026-07-20T06:11:15","slug":"lahm-nach-wm-deutschland-braucht-wieder-identitaet","status":"publish","type":"post","link":"https:\/\/www.europesays.com\/de\/1179512\/","title":{"rendered":"Lahm nach WM: Deutschland braucht wieder Identit\u00e4t"},"content":{"rendered":"<p>Vorbild Spanien <\/p>\n<p>Lahm nach WM: Deutschland braucht wieder Identit\u00e4t<\/p>\n<p>Aktualisiert am 20.07.2026 &#8211; 08:03 UhrLesedauer: 1 Min.<\/p>\n<p><a href=\"#focus-0\" class=\"transition-colors block text-current relative\" data-sctrack=\"FocusGalleryImage.Reference\"><img fetchpriority=\"high\" data-testid=\"Opener.Image\"   loading=\"eager\" src=\"https:\/\/www.europesays.com\/de\/wp-content\/uploads\/2026\/07\/philipp-lahm-will-im-deutschen-fussball-eine-klarere-linie-sehen-archivbild.jpg\" alt=\"Philipp Lahm\" title=\"Philipp Lahm\" width=\"2048\" height=\"1152\" class=\"bg-[url:var(--lqipURL)] bg-cover bg-center flex h-full w-full max-w-full\" style=\"--lqipURL:url('https:\/\/images.t-online.de\/2026\/07\/mor1225-06sA\/0x131:2048x1152\/fit-in\/150x0\/filters:blur(25)\/philipp-lahm-will-im-deutschen-fussball-eine-klarere-linie-sehen-archivbild.jpg')\" decoding=\"async\"\/><img loading=\"lazy\" src=\"https:\/\/www.t-online.de\/s\/paper\/_next\/static\/media\/zoom-in.f7dae02f.svg\" alt=\"Vergr\u00f6\u00dfern des Bildes\" title=\"Vergr\u00f6\u00dfern des Bildes\" class=\"block h-[calc(var(--height)_\/_16_*_1rem)] w-[calc(var(--width)_\/_16_*_1rem)] max-w-none absolute right-8 bottom-8 rounded-4 bg-snow p-8\" style=\"--width:32;--height:32\" decoding=\"async\"\/><\/a><\/p>\n<p>Philipp Lahm will im deutschen Fu\u00dfball eine klarere Linie sehen. (Archivbild) (Quelle: Boris Roessler\/dpa\/dpa-bilder)<\/p>\n<p class=\"font-bold text-18 leading-17 user-text-lg:text-22 user-text-xl:text-24\">Lange vor der Titelvergabe war Deutschland schon bei der Fu\u00dfball-WM ausgeschieden. Ein Umbruch muss her. Das sieht auch Philipp Lahm so. Der Weltmeister-Kapit\u00e4n von 2014 hat Tipps.<\/p>\n<p class=\"text-18 leading-17 user-text-lg:text-22 user-text-xl:text-24\"><a href=\"https:\/\/www.t-online.de\/themen\/philipp-lahm\/\" class=\"transition-colors cursor-pointer no-underline md:hover:text-magenta md:focus:text-magenta border-b border-solid border-current text-salemsfur md:hover:border-magenta\" data-tracking=\"{&quot;action&quot;:&quot;click&quot;,&quot;category&quot;:&quot;intextLink&quot;,&quot;label&quot;:&quot;\/themen\/philipp-lahm\/&quot;}\" data-sctrack=\"BodyAnchor\" rel=\"nofollow noopener\" target=\"_blank\">Philipp Lahm<\/a> r\u00e4t dem deutschen Fu\u00dfball, sich nach dem WM-Debakel ein Beispiel zu nehmen an den Erfolgsformeln anderer Nationen wie Weltmeister Spanien. Die Iberer h\u00e4tten einen klaren Plan, wie sie spielen wollen, schrieb der 42-J\u00e4hrige in einer Kolumne f\u00fcr den &#8222;Kicker&#8220; und schlussfolgerte: &#8222;Diese Identit\u00e4t braucht auch die deutsche Mannschaft wieder.&#8220;<\/p>\n<p class=\"text-18 leading-17 user-text-lg:text-22 user-text-xl:text-24\">Er denke dabei aber nicht an ein genaues Abbild des Titelteams von Coach Luis de la Fuente. &#8222;Wir m\u00fcssen nicht die Spanier und ihren Ballbesitz kopieren, wir haben eigene Qualit\u00e4ten&#8220;, schrieb er und z\u00e4hlte auf: &#8222;Defensive Ordnung, robustes Spiel, dann angreifen &#8211; das hat uns als Nationalmannschaft immer ausgezeichnet. Dazu sollten wir zur\u00fcckkehren mit klaren Aufgaben, einer klaren Formation, damit Wiederholungseffekte im Training und im Spiel entstehen.&#8220;<\/p>\n<p class=\"text-18 leading-17 user-text-lg:text-22 user-text-xl:text-24\">Die Spanier h\u00e4tten das vorgemacht. &#8222;Jeder wei\u00df, wie er agieren soll, nicht nur in der Nationalelf, sondern in der ganzen Liga. Das ist das Plus&#8220;, bemerkte Lahm, der Kapit\u00e4n des bis dato letzten deutschen Weltmeisterteams 2014.<\/p>\n","protected":false},"excerpt":{"rendered":"Vorbild Spanien Lahm nach WM: Deutschland braucht wieder Identit\u00e4t Aktualisiert am 20.07.2026 &#8211; 08:03 UhrLesedauer: 1 Min. Philipp&hellip;\n","protected":false},"author":2,"featured_media":1179513,"comment_status":"","ping_status":"","sticky":false,"template":"","format":"standard","meta":{"footnotes":"","_share_on_mastodon":"0"},"categories":[2],"tags":[331,3924,332,3922,3364,29,30,13,14,3923,15,3921,118988,12,246676,14156,59416],"class_list":["post-1179512","post","type-post","status-publish","format-standard","has-post-thumbnail","category-deutschland","tag-aktuelle-nachrichten","tag-aktuelle-nachrichten-aus-deutschland","tag-aktuelle-news","tag-aktuelle-news-aus-deutschland","tag-de","tag-deutschland","tag-germany","tag-headlines","tag-nachrichten","tag-nachrichten-aus-deutschland","tag-news","tag-news-aus-deutschland","tag-philipp-lahm","tag-schlagzeilen","tag-titelvergabe","tag-umbruch","tag-wm-2026"],"share_on_mastodon":{"url":"","error":""},"_links":{"self":[{"href":"https:\/\/www.europesays.com\/de\/wp-json\/wp\/v2\/posts\/1179512","targetHints":{"allow":["GET"]}}],"collection":[{"href":"https:\/\/www.europesays.com\/de\/wp-json\/wp\/v2\/posts"}],"about":[{"href":"https:\/\/www.europesays.com\/de\/wp-json\/wp\/v2\/types\/post"}],"author":[{"embeddable":true,"href":"https:\/\/www.europesays.com\/de\/wp-json\/wp\/v2\/users\/2"}],"replies":[{"embeddable":true,"href":"https:\/\/www.europesays.com\/de\/wp-json\/wp\/v2\/comments?post=1179512"}],"version-history":[{"count":0,"href":"https:\/\/www.europesays.com\/de\/wp-json\/wp\/v2\/posts\/1179512\/revisions"}],"wp:featuredmedia":[{"embeddable":true,"href":"https:\/\/www.europesays.com\/de\/wp-json\/wp\/v2\/media\/1179513"}],"wp:attachment":[{"href":"https:\/\/www.europesays.com\/de\/wp-json\/wp\/v2\/media?parent=1179512"}],"wp:term":[{"taxonomy":"category","embeddable":true,"href":"https:\/\/www.europesays.com\/de\/wp-json\/wp\/v2\/categories?post=1179512"},{"taxonomy":"post_tag","embeddable":true,"href":"https:\/\/www.europesays.com\/de\/wp-json\/wp\/v2\/tags?post=1179512"}],"curies":[{"name":"wp","href":"https:\/\/api.w.org\/{rel}","templated":true}]}}