{"id":1179650,"date":"2026-07-20T07:31:14","date_gmt":"2026-07-20T07:31:14","guid":{"rendered":"https:\/\/www.europesays.com\/de\/1179650\/"},"modified":"2026-07-20T07:31:14","modified_gmt":"2026-07-20T07:31:14","slug":"europa-droht-seine-rohstoffziele-zu-verfehlen","status":"publish","type":"post","link":"https:\/\/www.europesays.com\/de\/1179650\/","title":{"rendered":"Europa droht seine Rohstoffziele zu verfehlen"},"content":{"rendered":"<p>Die Europ\u00e4ische Union (EU) l\u00e4uft Gefahr, ihr selbst gestecktes Ziel zu verfehlen, bei kritischen Rohstoffen unabh\u00e4ngiger zu werden. Das ergab eine aktuelle Studie des Ifo Instituts. Nur bei vier der 27 untersuchten kritischen Rohstoffe erreicht die EU mehr als f\u00fcnf Prozent der weltweiten F\u00f6rderung, bei neun liegt ihr Anteil bei null. <\/p>\n<p>\u201eEuropa sollte bereits heute stabile Partnerschaften mit rohstoffreichen L\u00e4ndern aufgebaut haben und eigene Vorkommen systematisch erschlie\u00dfen, bisher gibt es aber kaum mehr als Absichtserkl\u00e4rungen und zu viele Unklarheiten\u201c, sagt Ifo-Forscherin Isabella Gourevich.<\/p>\n<p>Die Abh\u00e4ngigkeit der EU von Importen ist vor allem in Zukunftsfeldern sehr hoch. Unverzichtbare und teils seltene Rohstoffe f\u00fcr Batterien, Halbleiter, erneuerbare Energien und Verteidigung muss Europa fast vollst\u00e4ndig aus dem Ausland beziehen. Um die Versorgung zu vertretbaren Preisen zu sichern, muss laut Gourevich schnell gehandelt werden: \u201eDie EU sollte ihre Partnerschaften mit rohstoffreichen L\u00e4ndern jetzt durch konkrete Projekte und Finanzierungszusagen unterlegen, Ank\u00fcndigungen reichen nicht mehr.\u201c<\/p>\n<p>Der Studie zufolge w\u00e4re es auch m\u00f6glich, innerhalb der n\u00e4chsten Jahre Kapazit\u00e4ten f\u00fcr die Verarbeitung in EU-L\u00e4ndern zu schaffen. Mittelfristig k\u00f6nne die EU auch einige der kritischen Rohstoffe selbst abbauen, es gibt laut der Studie eine ganze Reihe unerschlossener Vorkommen. \u201eAuch hier muss die EU jetzt handeln, denn die Erschlie\u00dfung einer Mine dauert bis zu 18 Jahre\u201c, erkl\u00e4rt Gourevich. <\/p>\n<p>Doch daf\u00fcr fehlt der Studie zufolge die Grundlage: Ob sich der Abbau bekannter Lagerst\u00e4tten wirtschaftlich lohnt, ist weitgehend ungekl\u00e4rt. Die europ\u00e4ische geologische Rohstoffdatenbank MIN4EU weist gro\u00dfe L\u00fccken auf. Detaillierte Lagerst\u00e4tten- und Bergbaustandortdaten werden hier f\u00fcr Deutschland nur von Baden-W\u00fcrttemberg  ver\u00f6ffentlicht.<\/p>\n","protected":false},"excerpt":{"rendered":"Die Europ\u00e4ische Union (EU) l\u00e4uft Gefahr, ihr selbst gestecktes Ziel zu verfehlen, bei kritischen Rohstoffen unabh\u00e4ngiger zu werden.&hellip;\n","protected":false},"author":2,"featured_media":1179651,"comment_status":"","ping_status":"","sticky":false,"template":"","format":"standard","meta":{"footnotes":"","_share_on_mastodon":"0"},"categories":[3933],"tags":[331,332,548,663,158,3934,3935,13,14,15,4065,12],"class_list":["post-1179650","post","type-post","status-publish","format-standard","has-post-thumbnail","category-eu","tag-aktuelle-nachrichten","tag-aktuelle-news","tag-eu","tag-europa","tag-europaeische-union","tag-europe","tag-european-union","tag-headlines","tag-nachrichten","tag-news","tag-rohstoffe","tag-schlagzeilen"],"share_on_mastodon":{"url":"","error":""},"_links":{"self":[{"href":"https:\/\/www.europesays.com\/de\/wp-json\/wp\/v2\/posts\/1179650","targetHints":{"allow":["GET"]}}],"collection":[{"href":"https:\/\/www.europesays.com\/de\/wp-json\/wp\/v2\/posts"}],"about":[{"href":"https:\/\/www.europesays.com\/de\/wp-json\/wp\/v2\/types\/post"}],"author":[{"embeddable":true,"href":"https:\/\/www.europesays.com\/de\/wp-json\/wp\/v2\/users\/2"}],"replies":[{"embeddable":true,"href":"https:\/\/www.europesays.com\/de\/wp-json\/wp\/v2\/comments?post=1179650"}],"version-history":[{"count":0,"href":"https:\/\/www.europesays.com\/de\/wp-json\/wp\/v2\/posts\/1179650\/revisions"}],"wp:featuredmedia":[{"embeddable":true,"href":"https:\/\/www.europesays.com\/de\/wp-json\/wp\/v2\/media\/1179651"}],"wp:attachment":[{"href":"https:\/\/www.europesays.com\/de\/wp-json\/wp\/v2\/media?parent=1179650"}],"wp:term":[{"taxonomy":"category","embeddable":true,"href":"https:\/\/www.europesays.com\/de\/wp-json\/wp\/v2\/categories?post=1179650"},{"taxonomy":"post_tag","embeddable":true,"href":"https:\/\/www.europesays.com\/de\/wp-json\/wp\/v2\/tags?post=1179650"}],"curies":[{"name":"wp","href":"https:\/\/api.w.org\/{rel}","templated":true}]}}