{"id":1179702,"date":"2026-07-20T08:02:18","date_gmt":"2026-07-20T08:02:18","guid":{"rendered":"https:\/\/www.europesays.com\/de\/1179702\/"},"modified":"2026-07-20T08:02:18","modified_gmt":"2026-07-20T08:02:18","slug":"fw-m-wochenendrueckblick-der-feuerwehr-muenchen-fuer-den-17-bis-19-juli-2026","status":"publish","type":"post","link":"https:\/\/www.europesays.com\/de\/1179702\/","title":{"rendered":"FW-M: Wochenendr\u00fcckblick der Feuerwehr M\u00fcnchen f\u00fcr den 17. bis 19. Juli 2026"},"content":{"rendered":"<p class=\"date\">20.07.2026 \u2013 09:38<\/p>\n<p class=\"customer\">\n                        <a class=\"story-customer\" title=\"weiter zum newsroom von Feuerwehr M\u00fcnchen\" href=\"https:\/\/www.presseportal.de\/blaulicht\/nr\/131419\" rel=\"nofollow noopener\" target=\"_blank\">Feuerwehr M\u00fcnchen<\/a>\n                    <\/p>\n<p><a class=\"glightbox-pseudo event-trigger\" href=\"https:\/\/cache.pressmailing.net\/thumbnail\/story_hires\/6104e952-3911-4f31-9afe-90d611fd3ee5\/2026_07_19_Landsberg~tra%C3%9Fe_01_presse.jpg.jpg\" data-description=\"Einsatzkr\u00e4fte der Feuerwehr M\u00fcnchen bei einem Verkehrsunfall.\" data-category=\"medialightbox\" data-action=\"click\" data-label=\"single\" data-value=\"6a5dd09d270000fd2c58340c\" rel=\"nofollow noopener\" target=\"_blank\"><img decoding=\"async\" height=\"540\" with=\"720\" src=\"https:\/\/www.europesays.com\/de\/wp-content\/uploads\/2026\/07\/fw-m-wochenendr-ckblick-der-feuerwehr-m-nchen-f-r-den-17-bis-19-juli-2026.jpeg\"   alt=\"FW-M: Wochenendr\u00fcckblick der Feuerwehr M\u00fcnchen f\u00fcr den 17. bis 19. Juli 2026\" class=\"single\"\/><\/a><\/p>\n<p><a data-category=\"citylink-story-view\" data-action=\"click\" data-label=\"Citylink in Meldungsansicht\" class=\"story-city event-trigger\" href=\"https:\/\/www.presseportal.de\/regional\/M%FCnchen\" title=\"News aus M\u00fcnchen \" rel=\"nofollow noopener\" target=\"_blank\">M\u00fcnchen<\/a> (ots)<\/p>\n<p>Freitag, 17. Juli 2026; 20.00 Uhr &#8211; Atemlos in der Allianz Arena<br \/>\nFranz-Beckenbauer-Platz (Fr\u00f6ttmaning)<\/p>\n<p>Am Freitag hat das Tourfinale von Helene Fischer in der Allianz Arena stattgefunden. Einsatzkr\u00e4fte der Feuerwehr M\u00fcnchen waren im Rahmen der Brandsicherheitswache vor Ort.<\/p>\n<p>Um bei einem Schadensereignis schnell eingreifen zu k\u00f6nnen, sind bei Gro\u00dfveranstaltungen immer Einsatzkr\u00e4fte der Feuerwehr M\u00fcnchen vor Ort. Auch das Konzert in der Allianz Arena wurde durch uns begleitet. Zu nennenswerten Einsatzsituationen kam es allerdings nicht.<\/p>\n<p>Sonntag, 19. Juli 2026; 13.56 Uhr &#8211; Drei Verletzte bei Zusammensto\u00df mit Tram<br \/>\nLandsberger Stra\u00dfe (Schwanthalerh\u00f6he)<\/p>\n<p>Am Sonntagnachmittag ist es in der Landsberger Stra\u00dfe zu einem schweren Verkehrsunfall gekommen. Eine Frau musste von der Feuerwehr aus ihrem Fahrzeug befreit werden.<\/p>\n<p>Gegen 13.56 Uhr kam es bei einem Wendeman\u00f6ver zu einem Zusammensto\u00df zwischen einem Pkw und einer Tram. Der Pkw wurde auf der Fahrerseite von der Tram gerammt und schwer besch\u00e4digt. Durch den Aufprall wurde die 42-j\u00e4hrige Pkw-Lenkerin in ihrem Fahrzeug eingeschlossen. Der 46-j\u00e4hrige Beifahrer sowie die neun und zw\u00f6lf Jahre alten Kinder konnten das Fahrzeug selbst\u00e4ndig verlassen. Die beiden Kinder wurden leicht verletzt, w\u00e4hrend der Beifahrer unverletzt blieb. Die Fahrg\u00e4ste und der Fahrer der Tram blieben ebenfalls unverletzt.<\/p>\n<p>Um die schwerverletzte Fahrerin aus dem Fahrzeug zu befreien, wurde die Tram zur\u00fcckgesetzt. Anschlie\u00dfend wurde das Dach des Autos entfernt und eine gro\u00dfe Seiten\u00f6ffnung geschaffen. Die schwer Verletzte Frau wurde mit einem Rettungswagen in eine M\u00fcnchner Klinik transportiert.<\/p>\n<p>W\u00e4hrend der Rettungsarbeiten wurde die Landsberger Stra\u00dfe in beide Richtungen f\u00fcr den Verkehr gesperrt. Die Polizei hat die Ermittlungen zur Unfallursache aufgenommen. \u00dcber die H\u00f6he des entstandenen Sachschadens k\u00f6nnen von Seiten der Feuerwehr keine Angaben gemacht werden.<\/p>\n<p>Sonntag, 19. Juli 2026; 21.55 Uhr &#8211; Brand in einem M\u00fcllraum sorgt f\u00fcr Gro\u00dfeinsatz<br \/>\nConstanze-Hallgarten-Stra\u00dfe (Obersendling)<\/p>\n<p>Am sp\u00e4ten Sonntagabend ist es zu einem Brand in einem M\u00fcllraum in einem Mehrfamilienhaus gekommen.<\/p>\n<p>Aufgrund einer leichten Rauchentwicklung im Treppenhaus w\u00e4hlten mehrere Bewohner des Hauses in der Constanze-Hallgarten-Stra\u00dfe den Notruf. Einsatzkr\u00e4fte der Feuerwehr entdeckten die Ursache der Rauchentwicklung in einem M\u00fcllraum im Untergescho\u00df. Dort war es, aus bisher unbekannter Ursache, zu einem Brand gekommen. Ein Atemschutztrupp konnte das Feuer schnell mit einem Hohlstrahlrohr l\u00f6schen.<\/p>\n<p>Um das Geb\u00e4ude zu entrauchen, waren umfangreiche L\u00fcftungsma\u00dfnahmen n\u00f6tig. Hierzu kam auch der mobile Gro\u00dfl\u00fcfter zum Einsatz.<\/p>\n<p>Nachdem alle Bereiche kontrolliert waren, konnten die Bewohner in ihre Wohnungen zur\u00fcckkehren. Die H\u00f6he des entstandenen Sachschadens ist der Feuerwehr nicht bekannt.<\/p>\n<p>(bro)<\/p>\n<p class=\"contact-headline\">R\u00fcckfragen von Medienvertretern bitte an:<\/p>\n<p class=\"contact-text\">Pressekontakt:<br \/>Feuerwehr M\u00fcnchen<br \/>Pressestelle<br \/>Telefon: 089 \/ 2353 31311<br \/>(Montag bis Donnerstag von 08:30 bis 15:00 Uhr, Freitag von 08:30 bis<br \/>12:00 Uhr)<br \/>E-Mail: <a href=\"https:\/\/www.presseportal.de\/blaulicht\/pm\/131419\/mailto:presse.feuerwehr@muenchen.de\" class=\"uri-mailto\" rel=\"nofollow noopener\" target=\"_blank\">presse.feuerwehr@muenchen.de<\/a><\/p>\n<p>Internet: <a target=\"_blank\" class=\"uri-ext outbound\" rel=\"noopener nofollow\" href=\"https:\/\/www.feuerwehr-muenchen.de\">www.feuerwehr-muenchen.de<\/a><br \/>Twitter: <a target=\"_blank\" class=\"uri-ext outbound\" rel=\"noopener nofollow\" href=\"https:\/\/www.twitter.com\/BFMuenchen\">www.twitter.com\/BFMuenchen<\/a><br \/>Facebook: <a target=\"_blank\" class=\"uri-ext outbound\" rel=\"noopener nofollow\" href=\"https:\/\/www.facebook.com\/feuerwehr.muenchen\/\">www.facebook.com\/feuerwehr.muenchen\/<\/a><br \/>LinkedIn: <a target=\"_blank\" class=\"uri-ext outbound\" rel=\"noopener nofollow\" href=\"https:\/\/www.linkedin.com\/company\/feuerwehrmuenchen\">www.linkedin.com\/company\/feuerwehrmuenchen<\/a><br \/>Instagram: <a target=\"_blank\" class=\"uri-ext outbound\" rel=\"noopener nofollow\" href=\"https:\/\/www.instagram.com\/feuerwehrmuenchen\/\">www.instagram.com\/feuerwehrmuenchen\/<\/a><\/p>\n<p class=\"originator\">Original-Content von: Feuerwehr M\u00fcnchen, \u00fcbermittelt durch news aktuell<\/p>\n<p>                <script async src=\"https:\/\/platform.twitter.com\/widgets.js\" charset=\"utf-8\"><\/script><script async src=\"\/\/www.instagram.com\/embed.js\"><\/script><\/p>\n","protected":false},"excerpt":{"rendered":"20.07.2026 \u2013 09:38 Feuerwehr M\u00fcnchen M\u00fcnchen (ots) Freitag, 17. Juli 2026; 20.00 Uhr &#8211; Atemlos in der Allianz&hellip;\n","protected":false},"author":2,"featured_media":1179703,"comment_status":"","ping_status":"","sticky":false,"template":"","format":"standard","meta":{"footnotes":"","_share_on_mastodon":"0"},"categories":[1827],"tags":[772,2919,2918,29,985,30,1268,3908,178,180,179,181,11131,1284],"class_list":["post-1179702","post","type-post","status-publish","format-standard","has-post-thumbnail","category-muenchen","tag-bayern","tag-brand","tag-by","tag-deutschland","tag-feuerwehr","tag-germany","tag-muenchen","tag-notfallrettung","tag-presse","tag-pressemeldung","tag-pressemitteilung","tag-pressemitteilungen","tag-technische-hilfeleistung","tag-unfall"],"share_on_mastodon":{"url":"https:\/\/pubeurope.com\/@de\/116951263702661463","error":""},"_links":{"self":[{"href":"https:\/\/www.europesays.com\/de\/wp-json\/wp\/v2\/posts\/1179702","targetHints":{"allow":["GET"]}}],"collection":[{"href":"https:\/\/www.europesays.com\/de\/wp-json\/wp\/v2\/posts"}],"about":[{"href":"https:\/\/www.europesays.com\/de\/wp-json\/wp\/v2\/types\/post"}],"author":[{"embeddable":true,"href":"https:\/\/www.europesays.com\/de\/wp-json\/wp\/v2\/users\/2"}],"replies":[{"embeddable":true,"href":"https:\/\/www.europesays.com\/de\/wp-json\/wp\/v2\/comments?post=1179702"}],"version-history":[{"count":0,"href":"https:\/\/www.europesays.com\/de\/wp-json\/wp\/v2\/posts\/1179702\/revisions"}],"wp:featuredmedia":[{"embeddable":true,"href":"https:\/\/www.europesays.com\/de\/wp-json\/wp\/v2\/media\/1179703"}],"wp:attachment":[{"href":"https:\/\/www.europesays.com\/de\/wp-json\/wp\/v2\/media?parent=1179702"}],"wp:term":[{"taxonomy":"category","embeddable":true,"href":"https:\/\/www.europesays.com\/de\/wp-json\/wp\/v2\/categories?post=1179702"},{"taxonomy":"post_tag","embeddable":true,"href":"https:\/\/www.europesays.com\/de\/wp-json\/wp\/v2\/tags?post=1179702"}],"curies":[{"name":"wp","href":"https:\/\/api.w.org\/{rel}","templated":true}]}}