{"id":1179716,"date":"2026-07-20T08:09:27","date_gmt":"2026-07-20T08:09:27","guid":{"rendered":"https:\/\/www.europesays.com\/de\/1179716\/"},"modified":"2026-07-20T08:09:27","modified_gmt":"2026-07-20T08:09:27","slug":"giga-berlin-wird-zellfabrik-deutlich-mehr-gewinn-tesla-dreht-das-tempo-in-gruenheide-wieder-auf-wallstreetonline","status":"publish","type":"post","link":"https:\/\/www.europesays.com\/de\/1179716\/","title":{"rendered":"Giga Berlin wird Zellfabrik: Deutlich mehr Gewinn! Tesla dreht das Tempo in Gr\u00fcnheide wieder auf | wallstreetONLINE"},"content":{"rendered":"<p id=\"newsArticleSummary\">\n        Mehr Profit trotz gesunkener Verk\u00e4ufe: Tesla baut das Werk in Gr\u00fcnheide weiter aus und plant Tausende neue Jobs. Wie der Elektroautobauer den Standort nach einem \u00dcbergangsjahr wieder auf Hochtouren bringen will.    <\/p>\n<p>\n  Ein Ertragsplus von gut 35 Prozent trotz leicht gesunkener Auslieferungen: Teslas Brandenburger Tochtergesellschaft \u00fcberrascht im aktuellen Gesch\u00e4ftsbericht f\u00fcr 2025 mit einer unerwartet starken<br \/>\n  Bilanz. W\u00e4hrend der Jahres\u00fcberschuss auf 77,1 Millionen Euro kletterte, fiel der Umsatz auf 7,1 Milliarden Euro. Grund f\u00fcr die h\u00f6here Profitabilit\u00e4t waren vor allem gesunkene Fertigungskosten. Nun<br \/>\n  legt der US-Konzern in Gr\u00fcnheide wieder nach.\n<\/p>\n<p>\n  F\u00fcr das Gesch\u00e4ftsjahr 2026 k\u00fcndigt die Tesla Manufacturing Brandenburg SE ein kr\u00e4ftiges Produktionsplus an. Die Fertigung soll auf w\u00f6chentlich bis zu 7.500 Fahrzeuge hochgefahren werden \u2013 das<br \/>\n  entspricht aufs Jahr hochgerechnet etwa 375.000 Autos. Um diese St\u00fcckzahlen zu erreichen, plant Tesla die Schaffung von rund 3.500 zus\u00e4tzlichen Stellen in der Gigafactory, wo zuletzt etwa 11.000<br \/>\n  Besch\u00e4ftigte arbeiteten.\n<\/p>\n<p>                    Anzeige\u00a0<\/p>\n<p>Im Durchschnitt erleiden 7 von 10 Kleinanlegern Verluste beim Handel mit Turbo-Zertifikaten. Turbo-Zertifikate sind hoch risikoreiche Produkte und nicht f\u00fcr langfristige Anlagestrategien geeignet.<\/p>\n<p>                                        <a style=\"text-decoration:none;\" href=\"https:\/\/www.wallstreet-online.de\/nachrichten\/autor\/wallstreet-online-redaktion\" rel=\"nofollow noopener\" target=\"_blank\"><br \/>\n                                <img style=\"padding: 0 10px 10px 0;\" class=\"img-fluid d-block loadOnSight\" rel=\"\/\/assets.wallstreet-online.de\/_media\/3278\/nl\/size_59\/bild-2023-07-26-162724843.png\" alt=\"Autor\"\/><\/p>\n<p>                            <\/a><\/p>\n<p>wallstreetONLINE Redaktion<\/p>\n<p>0 Follower                    <\/p>\n<p>                                <img style=\"padding: 0 10px 10px 0;\" class=\"img-fluid d-block loadOnSight\" rel=\"\/\/assets.wallstreet-online.de\/_media\/3278\/nl\/size_59\/bild-2023-07-26-162724843.png\" alt=\"Autor\"\/><\/p>\n<p>\n                            Mehr anzeigen\n                        <\/p>\n<p>Melden Sie sich <a href=\"https:\/\/www.wallstreet-online.de\/newsletter\" target=\"_blank\" rel=\"nofollow noopener\">HIER f\u00fcr den Newsletter der wallstreetONLINE Redaktion an<\/a> &#8211; alle Top-Themen der B\u00f6rsenwoche im \u00dcberblick! Verpassen Sie kein wichtiges Anleger-Thema!&#13;\n<\/p>\n<p>&#13;<br \/>\nF\u00fcr Beitr\u00e4ge auf diesem journalistischen Channel ist die Chefredaktion der wallstreetONLINE Redaktion verantwortlich.<\/p>\n<p>Die Fachjournalisten der wallstreetONLINE Redaktion berichten hier mit ihren Kolleginnen und Kollegen aus den Partnerredaktionen exklusiv, fundiert, ausgewogen sowie unabh\u00e4ngig f\u00fcr den Anleger.<\/p>\n<p>Die Zentralredaktion recherchiert intensiv, um Anlegern der Kategorie Selbstentscheider relevante Informationen f\u00fcr ihre Anlageentscheidungen liefern zu k\u00f6nnen.<\/p>\n<p>NEU: Podcast &#8222;B\u00f6rse, Baby!&#8220;<\/p>\n<p>\n                            Mehr anzeigen\n                        <\/p>\n<p>                        <a href=\"https:\/\/www.wallstreet-online.de\/rss\/nachrichten\/wallstreet-online-redaktion\" title=\"RSS-Feed des Autors wallstreetONLINE Redaktion\" target=\"_blank\" rel=\"nofollow noopener\"><img decoding=\"async\" src=\"https:\/\/assets.wallstreet-online.de\/frontend\/img\/icons\/icons\/rss.svg\" alt=\"RSS Icon\" class=\"imgSvg me-1\" style=\"width:16px;height:16px\"\/><\/a><a style=\"vertical-align:top;\" href=\"https:\/\/www.wallstreet-online.de\/rss\/nachrichten\/wallstreet-online-redaktion\" title=\"RSS-Feed des Autors wallstreetONLINE Redaktion\" target=\"_blank\" class=\"text-subdued-alpha\" rel=\"nofollow noopener\">RSS-Feed abonnieren<\/a><\/p>\n","protected":false},"excerpt":{"rendered":"Mehr Profit trotz gesunkener Verk\u00e4ufe: Tesla baut das Werk in Gr\u00fcnheide weiter aus und plant Tausende neue Jobs.&hellip;\n","protected":false},"author":2,"featured_media":1179717,"comment_status":"","ping_status":"","sticky":false,"template":"","format":"standard","meta":{"footnotes":"","_share_on_mastodon":"0"},"categories":[1825],"tags":[296,29,30,246711,760],"class_list":["post-1179716","post","type-post","status-publish","format-standard","has-post-thumbnail","category-berlin","tag-berlin","tag-deutschland","tag-germany","tag-gruenheide-wird-zur-zellfabrik","tag-tesla"],"share_on_mastodon":{"url":"https:\/\/pubeurope.com\/@de\/116951291457450859","error":""},"_links":{"self":[{"href":"https:\/\/www.europesays.com\/de\/wp-json\/wp\/v2\/posts\/1179716","targetHints":{"allow":["GET"]}}],"collection":[{"href":"https:\/\/www.europesays.com\/de\/wp-json\/wp\/v2\/posts"}],"about":[{"href":"https:\/\/www.europesays.com\/de\/wp-json\/wp\/v2\/types\/post"}],"author":[{"embeddable":true,"href":"https:\/\/www.europesays.com\/de\/wp-json\/wp\/v2\/users\/2"}],"replies":[{"embeddable":true,"href":"https:\/\/www.europesays.com\/de\/wp-json\/wp\/v2\/comments?post=1179716"}],"version-history":[{"count":0,"href":"https:\/\/www.europesays.com\/de\/wp-json\/wp\/v2\/posts\/1179716\/revisions"}],"wp:featuredmedia":[{"embeddable":true,"href":"https:\/\/www.europesays.com\/de\/wp-json\/wp\/v2\/media\/1179717"}],"wp:attachment":[{"href":"https:\/\/www.europesays.com\/de\/wp-json\/wp\/v2\/media?parent=1179716"}],"wp:term":[{"taxonomy":"category","embeddable":true,"href":"https:\/\/www.europesays.com\/de\/wp-json\/wp\/v2\/categories?post=1179716"},{"taxonomy":"post_tag","embeddable":true,"href":"https:\/\/www.europesays.com\/de\/wp-json\/wp\/v2\/tags?post=1179716"}],"curies":[{"name":"wp","href":"https:\/\/api.w.org\/{rel}","templated":true}]}}