{"id":1179829,"date":"2026-07-20T09:19:15","date_gmt":"2026-07-20T09:19:15","guid":{"rendered":"https:\/\/www.europesays.com\/de\/1179829\/"},"modified":"2026-07-20T09:19:15","modified_gmt":"2026-07-20T09:19:15","slug":"duesseldorf-motorradfahrer-wird-ueber-leitplanke-geschleudert","status":"publish","type":"post","link":"https:\/\/www.europesays.com\/de\/1179829\/","title":{"rendered":"D\u00fcsseldorf: Motorradfahrer wird \u00fcber Leitplanke geschleudert"},"content":{"rendered":"<p class=\"text_ohne_einzug richtext text-em-55 !leading-serif mx-6 desktop:mx-0\"> Ein junger Motorradfahrer ist am Sonntagabend in D\u00fcsseldorf-Oberkassel schwer verungl\u00fcckt. Der 21-J\u00e4hrige aus D\u00fcsseldorf verlor kurz nach der Ausfahrt aus dem Rheinalleetunnel auf der Br\u00fcsseler Stra\u00dfe die Kontrolle \u00fcber sein Fahrzeug. Er kollidierte mit der Fahrbahnbegrenzung und wurde schlie\u00dflich \u00fcber die Leitplanke geschleudert.<\/p>\n<p class=\"richtext text-em-55 !leading-serif mx-6 desktop:mx-0\">Rettungskr\u00e4fte fanden den Mann schwer verletzt auf einem Parkplatz auf der Pariser Stra\u00dfe unterhalb der Fahrbahn. Ein Rettungswagen brachte ihn in ein Krankenhaus. Der Unfall ereignete sich gegen 20.15\u2005Uhr.<\/p>\n<p class=\"richtext text-em-55 !leading-serif mx-6 desktop:mx-0\">Nach ersten Zeugenaussagen war der 21-J\u00e4hrige im Rheinalleetunnel in Fahrtrichtung stadtausw\u00e4rts unterwegs. Die genaue Unfallursache ist noch unklar, die Ermittlungen dauern an. F\u00fcr die Unfallaufnahme und durch anschlie\u00dfende Reinigungsarbeiten kam es zu leichten Verkehrsbeeintr\u00e4chtigungen. Gegen 21.45 Uhr wurde die Fahrbahn wieder freigegeben.<\/p>\n","protected":false},"excerpt":{"rendered":"Ein junger Motorradfahrer ist am Sonntagabend in D\u00fcsseldorf-Oberkassel schwer verungl\u00fcckt. Der 21-J\u00e4hrige aus D\u00fcsseldorf verlor kurz nach der&hellip;\n","protected":false},"author":2,"featured_media":1179830,"comment_status":"","ping_status":"","sticky":false,"template":"","format":"standard","meta":{"footnotes":"","_share_on_mastodon":"0"},"categories":[1831],"tags":[3364,29,3405,9920,246729,4731,30,121047,11532,10528,6389,6994,1209,25022,4847,1284,24863,2625,5185],"class_list":["post-1179829","post","type-post","status-publish","format-standard","has-post-thumbnail","category-duesseldorf","tag-de","tag-deutschland","tag-duesseldorf","tag-fahrbahn","tag-fahrbahnbegrenzung","tag-fahrer","tag-germany","tag-geschleudert","tag-kontrolle","tag-leitplanke","tag-motorradfahrer","tag-motorradunfall","tag-nordrhein-westfalen","tag-oberkassel","tag-parkplatz","tag-unfall","tag-unfallaufnahme","tag-unfallursache","tag-verletzt"],"share_on_mastodon":{"url":"","error":""},"_links":{"self":[{"href":"https:\/\/www.europesays.com\/de\/wp-json\/wp\/v2\/posts\/1179829","targetHints":{"allow":["GET"]}}],"collection":[{"href":"https:\/\/www.europesays.com\/de\/wp-json\/wp\/v2\/posts"}],"about":[{"href":"https:\/\/www.europesays.com\/de\/wp-json\/wp\/v2\/types\/post"}],"author":[{"embeddable":true,"href":"https:\/\/www.europesays.com\/de\/wp-json\/wp\/v2\/users\/2"}],"replies":[{"embeddable":true,"href":"https:\/\/www.europesays.com\/de\/wp-json\/wp\/v2\/comments?post=1179829"}],"version-history":[{"count":0,"href":"https:\/\/www.europesays.com\/de\/wp-json\/wp\/v2\/posts\/1179829\/revisions"}],"wp:featuredmedia":[{"embeddable":true,"href":"https:\/\/www.europesays.com\/de\/wp-json\/wp\/v2\/media\/1179830"}],"wp:attachment":[{"href":"https:\/\/www.europesays.com\/de\/wp-json\/wp\/v2\/media?parent=1179829"}],"wp:term":[{"taxonomy":"category","embeddable":true,"href":"https:\/\/www.europesays.com\/de\/wp-json\/wp\/v2\/categories?post=1179829"},{"taxonomy":"post_tag","embeddable":true,"href":"https:\/\/www.europesays.com\/de\/wp-json\/wp\/v2\/tags?post=1179829"}],"curies":[{"name":"wp","href":"https:\/\/api.w.org\/{rel}","templated":true}]}}