{"id":1179996,"date":"2026-07-20T11:06:14","date_gmt":"2026-07-20T11:06:14","guid":{"rendered":"https:\/\/www.europesays.com\/de\/1179996\/"},"modified":"2026-07-20T11:06:14","modified_gmt":"2026-07-20T11:06:14","slug":"scheiben-in-potsdam-beschossen-schuesse-auf-spaetis-zusammenhaenge-mit-gewalt-in-berlin","status":"publish","type":"post","link":"https:\/\/www.europesays.com\/de\/1179996\/","title":{"rendered":"Scheiben in Potsdam beschossen: Sch\u00fcsse auf Sp\u00e4tis &#8211; Zusammenh\u00e4nge mit Gewalt in Berlin"},"content":{"rendered":"<p class=\"paragraph article__item\">Nach den Sch\u00fcssen auf zwei Sp\u00e4tis in Potsdam und der Festnahme eines Verd\u00e4chtigen in <a class=\"rtr-entity\" href=\"https:\/\/www.zeit.de\/thema\/berlin\" rel=\"nofollow noopener\" target=\"_blank\">Berlin<\/a> ermittelt das Landeskriminalamt Brandenburg zu den mutma\u00dflichen Hinterm\u00e4nnern. Es geht bei der Tat um den Verdacht, dass Geld von Gesch\u00e4ftsleuten erpresst werden sollte. Die Ermittlungen im Bereich der Organisierten Kriminalit\u00e4t stehen im Zusammenhang mit Schussabgaben in Berlin.\n<\/p>\n<p>Aktuelles<\/p>\n<p>                <a href=\"https:\/\/www.zeit.de\/gesellschaft\/2026-06\/islamischer-staat-durchsuchungen-bundesregierung-verdaechtige\" data-ct-label=\"Islamischer Staat: Razzien bei mutma\u00dflichen IS-Mitgliedern in drei Bundesl\u00e4ndern\" data-uuid=\"5c4fce59-f199-4d76-ac25-fa7c2864388e\" rel=\"nofollow noopener\" target=\"_blank\"><\/p>\n<p>                        Islamischer Staat:<br \/>\n                        Razzien bei mutma\u00dflichen IS-Mitgliedern in drei Bundesl\u00e4ndern<\/p>\n<p>                <\/a><\/p>\n<p>                <a href=\"https:\/\/www.zeit.de\/gesellschaft\/2026-07\/schongau-brief-anschlag-augsburg-verdachtiger\" data-ct-label=\"Welfen-Gymnasium: Ermittler pr\u00fcfen m\u00f6gliches Schreiben des Verd\u00e4chtigen von Schongau\" data-uuid=\"d0261e13-5404-4ce4-a6af-333ab6e51ed5\" rel=\"nofollow noopener\" target=\"_blank\"><\/p>\n<p>                        Welfen-Gymnasium:<br \/>\n                        Ermittler pr\u00fcfen m\u00f6gliches Schreiben des Verd\u00e4chtigen von Schongau<\/p>\n<p>                <\/a><\/p>\n<p>                <a href=\"https:\/\/www.zeit.de\/gesellschaft\/zeitgeschehen\/2026-07\/vergewaltigung-berlin-elektriker-online-dating-schlafmittel-gxe\" data-ct-label=\"Sexuelle Gewalt: Mann aus Berlin soll zahlreiche Frauen sediert und vergewaltigt haben\" data-uuid=\"772bc73c-cf7e-4f6e-81a5-c3aa92acbac8\" rel=\"nofollow noopener\" target=\"_blank\"><\/p>\n<p>                        Sexuelle Gewalt:<br \/>\n                        Mann aus Berlin soll zahlreiche Frauen sediert und vergewaltigt haben<\/p>\n<p>                <\/a><\/p>\n<p>                    Ermittlungen zu mutma\u00dflichen Auftraggebern            <\/p>\n<p class=\"paragraph article__item\">\u00abWir gehen davon aus, dass er nicht allein, sondern im Auftrag gehandelt hat\u00bb, sagte eine Sprecherin des Polizeipr\u00e4sidiums zur Festnahme eines 24 Jahre alten Verd\u00e4chtigen. Beim Landeskriminalamt ist die Ermittlungsgruppe \u00abTitan\u00bb mit dem Fall befasst, die im engen Austausch mit der Berliner <a class=\"rtr-entity\" href=\"https:\/\/www.zeit.de\/thema\/polizei\" rel=\"nofollow noopener\" target=\"_blank\">Polizei<\/a> steht.\n<\/p>\n<p class=\"paragraph article__item\">F\u00fcr die Landeshauptstadt <a class=\"rtr-entity\" href=\"https:\/\/www.zeit.de\/thema\/potsdam\" rel=\"nofollow noopener\" target=\"_blank\">Potsdam<\/a> ist das Ph\u00e4nomen neu, dass Kriminelle im Auftrag von Drahtziehern auf Gesch\u00e4fte schie\u00dfen. So soll unter anderem Druck ausge\u00fcbt werden, um eingesch\u00fcchterte Gesch\u00e4digte zur Zahlung von Geld zu bewegen. Aus Polizeikreisen hei\u00dft es, die Methoden krimineller Netzwerke schwappten auf Brandenburg \u00fcber.\u00a0\n<\/p>\n<p>            Verd\u00e4chtiger in Berlin in U-Haft            <\/p>\n<p class=\"paragraph article__item\">In der vergangenen Woche wurde nachts in Potsdam binnen weniger Tage auf Fensterscheiben zweier Sp\u00e4tis geschossen. Am Donnerstagabend wurde dann ein 24 Jahre alter Verd\u00e4chtiger in Berlin festgenommen. Dieser befindet sich nach Angaben der Berliner Staatsanwaltschaft in der Hauptstadt in Untersuchungshaft wegen verschiedener mutma\u00dflicher Schutzgelderpressungen.\n<\/p>\n<p class=\"paragraph article__item\">In Berlin sorgen seit l\u00e4ngerem Schussabgaben und andere gewaltsame Auseinandersetzungen im kriminellen Milieu f\u00fcr Aufsehen. Von Revierk\u00e4mpfen zwischen verschiedenen Banden mit unterschiedlicher Herkunft ist die Rede. Auch Konflikte um Schutzgelderpressung und andere Rivalit\u00e4ten werden nach Einsch\u00e4tzung der Polizei zunehmend mit Waffen ausgetragen.\n<\/p>\n<p class=\"paragraph article__item\">\u00a9 dpa-infocom, dpa:260720-930-411478\/1<\/p>\n","protected":false},"excerpt":{"rendered":"Nach den Sch\u00fcssen auf zwei Sp\u00e4tis in Potsdam und der Festnahme eines Verd\u00e4chtigen in Berlin ermittelt das Landeskriminalamt&hellip;\n","protected":false},"author":2,"featured_media":1179997,"comment_status":"","ping_status":"","sticky":false,"template":"","format":"standard","meta":{"footnotes":"","_share_on_mastodon":"0"},"categories":[1825],"tags":[1941,1939,296,1937,1890,29,980,666,30,3824,246771,1940,15,1938,3084,121,7610,246770],"class_list":["post-1179996","post","type-post","status-publish","format-standard","has-post-thumbnail","category-berlin","tag-aktuelle-nachrichten-aus-berlin","tag-aktuelle-news-aus-berlin","tag-berlin","tag-berlin-news","tag-brandenburg","tag-deutschland","tag-festnahme","tag-geld","tag-germany","tag-lka","tag-lka-brandenburg","tag-nachrichten-aus-berlin","tag-news","tag-news-aus-berlin","tag-organisierte-kriminalitaet","tag-polizei","tag-potsdam","tag-scheiben-in-potsdam-beschossen"],"share_on_mastodon":{"url":"https:\/\/pubeurope.com\/@de\/116951986218597455","error":""},"_links":{"self":[{"href":"https:\/\/www.europesays.com\/de\/wp-json\/wp\/v2\/posts\/1179996","targetHints":{"allow":["GET"]}}],"collection":[{"href":"https:\/\/www.europesays.com\/de\/wp-json\/wp\/v2\/posts"}],"about":[{"href":"https:\/\/www.europesays.com\/de\/wp-json\/wp\/v2\/types\/post"}],"author":[{"embeddable":true,"href":"https:\/\/www.europesays.com\/de\/wp-json\/wp\/v2\/users\/2"}],"replies":[{"embeddable":true,"href":"https:\/\/www.europesays.com\/de\/wp-json\/wp\/v2\/comments?post=1179996"}],"version-history":[{"count":0,"href":"https:\/\/www.europesays.com\/de\/wp-json\/wp\/v2\/posts\/1179996\/revisions"}],"wp:featuredmedia":[{"embeddable":true,"href":"https:\/\/www.europesays.com\/de\/wp-json\/wp\/v2\/media\/1179997"}],"wp:attachment":[{"href":"https:\/\/www.europesays.com\/de\/wp-json\/wp\/v2\/media?parent=1179996"}],"wp:term":[{"taxonomy":"category","embeddable":true,"href":"https:\/\/www.europesays.com\/de\/wp-json\/wp\/v2\/categories?post=1179996"},{"taxonomy":"post_tag","embeddable":true,"href":"https:\/\/www.europesays.com\/de\/wp-json\/wp\/v2\/tags?post=1179996"}],"curies":[{"name":"wp","href":"https:\/\/api.w.org\/{rel}","templated":true}]}}