{"id":1180021,"date":"2026-07-20T11:23:19","date_gmt":"2026-07-20T11:23:19","guid":{"rendered":"https:\/\/www.europesays.com\/de\/1180021\/"},"modified":"2026-07-20T11:23:19","modified_gmt":"2026-07-20T11:23:19","slug":"byd-tang-schleift-seinen-motor-am-kabel-ueber-den-asphalt-bild","status":"publish","type":"post","link":"https:\/\/www.europesays.com\/de\/1180021\/","title":{"rendered":"BYD Tang schleift seinen Motor am Kabel \u00fcber den Asphalt &#8211; BILD"},"content":{"rendered":"<ol>\n<li><a href=\"https:\/\/news.google.com\/rss\/articles\/CBMivAFBVV95cUxQUnI4eFdCdF9WSG15V014M2Vuc3JvS3R3VWwySmo4SjVXVXNMdlVYVkpVUzNXNk15eGVJeWRTd3I2eTdiUDA4bFprOG5LUVFCQnAtQWo1dV9MLUg0Z21kMlQ4bzhUS1RCMG1tdzY3WC0zcUJBbkF3cTN0STd5VnpESWlwc2JWMm9QUGdLNVNiYlh0WlRpYnlZMFlXZWMwZ1RpRWF4NmFMTXlUNXBpbGxWR2I2WDZMY19kVjRkNw?oc=5\" target=\"_blank\" rel=\"nofollow noopener\">BYD Tang schleift seinen Motor am Kabel \u00fcber den Asphalt<\/a>&nbsp;&nbsp;BILD<\/li>\n<li><a href=\"https:\/\/news.google.com\/rss\/articles\/CBMikgFBVV95cUxNRGNHRDVuVEthMjJPTHp6YUZBZlp2cEd0dTlpSjZReW5HUkFoNkR2TGZLeG1pZ1BQNzFPekE3bUVpNkhoOHdROWJKbGxjcTlVV1ZLR0F5VkU5aExyYTdHSTBSS2RKcXVyNGo0RC1QdVZ3NElGeW9xcjdFWjRXOVpzTzRiaWRfQlhRVnV3RVFPMFl3UQ?oc=5\" target=\"_blank\" rel=\"nofollow noopener\">Ist das noch ein Motorschaden?<\/a>&nbsp;&nbsp;Autobild.de<\/li>\n<li><a href=\"https:\/\/news.google.com\/rss\/articles\/CBMiigFBVV95cUxNYWszSVVzRHUxYVdKa2dtWkJRcE02VmlRanI2Vm1NNm1tUmNGUjRKdjgtRklMUDI1c2FuQWdIcFV6elBicm9lUUlkQmpoWVY4SmtJRnFPUE1GZWF3cWx5MlhTMWUwUmo1MjNCSG05SWdGY01FS3UyWmNmOThZN2EyYTIwbVJQSmpBRGc?oc=5\" target=\"_blank\" rel=\"nofollow noopener\">Bilder eines BYD Tang-Lkw, der eine Elektromotorbaugruppe hinter sich herzieht, haben Kontroversen ausgel\u00f6st.<\/a>&nbsp;&nbsp;Vietnam.vn<\/li>\n<li><a href=\"https:\/\/news.google.com\/rss\/articles\/CBMigwFBVV95cUxNQmp6MjNOQzRmaU4xUlNfbUFrZEZGaWdzdUE4MzFnRE51RGJfQ0ZPTzF4eDRJVGdCbjgxNE9BNlo0UEo5VTBxTXJSMTlqaUhjLWdCUTBMSDRJVzhwd1J3WU1FNnpOMm00WWVvekFQVDhCdDZ6ck44MzlBcV8wMmtSOXcxYw?oc=5\" target=\"_blank\" rel=\"nofollow noopener\">Chinesischer Elektroroller verliert auf \u00fcberfluteter Stra\u00dfe die gesamte Motoreinheit.<\/a>&nbsp;&nbsp;Vietnam.vn<\/li>\n<li><a href=\"https:\/\/news.google.com\/rss\/articles\/CBMiiAFBVV95cUxNRlhfUVNRMjlwSjBWQk5JSkg4T3lNeFR5Rklid0RDd2lvOU94eHpvTjNqVGxidlYzRENGcHptX2NJblRJVEptNXZ5cWdXNkRJM2R6VnVMMFplYzhpX2JPRkY0T1RfQW1TYjYwbXVRZFFuWEZ1ekFGWXVZZUhGRmVHdEEtVTJyLXp0?oc=5\" target=\"_blank\" rel=\"nofollow noopener\">BYD \u00e4u\u00dfert sich, nachdem sich ein Elektromotor an einem Auto mitten auf der Stra\u00dfe gel\u00f6st hat.<\/a>&nbsp;&nbsp;Vietnam.vn<\/li>\n<\/ol>\n","protected":false},"excerpt":{"rendered":"BYD Tang schleift seinen Motor am Kabel \u00fcber den Asphalt&nbsp;&nbsp;BILD Ist das noch ein Motorschaden?&nbsp;&nbsp;Autobild.de Bilder eines BYD&hellip;\n","protected":false},"author":2,"featured_media":1180022,"comment_status":"","ping_status":"","sticky":false,"template":"","format":"standard","meta":{"footnotes":"","_share_on_mastodon":"0"},"categories":[134],"tags":[175,1456,170,169,29,1138,13955,30,158450,171,174,1201,173,172],"class_list":["post-1180021","post","type-post","status-publish","format-standard","has-post-thumbnail","category-unternehmen-maerkte","tag-business","tag-byd","tag-companies","tag-companies-markets","tag-deutschland","tag-elektroauto","tag-elektromotor","tag-germany","tag-ki-aubi","tag-markets","tag-maerkte","tag-suv","tag-unternehmen","tag-unternehmen-maerkte"],"share_on_mastodon":{"url":"https:\/\/pubeurope.com\/@de\/116952052779932461","error":""},"_links":{"self":[{"href":"https:\/\/www.europesays.com\/de\/wp-json\/wp\/v2\/posts\/1180021","targetHints":{"allow":["GET"]}}],"collection":[{"href":"https:\/\/www.europesays.com\/de\/wp-json\/wp\/v2\/posts"}],"about":[{"href":"https:\/\/www.europesays.com\/de\/wp-json\/wp\/v2\/types\/post"}],"author":[{"embeddable":true,"href":"https:\/\/www.europesays.com\/de\/wp-json\/wp\/v2\/users\/2"}],"replies":[{"embeddable":true,"href":"https:\/\/www.europesays.com\/de\/wp-json\/wp\/v2\/comments?post=1180021"}],"version-history":[{"count":0,"href":"https:\/\/www.europesays.com\/de\/wp-json\/wp\/v2\/posts\/1180021\/revisions"}],"wp:featuredmedia":[{"embeddable":true,"href":"https:\/\/www.europesays.com\/de\/wp-json\/wp\/v2\/media\/1180022"}],"wp:attachment":[{"href":"https:\/\/www.europesays.com\/de\/wp-json\/wp\/v2\/media?parent=1180021"}],"wp:term":[{"taxonomy":"category","embeddable":true,"href":"https:\/\/www.europesays.com\/de\/wp-json\/wp\/v2\/categories?post=1180021"},{"taxonomy":"post_tag","embeddable":true,"href":"https:\/\/www.europesays.com\/de\/wp-json\/wp\/v2\/tags?post=1180021"}],"curies":[{"name":"wp","href":"https:\/\/api.w.org\/{rel}","templated":true}]}}