{"id":1180080,"date":"2026-07-20T12:01:14","date_gmt":"2026-07-20T12:01:14","guid":{"rendered":"https:\/\/www.europesays.com\/de\/1180080\/"},"modified":"2026-07-20T12:01:14","modified_gmt":"2026-07-20T12:01:14","slug":"der-koenig-des-nordens-andy-burnham-ist-neuer-britischer-premierminister","status":"publish","type":"post","link":"https:\/\/www.europesays.com\/de\/1180080\/","title":{"rendered":"Der &#8222;K\u00f6nig des Nordens&#8220;: Andy Burnham ist neuer britischer Premierminister"},"content":{"rendered":"<p>Der &#8222;K\u00f6nig des Nordens&#8220;Andy Burnham ist neuer britischer Premierminister<\/p>\n<p>20.07.2026, 13:23 Uhr <\/p>\n<p>Artikel anh\u00f6ren(04:03 min)<\/p>\n<p><img decoding=\"async\" class=\"Image_img__fQCi0 Image_Img_16_9__4BLfH widget-picture-inline_maximizable__t_E7h\" loading=\"eager\" fetchpriority=\"high\" src=\"https:\/\/www.europesays.com\/de\/wp-content\/uploads\/2026\/07\/Hat-heute-einen-Termin-beim-Koenig-Grossbritanniens-neuer-Premierminister-Andy-Burnham.webp\" alt=\"Hat-heute-einen-Termin-beim-Koenig-Grossbritanniens-neuer-Premierminister-Andy-Burnham\"\/>Burnham war am Freitag zum neuen Labour-Vorsitzenden ernannt worden. Er beschrieb sich in seiner Antrittsrede selbst als Mann der Basis. (Foto: Henry Nicholls\/Pool AFP\/AP\/dpa)TeilenFolgen auf:<a href=\"https:\/\/www.whatsapp.com\/channel\/0029Va5cdVJD8SDp5YZgYF01\" title=\"Auf WhatsApp folgen\" target=\"_blank\" rel=\"nofollow noopener\"><img decoding=\"async\" src=\"https:\/\/www.n-tv.de\/socialIcons\/whatsapp.svg\" alt=\"whatsapp\" class=\"ArticleShare_icon__FsrC2\"\/><\/a><a href=\"https:\/\/www.google.com\/preferences\/source?q=n-tv.de\" title=\"ntv als bevorzugte Quelle auf Google hinzuf\u00fcgen\" target=\"_blank\" rel=\"nofollow noopener\"><img decoding=\"async\" src=\"https:\/\/www.n-tv.de\/socialIcons\/google.svg\" alt=\"whatsapp\" class=\"ArticleShare_icon__FsrC2\"\/><\/a><\/p>\n<p class=\"Typography_text-m__XI0da Typography_weight-bold__uT6mq storyline_lead_text_leadtext__q_wg8\">Auf ihn warten gro\u00dfe Herausforderungen: Andy Burnham folgt auf Keir Starmer und \u00fcbernimmt das Amt des Premierministers. In Manchester, wo er fr\u00fcher als B\u00fcrgermeister arbeitete, ist der Labour-Politiker sehr beliebt. Kann er das Land aus der Krise f\u00fchren?<\/p>\n<p class=\"Typography_text-default__P3otY Typography_weight-normal__pqUbH storyline_paragraph_p__qSR5N\">Andy Burnham ist neuer Premierminister des Vereinigten K\u00f6nigreichs. K\u00f6nig Charles III. beauftragte den Chef der sozialdemokratischen Labour-Partei mit der Regierungsbildung. Der fr\u00fchere B\u00fcrgermeister von Greater Manchester folgt seinem Parteikollegen Keir Starmer, der unter gro\u00dfem Druck im Juni seinen R\u00fccktritt angek\u00fcndigt hatte.<\/p>\n<p class=\"Typography_text-default__P3otY Typography_weight-normal__pqUbH storyline_paragraph_p__qSR5N\">Der wegen seiner Beliebtheit in Manchester als &#8222;K\u00f6nig des Nordens&#8220; bezeichnete Burnham ist seit Wochen der Hoffnungstr\u00e4ger f\u00fcr Labour, das Land doch noch aus der Krise f\u00fchren zu k\u00f6nnen. Unter Starmer hatte die Partei im Sommer 2024 einen \u00fcberzeugenden Wahlsieg errungen, die komfortable Mehrheit im Parlament aber wegen interner Streitigkeiten nie wirklich nutzen k\u00f6nnen. Seit Monaten liegt die rechtspopulistische Partei Reform UK in Umfragen teils deutlich vorn.<\/p>\n<p class=\"Typography_text-default__P3otY Typography_weight-normal__pqUbH storyline_paragraph_p__qSR5N\">Burnham war am Freitag zum neuen Labour-Vorsitzenden ernannt worden. Er beschrieb sich in seiner Antrittsrede selbst als Mann der Basis. Er gilt als klassisch sozialdemokratischer, links der Mitte verorteter Labour-Politiker. Burnham versprach, die Kontrolle \u00fcber Wasser, Energie, Wohnungsbau und \u00f6ffentliche Verkehrsmittel wieder st\u00e4rker in die \u00f6ffentliche Hand zu bringen und die in London konzentrierte politische und wirtschaftliche Macht in die Regionen zu verlagern. Eine vollst\u00e4ndige R\u00fcckkehr in die Europ\u00e4ische Union scheint auch unter dem neuen Premier ausgeschlossen.<\/p>\n<p class=\"Typography_text-default__P3otY Typography_weight-normal__pqUbH storyline_paragraph_p__qSR5N\">Der 56-J\u00e4hrige steht vor vielen der Probleme, die sein direkter Vorg\u00e4nger Starmer nicht hatte l\u00f6sen k\u00f6nnen. Die britische Wirtschaft schw\u00e4chelt, au\u00dfenpolitisch verliert die Nation an Bedeutung, und die Bev\u00f6lkerung leidet unter sozialer Ungleichheit und sehr greifbaren Faktoren wie Wohnungsnot und hohen Energiekosten. Erwartet werden schon f\u00fcr heute Ank\u00fcndigungen zu Ma\u00dfnahmen f\u00fcr mehr finanziellen Spielraum.<\/p>\n<p>Verheiratet und Everton-Fan<\/p>\n<p class=\"Typography_text-default__P3otY Typography_weight-normal__pqUbH storyline_paragraph_p__qSR5N\">Die Gepflogenheiten in Westminster kennt Burnham ganz genau. Im Kabinett des damaligen Premierministers Gordon Brown war er in den 2000er-Jahren unter anderem Gesundheitsminister. In den Jahren 2010 und 2015 hatte er bereits zweimal erfolglos versucht, an die Spitze der Labour-Partei gew\u00e4hlt zu werden. Die Ernennung am Freitag erfolgte ohne Gegenkandidaten.<\/p>\n<p class=\"Typography_text-default__P3otY Typography_weight-normal__pqUbH storyline_paragraph_p__qSR5N\">&#8222;Wer ist Andy Burnham?&#8220;, versuchte j\u00fcngst die BBC zu ergr\u00fcnden. Zur Auswahl stand auch die Bezeichnung &#8222;r\u00fccksichtsloser Strippenzieher&#8220;. Beispielhaft wird nicht nur der Sturz von Starmer, zu dem dieser selbst allerdings auch viel beigetragen hat, erw\u00e4hnt, sondern auch die j\u00fcngsten Berichte, dass Burnham entgegen dem bisherigen Labour-Kurs doch wieder neue \u00d6l- und Gasbohrungen in der Nordsee genehmigen k\u00f6nnte.<\/p>\n<p class=\"Typography_text-default__P3otY Typography_weight-normal__pqUbH storyline_paragraph_p__qSR5N\">Verheiratet ist der Labour-Mann seit 2000 mit Marie-France van Heel, die er seit Universit\u00e4tstagen kennt. Das Paar hat drei Kinder. Seine Liebe zum FC Everton, dem in Deutschland weniger bekannten Liverpooler Fu\u00dfballklub, erw\u00e4hnte er sogar in seiner Antrittsrede als Labour-Chef. Er hoffe, seine Menschenn\u00e4he auch in der kommenden Saison mit einer Dauerkarte unter Beweis stellen zu k\u00f6nnen, sagte er.<\/p>\n<p class=\"Typography_text-default__P3otY Typography_weight-normal__pqUbH storyline_paragraph_p__qSR5N\">Burnham wuchs mit zwei Br\u00fcdern im beschaulichen Dorf Culcheth zwischen Manchester und Liverpool auf. Schon seine Eltern, die beide arbeiteten, waren dem Vernehmen nach gro\u00dfe Labour-Anh\u00e4nger. In einem Interview der Zeitung &#8222;The Times&#8220; erz\u00e4hlte Burnham j\u00fcngst \u00fcber die Alzheimer-Erkrankung seines Vaters, der deshalb am politischen Aufstieg seines Sohnes nicht wirklich teilhaben kann.<\/p>\n<p class=\"Typography_text-s__wu_cm Typography_weight-normal__pqUbH Typography_color-darkgrey__sZEnP article-detail-footer_source__KslPc\">Quelle: ntv.de, toh\/dpa<\/p>\n","protected":false},"excerpt":{"rendered":"Der &#8222;K\u00f6nig des Nordens&#8220;Andy Burnham ist neuer britischer Premierminister 20.07.2026, 13:23 Uhr Artikel anh\u00f6ren(04:03 min) Burnham war am&hellip;\n","protected":false},"author":2,"featured_media":1180081,"comment_status":"","ping_status":"","sticky":false,"template":"","format":"standard","meta":{"footnotes":"","_share_on_mastodon":"0"},"categories":[5],"tags":[331,332,120736,3364,29,30,551,13,16692,29537,14,15,16,12],"class_list":["post-1180080","post","type-post","status-publish","format-standard","has-post-thumbnail","category-nachrichten","tag-aktuelle-nachrichten","tag-aktuelle-news","tag-andy-burnham","tag-de","tag-deutschland","tag-germany","tag-grossbritannien","tag-headlines","tag-koenig-charles-iii","tag-labour-partei","tag-nachrichten","tag-news","tag-politik","tag-schlagzeilen"],"share_on_mastodon":{"url":"https:\/\/pubeurope.com\/@de\/116952204838925728","error":""},"_links":{"self":[{"href":"https:\/\/www.europesays.com\/de\/wp-json\/wp\/v2\/posts\/1180080","targetHints":{"allow":["GET"]}}],"collection":[{"href":"https:\/\/www.europesays.com\/de\/wp-json\/wp\/v2\/posts"}],"about":[{"href":"https:\/\/www.europesays.com\/de\/wp-json\/wp\/v2\/types\/post"}],"author":[{"embeddable":true,"href":"https:\/\/www.europesays.com\/de\/wp-json\/wp\/v2\/users\/2"}],"replies":[{"embeddable":true,"href":"https:\/\/www.europesays.com\/de\/wp-json\/wp\/v2\/comments?post=1180080"}],"version-history":[{"count":0,"href":"https:\/\/www.europesays.com\/de\/wp-json\/wp\/v2\/posts\/1180080\/revisions"}],"wp:featuredmedia":[{"embeddable":true,"href":"https:\/\/www.europesays.com\/de\/wp-json\/wp\/v2\/media\/1180081"}],"wp:attachment":[{"href":"https:\/\/www.europesays.com\/de\/wp-json\/wp\/v2\/media?parent=1180080"}],"wp:term":[{"taxonomy":"category","embeddable":true,"href":"https:\/\/www.europesays.com\/de\/wp-json\/wp\/v2\/categories?post=1180080"},{"taxonomy":"post_tag","embeddable":true,"href":"https:\/\/www.europesays.com\/de\/wp-json\/wp\/v2\/tags?post=1180080"}],"curies":[{"name":"wp","href":"https:\/\/api.w.org\/{rel}","templated":true}]}}