{"id":1180118,"date":"2026-07-20T12:24:16","date_gmt":"2026-07-20T12:24:16","guid":{"rendered":"https:\/\/www.europesays.com\/de\/1180118\/"},"modified":"2026-07-20T12:24:16","modified_gmt":"2026-07-20T12:24:16","slug":"2-basketball-bundesliga-pro-b-art-giants-holen-alejandro-ruano-garayoa-zurueck","status":"publish","type":"post","link":"https:\/\/www.europesays.com\/de\/1180118\/","title":{"rendered":"2. Basketball-Bundesliga Pro B: ART Giants holen Alejandro Ruano Garayoa zur\u00fcck"},"content":{"rendered":"<p class=\"text_ohne_einzug richtext text-em-55 !leading-serif mx-6 desktop:mx-0\">Die ART Giants D\u00fcsseldorf befinden sich mitten im Wiederaufbau f\u00fcr die kommende Saison. Nun hat der ProB-Ligist seinen ersten neuen Spieler f\u00fcr die kommende Saison pr\u00e4sentiert. Der erste Neuzugang tr\u00e4gt den Namen Alejandro Ruano Garayoa.<\/p>\n<p class=\"richtext text-em-55 !leading-serif mx-6 desktop:mx-0\">Der 19-J\u00e4hrige kommt von den Eisb\u00e4ren Bremerhaven, mit denen er in der 1. Regionalliga Nord angetreten war und mit der NBBL die Playoffs erreicht hatte. Zudem hatte er bereits erste, wertvolle Erfahrung in der ProA sammeln k\u00f6nnen. Der Point Guard hatte seine Karriere einst im Alter von acht Jahren beim Willicher TV begonnen. Von der U12 an durchlief er s\u00e4mtliche Nachwuchsmannschaften der ART Giants und hinterlie\u00df offenbar einen bleibenden Eindruck. Nun soll er sie in der 2. Basketball-Bundesliga ProB best\u00e4tigen.<\/p>\n<p class=\"richtext text-em-55 !leading-serif mx-6 desktop:mx-0\">\u201eMit Alejandro verfolgen wir den Weg, den wir mit einem jungen, talentierten und regionalen Kader einschlagen m\u00f6chten\u201c, sagt Giants-Vorsitzender Tobias Brodda zum ersten Transfer des Sommers. \u201eBei uns kann er sich hervorragend weiterentwickeln und seine St\u00e4rken in der ProB unter Beweis stellen.\u201c Auch der neue Trainer Robert Shepherd zeigte sich begeistert von dem Transfer: \u201eAlejandro ist ein talentierter Nachwuchsspieler aus unserer Jugendabteilung. Wir sind gl\u00fccklich, dass er zur\u00fcckgekehrt ist, um seine Entwicklung fortzusetzen\u201c, erkl\u00e4rt der 56-J\u00e4hrige in der Pressemitteilung des Klubs. \u201eAls klassischer Point Guard bringt er hervorragende Spiel\u00fcbersicht und Passst\u00e4rke mit. Wir erwarten, dass er uns auf dieser Position wertvoll verst\u00e4rkt und sich im Laufe der Saison weiterentwickelt.\u201c Co-Trainer Forood Tamjidi steigt in diese Lobeshymnen ein: \u201eAlejandro geh\u00f6rt zu den sichersten Ballhandlern und Playmakern, die ich in seinem Alter auf diesem Niveau je gesehen habe. Er ist ein beeindruckender junger Spieler, dessen Karriere gerade erst beginnt.\u201c<\/p>\n<p class=\"richtext text-em-55 !leading-serif mx-6 desktop:mx-0\">Der Spieler selbst freut sich \u00fcber seine R\u00fcckkehr in seine Heimat: \u201eIch bin hochmotiviert, meinen Teil dazu beizutragen, den Verein voranzubringen, und kann es kaum erwarten, gemeinsam mit dem Team und den Fans in der ProB anzugreifen.\u201c<\/p>\n","protected":false},"excerpt":{"rendered":"Die ART Giants D\u00fcsseldorf befinden sich mitten im Wiederaufbau f\u00fcr die kommende Saison. Nun hat der ProB-Ligist seinen&hellip;\n","protected":false},"author":2,"featured_media":1180119,"comment_status":"","ping_status":"","sticky":false,"template":"","format":"standard","meta":{"footnotes":"","_share_on_mastodon":"0"},"categories":[1831],"tags":[13052,3364,29,3405,30,17101,222215,9782,67752,1209,50767,68660,17105,9387,6236,12581],"class_list":["post-1180118","post","type-post","status-publish","format-standard","has-post-thumbnail","category-duesseldorf","tag-art","tag-de","tag-deutschland","tag-duesseldorf","tag-germany","tag-giants","tag-guard","tag-kommende","tag-nachwuchsspieler","tag-nordrhein-westfalen","tag-point","tag-praesentiert","tag-prob","tag-saison","tag-spieler","tag-wiederaufbau"],"share_on_mastodon":{"url":"https:\/\/pubeurope.com\/@de\/116952292855957090","error":""},"_links":{"self":[{"href":"https:\/\/www.europesays.com\/de\/wp-json\/wp\/v2\/posts\/1180118","targetHints":{"allow":["GET"]}}],"collection":[{"href":"https:\/\/www.europesays.com\/de\/wp-json\/wp\/v2\/posts"}],"about":[{"href":"https:\/\/www.europesays.com\/de\/wp-json\/wp\/v2\/types\/post"}],"author":[{"embeddable":true,"href":"https:\/\/www.europesays.com\/de\/wp-json\/wp\/v2\/users\/2"}],"replies":[{"embeddable":true,"href":"https:\/\/www.europesays.com\/de\/wp-json\/wp\/v2\/comments?post=1180118"}],"version-history":[{"count":0,"href":"https:\/\/www.europesays.com\/de\/wp-json\/wp\/v2\/posts\/1180118\/revisions"}],"wp:featuredmedia":[{"embeddable":true,"href":"https:\/\/www.europesays.com\/de\/wp-json\/wp\/v2\/media\/1180119"}],"wp:attachment":[{"href":"https:\/\/www.europesays.com\/de\/wp-json\/wp\/v2\/media?parent=1180118"}],"wp:term":[{"taxonomy":"category","embeddable":true,"href":"https:\/\/www.europesays.com\/de\/wp-json\/wp\/v2\/categories?post=1180118"},{"taxonomy":"post_tag","embeddable":true,"href":"https:\/\/www.europesays.com\/de\/wp-json\/wp\/v2\/tags?post=1180118"}],"curies":[{"name":"wp","href":"https:\/\/api.w.org\/{rel}","templated":true}]}}