{"id":1180140,"date":"2026-07-20T12:39:16","date_gmt":"2026-07-20T12:39:16","guid":{"rendered":"https:\/\/www.europesays.com\/de\/1180140\/"},"modified":"2026-07-20T12:39:16","modified_gmt":"2026-07-20T12:39:16","slug":"zwischenfall-bei-flug-technik-probleme-stoppen-rehlingers-flug-nach-berlin","status":"publish","type":"post","link":"https:\/\/www.europesays.com\/de\/1180140\/","title":{"rendered":"Zwischenfall bei Flug: Technik-Probleme stoppen Rehlingers Flug nach Berlin"},"content":{"rendered":"<p class=\"paragraph article__item\">Ein geplanter Flug nach <a class=\"rtr-entity\" href=\"https:\/\/www.zeit.de\/thema\/berlin\" rel=\"nofollow noopener\" target=\"_blank\">Berlin<\/a> hat f\u00fcr die saarl\u00e4ndische Ministerpr\u00e4sidentin Anke Rehlinger (SPD) ein unverhofftes Ende genommen. Wegen technischer Probleme brach das Flugzeug mit der Regierungschefin an Bord am Morgen den Flug in die Bundeshauptstadt ab und kehrte nach Saarbr\u00fccken zur\u00fcck.\u00a0\n<\/p>\n<p>Aktuelles<\/p>\n<p>                <a href=\"https:\/\/www.zeit.de\/wissenschaft\/2026-07\/ryanair-flugzeug-fenster-defekt-passagier\" data-ct-label=\"Ryanair: M\u00f6chten Sie am Fenster sitzen?\" data-uuid=\"99b38f8f-b2be-469c-a2dd-69c081894209\" rel=\"nofollow noopener\" target=\"_blank\"><\/p>\n<p>        Z+ (abopflichtiger Inhalt);<\/p>\n<p>    Ryanair:<br \/>\n                        M\u00f6chten Sie am Fenster sitzen?<\/p>\n<p>                <\/a><\/p>\n<p>                <a href=\"https:\/\/www.zeit.de\/2026\/29\/flughafen-ber-berlin-airlines-ryanair-passagiere\" data-ct-label=\"Flughafen BER: Dit is unser Fluchhafen\" data-uuid=\"768baae9-1ab0-4531-9255-a1986c9f3303\" rel=\"nofollow noopener\" target=\"_blank\"><\/p>\n<p>        Z+ (abopflichtiger Inhalt);<\/p>\n<p>    Flughafen BER:<br \/>\n                        Dit is unser Fluchhafen<\/p>\n<p>                <\/a><\/p>\n<p>                <a href=\"https:\/\/www.zeit.de\/mobilitaet\/2026-06\/autonomes-fahren-tuev-verkehrschaos-roboter-schwaechen\" data-ct-label=\"Autonomes Fahren: Heute f\u00e4hrt Sie durchs Verkehrschaos: ein verwirrter Roboter\" data-uuid=\"ff415519-9231-47b8-92a6-0042dcfc402f\" rel=\"nofollow noopener\" target=\"_blank\"><\/p>\n<p>                        Autonomes Fahren:<br \/>\n                        Heute f\u00e4hrt Sie durchs Verkehrschaos: ein verwirrter Roboter<\/p>\n<p>                <\/a><\/p>\n<p class=\"paragraph article__item\">Wie Regierungssprecher Julian Lange auf Anfrage mitteilte, musste <a class=\"rtr-entity\" href=\"https:\/\/www.zeit.de\/thema\/anke-rehlinger\" rel=\"nofollow noopener\" target=\"_blank\">Rehlinger<\/a> deshalb einige Termine in Berlin absagen, andere k\u00f6nne sie digital von der Staatskanzlei aus wahrnehmen. \u00abSicherheit geht vor\u00bb, erkl\u00e4rte er. \u00abWir hoffen, dass alle anderen Flugg\u00e4ste wohlbehalten an ihr Ziel kommen.\u00bb\u00a0\n<\/p>\n<p class=\"paragraph article__item\">Zuerst hatte die \u00abBild\u00bb-Zeitung \u00fcber den Vorfall mit einer Maschine der d\u00e4nischen Fluggesellschaft DAT berichtet. \u00dcber die Hintergr\u00fcnde der technischen Probleme war zun\u00e4chst nichts bekannt. In dieser Woche treffen sich unter anderem die Ministerpr\u00e4sidentinnen und Ministerpr\u00e4sidenten zu einer Konferenz in Berlin, das Treffen ist allerdings erst am Donnerstag.\n<\/p>\n<p class=\"paragraph article__item\">\u00a9 dpa-infocom, dpa:260622-930-261872\/1<\/p>\n","protected":false},"excerpt":{"rendered":"Ein geplanter Flug nach Berlin hat f\u00fcr die saarl\u00e4ndische Ministerpr\u00e4sidentin Anke Rehlinger (SPD) ein unverhofftes Ende genommen. Wegen&hellip;\n","protected":false},"author":2,"featured_media":1180141,"comment_status":"","ping_status":"","sticky":false,"template":"","format":"standard","meta":{"footnotes":"","_share_on_mastodon":"0"},"categories":[1825],"tags":[1941,1939,106999,296,1937,29,30,1940,15,1938,184,246826],"class_list":["post-1180140","post","type-post","status-publish","format-standard","has-post-thumbnail","category-berlin","tag-aktuelle-nachrichten-aus-berlin","tag-aktuelle-news-aus-berlin","tag-anke-rehlinger","tag-berlin","tag-berlin-news","tag-deutschland","tag-germany","tag-nachrichten-aus-berlin","tag-news","tag-news-aus-berlin","tag-spd","tag-zwischenfall-bei-flug"],"share_on_mastodon":{"url":"https:\/\/pubeurope.com\/@de\/116952352050442339","error":""},"_links":{"self":[{"href":"https:\/\/www.europesays.com\/de\/wp-json\/wp\/v2\/posts\/1180140","targetHints":{"allow":["GET"]}}],"collection":[{"href":"https:\/\/www.europesays.com\/de\/wp-json\/wp\/v2\/posts"}],"about":[{"href":"https:\/\/www.europesays.com\/de\/wp-json\/wp\/v2\/types\/post"}],"author":[{"embeddable":true,"href":"https:\/\/www.europesays.com\/de\/wp-json\/wp\/v2\/users\/2"}],"replies":[{"embeddable":true,"href":"https:\/\/www.europesays.com\/de\/wp-json\/wp\/v2\/comments?post=1180140"}],"version-history":[{"count":0,"href":"https:\/\/www.europesays.com\/de\/wp-json\/wp\/v2\/posts\/1180140\/revisions"}],"wp:featuredmedia":[{"embeddable":true,"href":"https:\/\/www.europesays.com\/de\/wp-json\/wp\/v2\/media\/1180141"}],"wp:attachment":[{"href":"https:\/\/www.europesays.com\/de\/wp-json\/wp\/v2\/media?parent=1180140"}],"wp:term":[{"taxonomy":"category","embeddable":true,"href":"https:\/\/www.europesays.com\/de\/wp-json\/wp\/v2\/categories?post=1180140"},{"taxonomy":"post_tag","embeddable":true,"href":"https:\/\/www.europesays.com\/de\/wp-json\/wp\/v2\/tags?post=1180140"}],"curies":[{"name":"wp","href":"https:\/\/api.w.org\/{rel}","templated":true}]}}