{"id":1180155,"date":"2026-07-20T12:49:16","date_gmt":"2026-07-20T12:49:16","guid":{"rendered":"https:\/\/www.europesays.com\/de\/1180155\/"},"modified":"2026-07-20T12:49:16","modified_gmt":"2026-07-20T12:49:16","slug":"k-pop-dance-neuer-kurs-fuer-jugendliche-in-neumuenster-startet","status":"publish","type":"post","link":"https:\/\/www.europesays.com\/de\/1180155\/","title":{"rendered":"K-Pop Dance: Neuer Kurs f\u00fcr Jugendliche in Neum\u00fcnster startet"},"content":{"rendered":"<p class=\"\">\n                    Neues Sportangebot beim Polizei-Sportverein Neum\u00fcnster: K-Pop Dance f\u00fcr Teens<\/p>\n<p>Der Polizei-Sportverein Neum\u00fcnster erweitert sein Angebot und startet nach den Sommerferien mit einem neuen Kurs f\u00fcr tanzbegeisterte Jugendliche.<\/p>\n<p>Ab Freitag, 21. August, findet w\u00f6chentlich von 16 bis 17 Uhr K-Pop Dance f\u00fcr Jugendliche im Alter von 13 bis 17 Jahren statt. Trainiert wird in der Sporthalle der Holstenschule Neum\u00fcnster, der Zugang erfolgt \u00fcber die Wittorfer Stra\u00dfe.<\/p>\n<p>K-Pop Dance verbindet mitrei\u00dfende Choreografien zu aktueller koreanischer Popmusik mit Spa\u00df an Bewegung, Rhythmus und Teamgeist. Der Kurs richtet sich sowohl an Anf\u00e4nger als auch an Jugendliche mit Tanzerfahrung, die ihre F\u00e4higkeiten weiterentwickeln und gemeinsam in der Gruppe tanzen m\u00f6chten.<\/p>\n<p>Interessierte k\u00f6nnen sich ab sofort anmelden oder weitere Informationen erhalten \u2013 gerne auch per WhatsApp \u2013 unter 0171 9367059 oder 01522 6412718.<\/p>\n<p>Der Polizei-Sportverein Neum\u00fcnster freut sich auf viele tanzbegeisterte Jugendliche und einen erfolgreichen Start des neuen Angebots.<\/p>\n<p>Dieser Text wurde erstellt von:<br \/>Astrid Drenguis<br \/>Polizei-Sportverein\n            <\/p>\n","protected":false},"excerpt":{"rendered":"Neues Sportangebot beim Polizei-Sportverein Neum\u00fcnster: K-Pop Dance f\u00fcr Teens Der Polizei-Sportverein Neum\u00fcnster erweitert sein Angebot und startet nach&hellip;\n","protected":false},"author":2,"featured_media":1180156,"comment_status":"","ping_status":"","sticky":false,"template":"","format":"standard","meta":{"footnotes":"","_share_on_mastodon":"0"},"categories":[1772],"tags":[29,214,8701,30,1722,1779,810,27499,215,3866],"class_list":["post-1180155","post","type-post","status-publish","format-standard","has-post-thumbnail","category-musik","tag-deutschland","tag-entertainment","tag-freizeitsport","tag-germany","tag-jugendliche","tag-music","tag-musik","tag-neumuenster","tag-unterhaltung","tag-veranstaltungen"],"share_on_mastodon":{"url":"https:\/\/pubeurope.com\/@de\/116952391393620254","error":""},"_links":{"self":[{"href":"https:\/\/www.europesays.com\/de\/wp-json\/wp\/v2\/posts\/1180155","targetHints":{"allow":["GET"]}}],"collection":[{"href":"https:\/\/www.europesays.com\/de\/wp-json\/wp\/v2\/posts"}],"about":[{"href":"https:\/\/www.europesays.com\/de\/wp-json\/wp\/v2\/types\/post"}],"author":[{"embeddable":true,"href":"https:\/\/www.europesays.com\/de\/wp-json\/wp\/v2\/users\/2"}],"replies":[{"embeddable":true,"href":"https:\/\/www.europesays.com\/de\/wp-json\/wp\/v2\/comments?post=1180155"}],"version-history":[{"count":0,"href":"https:\/\/www.europesays.com\/de\/wp-json\/wp\/v2\/posts\/1180155\/revisions"}],"wp:featuredmedia":[{"embeddable":true,"href":"https:\/\/www.europesays.com\/de\/wp-json\/wp\/v2\/media\/1180156"}],"wp:attachment":[{"href":"https:\/\/www.europesays.com\/de\/wp-json\/wp\/v2\/media?parent=1180155"}],"wp:term":[{"taxonomy":"category","embeddable":true,"href":"https:\/\/www.europesays.com\/de\/wp-json\/wp\/v2\/categories?post=1180155"},{"taxonomy":"post_tag","embeddable":true,"href":"https:\/\/www.europesays.com\/de\/wp-json\/wp\/v2\/tags?post=1180155"}],"curies":[{"name":"wp","href":"https:\/\/api.w.org\/{rel}","templated":true}]}}