{"id":1180483,"date":"2026-07-20T16:03:12","date_gmt":"2026-07-20T16:03:12","guid":{"rendered":"https:\/\/www.europesays.com\/de\/1180483\/"},"modified":"2026-07-20T16:03:12","modified_gmt":"2026-07-20T16:03:12","slug":"einbruch-in-juechen-dreister-diebstahl-erschuettert-die-feuerwehr","status":"publish","type":"post","link":"https:\/\/www.europesays.com\/de\/1180483\/","title":{"rendered":"Einbruch in J\u00fcchen: Dreister Diebstahl ersch\u00fcttert die Feuerwehr"},"content":{"rendered":"<p class=\"text_ohne_einzug richtext text-em-55 !leading-serif mx-6 desktop:mx-0\">Sie m\u00fcssen das Geb\u00e4ude an der Kelzenberger Stra\u00dfe genau ausgekundschaftet haben, um dann gezielt einen Einbruch zu begehen: Kriminelle haben sich mutma\u00dflich in der Nacht zu Samstag Zutritt zum Ger\u00e4tehaus der J\u00fcchener Feuerwehr verschafft, um einen dreisten Diebstahl zu begehen. Die Unbekannten haben nicht nur einen kompletten Tresor mit der Getr\u00e4nkekasse des L\u00f6schzugs gestohlen, sondern allerlei Equipment direkt aus den Einsatzfahrzeugen. Kettens\u00e4gen, Akkuschrauber, Trennschleifer, hydraulisches Rettungsger\u00e4t, sogar ein Hochleistungsl\u00fcfter: alles futsch.<\/p>\n","protected":false},"excerpt":{"rendered":"Sie m\u00fcssen das Geb\u00e4ude an der Kelzenberger Stra\u00dfe genau ausgekundschaftet haben, um dann gezielt einen Einbruch zu begehen:&hellip;\n","protected":false},"author":2,"featured_media":1180484,"comment_status":"","ping_status":"","sticky":false,"template":"","format":"standard","meta":{"footnotes":"","_share_on_mastodon":"0"},"categories":[1849],"tags":[3364,29,5592,548,663,3934,30,13,26920,4455,14,15,1209,12],"class_list":["post-1180483","post","type-post","status-publish","format-standard","has-post-thumbnail","category-moenchengladbach","tag-de","tag-deutschland","tag-einbrecher","tag-eu","tag-europa","tag-europe","tag-germany","tag-headlines","tag-juechen","tag-moenchengladbach","tag-nachrichten","tag-news","tag-nordrhein-westfalen","tag-schlagzeilen"],"share_on_mastodon":{"url":"https:\/\/pubeurope.com\/@de\/116953154060950119","error":""},"_links":{"self":[{"href":"https:\/\/www.europesays.com\/de\/wp-json\/wp\/v2\/posts\/1180483","targetHints":{"allow":["GET"]}}],"collection":[{"href":"https:\/\/www.europesays.com\/de\/wp-json\/wp\/v2\/posts"}],"about":[{"href":"https:\/\/www.europesays.com\/de\/wp-json\/wp\/v2\/types\/post"}],"author":[{"embeddable":true,"href":"https:\/\/www.europesays.com\/de\/wp-json\/wp\/v2\/users\/2"}],"replies":[{"embeddable":true,"href":"https:\/\/www.europesays.com\/de\/wp-json\/wp\/v2\/comments?post=1180483"}],"version-history":[{"count":0,"href":"https:\/\/www.europesays.com\/de\/wp-json\/wp\/v2\/posts\/1180483\/revisions"}],"wp:featuredmedia":[{"embeddable":true,"href":"https:\/\/www.europesays.com\/de\/wp-json\/wp\/v2\/media\/1180484"}],"wp:attachment":[{"href":"https:\/\/www.europesays.com\/de\/wp-json\/wp\/v2\/media?parent=1180483"}],"wp:term":[{"taxonomy":"category","embeddable":true,"href":"https:\/\/www.europesays.com\/de\/wp-json\/wp\/v2\/categories?post=1180483"},{"taxonomy":"post_tag","embeddable":true,"href":"https:\/\/www.europesays.com\/de\/wp-json\/wp\/v2\/tags?post=1180483"}],"curies":[{"name":"wp","href":"https:\/\/api.w.org\/{rel}","templated":true}]}}