{"id":1180505,"date":"2026-07-20T16:14:16","date_gmt":"2026-07-20T16:14:16","guid":{"rendered":"https:\/\/www.europesays.com\/de\/1180505\/"},"modified":"2026-07-20T16:14:16","modified_gmt":"2026-07-20T16:14:16","slug":"wuelfrath-geschichte-der-kalkstadt-bei-stadtfuehrung-erleben","status":"publish","type":"post","link":"https:\/\/www.europesays.com\/de\/1180505\/","title":{"rendered":"W\u00fclfrath: Geschichte der Kalkstadt bei Stadtf\u00fchrung erleben"},"content":{"rendered":"<p class=\"text_ohne_einzug richtext text-em-55 !leading-serif mx-6 desktop:mx-0\"> Manchmal gen\u00fcgt ein einziger Schritt \u00fcber das alte Kopfsteinpflaster, um Jahrhunderte zu \u00fcberqueren. W\u00fclfrath ist eine Stadt, die ihre Geschichte nicht nur hinter Museumsvitrinen pflegt. Sie lebt zwischen historischen Fassaden, auf vertrauten Pl\u00e4tzen und in den kleinen Details, an denen viele t\u00e4glich vorbeigehen, ohne ihre Bedeutung zu ahnen. Wer diese verborgenen Geschichten entdecken m\u00f6chte, ist am Samstag, 25. Juli, zur Stadtf\u00fchrung mit Peter Knof eingeladen.<\/p>\n<p>Welche Menschen haben W\u00fclfrath gepr\u00e4gt?      <\/p>\n<p class=\"richtext text-em-55 !leading-serif mx-6 desktop:mx-0\">Der Rundgang beginnt um 12 Uhr am Standbild \u201eWolf und Hirte\u201c vor der Kreissparkasse D\u00fcsseldorf an der Ecke Am Diek\/Goethestra\u00dfe und f\u00fchrt etwa anderthalb Stunden lang durch die historische Innenstadt. Mit Peter Knof \u00fcbernimmt ein Stadtf\u00fchrer die Leitung, der W\u00fclfrath seit vielen Jahren eng verbunden ist und dessen Begeisterung f\u00fcr die Geschichte der Kalkstadt ansteckend wirkt. Sein Blick richtet sich nicht allein auf Jahreszahlen und historische Fakten. Er erz\u00e4hlt von den Menschen, die W\u00fclfrath gepr\u00e4gt haben, von mutigen Entscheidungen, \u00fcberraschenden Wendungen und kleinen Begebenheiten, die den Charakter einer Stadt oft nachhaltiger formen als gro\u00dfe Ereignisse. So entsteht kein gew\u00f6hnlicher Rundgang, sondern eine lebendige Reise durch die Zeit.<\/p>\n<p>Von der Bedeutung des Kalkabbaus      <\/p>\n<p class=\"richtext text-em-55 !leading-serif mx-6 desktop:mx-0\">Gerade in einer Stadt wie W\u00fclfrath, deren Entwicklung seit Jahrhunderten eng mit dem Kalkstein verbunden ist, zeigt sich, wie eng Vergangenheit und Gegenwart miteinander verwoben sind. Aus dem einstigen Kalkabbau entwickelte sich eine Stadt, deren Geschichte bis heute an vielen Stellen sichtbar bleibt. Wer genau hinsieht, erkennt, dass nahezu jedes Geb\u00e4ude, jede Gasse und jeder Platz Teil einer gr\u00f6\u00dferen Erz\u00e4hlung ist, die bis in unsere Gegenwart reicht.<\/p>\n<p>Warum sich ein Blick auf die Geschichte lohnt      <\/p>\n<p class=\"richtext text-em-55 !leading-serif mx-6 desktop:mx-0\">W\u00e4hrend W\u00fclfrath heute mit vielf\u00e4ltigen Kulturveranstaltungen, Familienangeboten und einem lebendigen Stadtleben den Sommer gestaltet, lohnt sich der Blick zur\u00fcck. Denn erst die Geschichten vergangener Generationen lassen erkennen, warum die Stadt heute so ist, wie sie sich ihren G\u00e4sten und ihren B\u00fcrgern pr\u00e4sentiert. Peter Knof versteht es, historische Zusammenh\u00e4nge ebenso anschaulich wie unterhaltsam zu vermitteln. Mit feinem Gesp\u00fcr f\u00fcr Anekdoten, \u00fcberraschende Details und die kleinen Geschichten hinter den gro\u00dfen Entwicklungen entsteht ein Spaziergang, der gleicherma\u00dfen informiert, \u00fcberrascht und zum Schmunzeln einl\u00e4dt. Selbst langj\u00e4hrige W\u00fclfratherinnen und W\u00fclfrather erleben ihre Stadt dabei aus einer v\u00f6llig neuen Perspektive. Ob Alteingesessene, Neub\u00fcrger oder G\u00e4ste \u2013 diese F\u00fchrung l\u00e4dt dazu ein, W\u00fclfrath mit offenen Augen neu zu entdecken.<\/p>\n<p class=\"italic richtext text-em-55 !leading-serif mx-6 desktop:mx-0\">Die Teilnahme ist unkompliziert m\u00f6glich. Erwachsene zahlen einen Kostenbeitrag von f\u00fcnf Euro, Kinder nehmen kostenfrei teil. Eine Anmeldung ist nicht erforderlich.<\/p>\n","protected":false},"excerpt":{"rendered":"Manchmal gen\u00fcgt ein einziger Schritt \u00fcber das alte Kopfsteinpflaster, um Jahrhunderte zu \u00fcberqueren. W\u00fclfrath ist eine Stadt, die&hellip;\n","protected":false},"author":2,"featured_media":1180506,"comment_status":"","ping_status":"","sticky":false,"template":"","format":"standard","meta":{"footnotes":"","_share_on_mastodon":"0"},"categories":[1840],"tags":[3364,29,11500,3001,6750,50249,30,2989,120092,29015,246860,1209,7253,15154,19574,27167,90244,4418],"class_list":["post-1180505","post","type-post","status-publish","format-standard","has-post-thumbnail","category-wuppertal","tag-de","tag-deutschland","tag-ecke","tag-entdecken","tag-fuehrung","tag-gepraegt","tag-germany","tag-geschichte","tag-kalkabbau","tag-kalkstein","tag-knof","tag-nordrhein-westfalen","tag-peter","tag-stadtfuehrer","tag-stadtfuehrung","tag-wuelfrath","tag-wuelfratherinnen","tag-wuppertal"],"share_on_mastodon":{"url":"https:\/\/pubeurope.com\/@de\/116953197340307690","error":""},"_links":{"self":[{"href":"https:\/\/www.europesays.com\/de\/wp-json\/wp\/v2\/posts\/1180505","targetHints":{"allow":["GET"]}}],"collection":[{"href":"https:\/\/www.europesays.com\/de\/wp-json\/wp\/v2\/posts"}],"about":[{"href":"https:\/\/www.europesays.com\/de\/wp-json\/wp\/v2\/types\/post"}],"author":[{"embeddable":true,"href":"https:\/\/www.europesays.com\/de\/wp-json\/wp\/v2\/users\/2"}],"replies":[{"embeddable":true,"href":"https:\/\/www.europesays.com\/de\/wp-json\/wp\/v2\/comments?post=1180505"}],"version-history":[{"count":0,"href":"https:\/\/www.europesays.com\/de\/wp-json\/wp\/v2\/posts\/1180505\/revisions"}],"wp:featuredmedia":[{"embeddable":true,"href":"https:\/\/www.europesays.com\/de\/wp-json\/wp\/v2\/media\/1180506"}],"wp:attachment":[{"href":"https:\/\/www.europesays.com\/de\/wp-json\/wp\/v2\/media?parent=1180505"}],"wp:term":[{"taxonomy":"category","embeddable":true,"href":"https:\/\/www.europesays.com\/de\/wp-json\/wp\/v2\/categories?post=1180505"},{"taxonomy":"post_tag","embeddable":true,"href":"https:\/\/www.europesays.com\/de\/wp-json\/wp\/v2\/tags?post=1180505"}],"curies":[{"name":"wp","href":"https:\/\/api.w.org\/{rel}","templated":true}]}}